{"id":84883,"date":"2026-04-27T10:38:43","date_gmt":"2026-04-27T13:38:43","guid":{"rendered":"https:\/\/redept.com.br\/blogosfera\/genial-quaest-eduardo-paes-aparece-na-lideranca-em-tres-cenarios-na-disputa-pelo-governo-do-rj\/"},"modified":"2026-04-27T10:38:43","modified_gmt":"2026-04-27T13:38:43","slug":"genial-quaest-eduardo-paes-aparece-na-lideranca-em-tres-cenarios-na-disputa-pelo-governo-do-rj","status":"publish","type":"post","link":"https:\/\/redept.com.br\/blogosfera\/genial-quaest-eduardo-paes-aparece-na-lideranca-em-tres-cenarios-na-disputa-pelo-governo-do-rj\/","title":{"rendered":"Genial\/Quaest: Eduardo Paes aparece na lideran\u00e7a em tr\u00eas cen\u00e1rios na disputa pelo governo do RJ"},"content":{"rendered":"<p>A Genial\/Quaest divulgou nesta segunda-feira (27) sua pesquisa de inten\u00e7\u00f5es de votos para governo e Senado no Rio de Janeiro do m\u00eas de abril. Assim como mostrou a Paran\u00e1 Pesquisas, o cen\u00e1rio \u00e9 favor\u00e1vel ao ex-prefeito da capital fluminense Eduardo Paes, no entanto, ele n\u00e3o venceria no 1\u00ba turno. A pesquisa foi realizada entre os [\u2026]<\/p>\n<p><a href=\"https:\/\/www.brasildefato.com.br\/2026\/04\/27\/genialquaest-eduardo-paes-aparece-na-lideranca-em-tres-cenarios-na-disputa-pelo-governo-do-rj\/\" rel=\"nofollow\">Fonte<\/a><\/p>\n<!-- Begin Yuzo --><div class='yuzo_related_post style-1'  data-version='5.12.89'><!-- without result --><div class='yuzo_clearfixed yuzo__title yuzo__title'><h3>Related Post<\/h3><\/div>\n\t\t\t\t\t\t  <div class=\"relatedthumb \" style=\"width:125px;float:left;overflow:hidden;\">  \n\t\t\t\t\t\t\t  \n\t\t\t\t\t\t\t  <a  href=\"https:\/\/redept.com.br\/blogosfera\/bolsonarismo-centrao-e-pcc-tudo-junto-e-misturado\/\"  >\n\t\t\t\t\t\t\t\t\t  <div class=\"yuzo-img-wrap \" style=\"width: 125px;height:90px;\">\n\t\t\t\t\t\t\t\t\t\t\n\t\t\t\t\t\t\t\t\t\t<div class=\"yuzo-img\" style=\"background:url('https:\/\/redept.org\/blogosfera\/wp-content\/plugins\/yuzo-related-post\/assets\/images\/default.png') 50% 50% no-repeat;width: 125px;height:90px;margin-bottom: 5px;background-size: cover; \"><\/div>\n\t\t\t\t\t\t\t\t\t  <\/div>\n\t\t\t\t\t\t\t\t\t  \n\t\t\t\t\t\t\t\t   <span class=\"yuzo__text--title\" style=\"font-size:13px;\">Bolsonarismo, Centr\u00e3o e PCC, tudo junto e misturad...<\/span>\n\t\t\t\t\t\t\t  \n\t\t\t\t\t\t\t  \n\t\t\t\t\t\t\t  <\/a>\n\n\t\t\t\t\t\t  <\/div>\n\t\t\t\t\t\t  <div class=\"relatedthumb \" style=\"width:125px;float:left;overflow:hidden;\">  \n\t\t\t\t\t\t\t  \n\t\t\t\t\t\t\t  <a  href=\"https:\/\/redept.com.br\/blogosfera\/breve-nota-em-defesa-da-unicamp\/\"  >\n\t\t\t\t\t\t\t\t\t  <div class=\"yuzo-img-wrap \" style=\"width: 125px;height:90px;\">\n\t\t\t\t\t\t\t\t\t\t\n\t\t\t\t\t\t\t\t\t\t<div class=\"yuzo-img\" style=\"background:url('https:\/\/redept.com.br\/blogosfera\/wp-content\/uploads\/2025\/04\/4b4f8890eeb892de83e1928e17bcc6374582993d-150x150.png') 50% 50% no-repeat;width: 125px;height:90px;margin-bottom: 5px;background-size: cover; \"><\/div>\n\t\t\t\t\t\t\t\t\t  <\/div>\n\t\t\t\t\t\t\t\t\t  \n\t\t\t\t\t\t\t\t   <span class=\"yuzo__text--title\" style=\"font-size:13px;\">Breve nota em defesa da Unicamp<\/span>\n\t\t\t\t\t\t\t  \n\t\t\t\t\t\t\t  \n\t\t\t\t\t\t\t  <\/a>\n\n\t\t\t\t\t\t  <\/div>\n\t\t\t\t\t\t  <div class=\"relatedthumb \" style=\"width:125px;float:left;overflow:hidden;\">  \n\t\t\t\t\t\t\t  \n\t\t\t\t\t\t\t  <a  href=\"https:\/\/redept.com.br\/blogosfera\/governo-lula-prepara-plano-de-desenvolvimento-de-ferrovias\/\"  >\n\t\t\t\t\t\t\t\t\t  <div class=\"yuzo-img-wrap \" style=\"width: 125px;height:90px;\">\n\t\t\t\t\t\t\t\t\t\t\n\t\t\t\t\t\t\t\t\t\t<div class=\"yuzo-img\" style=\"background:url('https:\/\/redept.org\/blogosfera\/wp-content\/plugins\/yuzo-related-post\/assets\/images\/default.png') 50% 50% no-repeat;width: 125px;height:90px;margin-bottom: 5px;background-size: cover; \"><\/div>\n\t\t\t\t\t\t\t\t\t  <\/div>\n\t\t\t\t\t\t\t\t\t  \n\t\t\t\t\t\t\t\t   <span class=\"yuzo__text--title\" style=\"font-size:13px;\">Governo Lula prepara plano de desenvolvimento de f...<\/span>\n\t\t\t\t\t\t\t  \n\t\t\t\t\t\t\t  \n\t\t\t\t\t\t\t  <\/a>\n\n\t\t\t\t\t\t  <\/div>\n\t\t\t\t\t\t  <div class=\"relatedthumb \" style=\"width:125px;float:left;overflow:hidden;\">  \n\t\t\t\t\t\t\t  \n\t\t\t\t\t\t\t  <a  href=\"https:\/\/redept.com.br\/blogosfera\/palantir-o-braco-digital-do-fascismo-tardio\/\"  >\n\t\t\t\t\t\t\t\t\t  <div class=\"yuzo-img-wrap \" style=\"width: 125px;height:90px;\">\n\t\t\t\t\t\t\t\t\t\t\n\t\t\t\t\t\t\t\t\t\t<div class=\"yuzo-img\" style=\"background:url('https:\/\/redept.com.br\/blogosfera\/wp-content\/uploads\/2025\/08\/Sem-titulo-3-150x150.jpeg') 50% 50% no-repeat;width: 125px;height:90px;margin-bottom: 5px;background-size: cover; \"><\/div>\n\t\t\t\t\t\t\t\t\t  <\/div>\n\t\t\t\t\t\t\t\t\t  \n\t\t\t\t\t\t\t\t   <span class=\"yuzo__text--title\" style=\"font-size:13px;\">Palantir, o bra\u00e7o digital do fascismo tardio<\/span>\n\t\t\t\t\t\t\t  \n\t\t\t\t\t\t\t  \n\t\t\t\t\t\t\t  <\/a>\n\n\t\t\t\t\t\t  <\/div>\n<\/div> <script>\n\t\t\t\t\t\t  jQuery(document).ready(function( $ ){\n\t\t\t\t\t\t\t\/\/jQuery('.yuzo_related_post').equalizer({ overflow : 'relatedthumb' });\n\t\t\t\t\t\t\tjQuery('.yuzo_related_post .yuzo_wraps').equalizer({ columns : '> div' });\n\t\t\t\t\t\t   })\n\t\t\t\t\t\t  <\/script> <!-- End Yuzo :) -->","protected":false},"excerpt":{"rendered":"<p>A Genial\/Quaest divulgou nesta segunda-feira (27) sua pesquisa de inten\u00e7\u00f5es de votos para governo e Senado no Rio de Janeiro do m\u00eas de abril. Assim como mostrou a Paran\u00e1 Pesquisas, o cen\u00e1rio \u00e9 favor\u00e1vel ao ex-prefeito da capital fluminense Eduardo Paes, no entanto, ele n\u00e3o venceria no 1\u00ba turno. A pesquisa foi realizada entre os [&hellip;]<\/p>\n","protected":false},"author":2,"featured_media":0,"comment_status":"open","ping_status":"closed","sticky":false,"template":"","format":"standard","meta":{"fifu_image_url":"","fifu_image_alt":"","footnotes":""},"categories":[51614,20054,51615,51616,3003,51617,40870,892,51618,51619,51620,3049,39623,51621,20582,51622,51623,40352,46365,51624,132,41003,51625,18680,46664,51626,51627,51628,51629,41353],"tags":[],"class_list":["post-84883","post","type-post","status-publish","format-standard","hentry","category-antonio-garotinho","category-benedita-da-silva","category-candidatos-ao-governo-rj","category-cenario-eleitoral-rj","category-claudio-castro","category-corrida-senatorial-rj","category-douglas-ruas","category-eduardo-paes","category-eleicoes-2026-rj","category-eleicoes-rj","category-eleitores-indecisos","category-genial-quaest","category-governo-do-rio-de-janeiro","category-intencao-de-voto-rio","category-marcelo-crivella","category-paes-lideranca","category-pesquisa-de-opiniao-rj","category-pesquisa-eleitoral-2026","category-pesquisa-espontanea","category-pesquisa-estimulada","category-politica","category-politica-fluminense","category-problemas-do-rio-de-janeiro","category-quaest-pesquisa","category-rejeicao-eleitoral","category-segundo-turno-rj","category-senado-rj","category-violencia-no-rj","category-votos-rj","category-wilson-witzel"],"_links":{"self":[{"href":"https:\/\/redept.com.br\/blogosfera\/wp-json\/wp\/v2\/posts\/84883","targetHints":{"allow":["GET"]}}],"collection":[{"href":"https:\/\/redept.com.br\/blogosfera\/wp-json\/wp\/v2\/posts"}],"about":[{"href":"https:\/\/redept.com.br\/blogosfera\/wp-json\/wp\/v2\/types\/post"}],"author":[{"embeddable":true,"href":"https:\/\/redept.com.br\/blogosfera\/wp-json\/wp\/v2\/users\/2"}],"replies":[{"embeddable":true,"href":"https:\/\/redept.com.br\/blogosfera\/wp-json\/wp\/v2\/comments?post=84883"}],"version-history":[{"count":0,"href":"https:\/\/redept.com.br\/blogosfera\/wp-json\/wp\/v2\/posts\/84883\/revisions"}],"wp:attachment":[{"href":"https:\/\/redept.com.br\/blogosfera\/wp-json\/wp\/v2\/media?parent=84883"}],"wp:term":[{"taxonomy":"category","embeddable":true,"href":"https:\/\/redept.com.br\/blogosfera\/wp-json\/wp\/v2\/categories?post=84883"},{"taxonomy":"post_tag","embeddable":true,"href":"https:\/\/redept.com.br\/blogosfera\/wp-json\/wp\/v2\/tags?post=84883"}],"curies":[{"name":"wp","href":"https:\/\/api.w.org\/{rel}","templated":true}]}}