{"id":84907,"date":"2026-04-27T11:37:59","date_gmt":"2026-04-27T14:37:59","guid":{"rendered":"https:\/\/redept.com.br\/blogosfera\/em-reuniao-com-chanceler-do-ira-putin-diz-que-russia-fara-de-tudo-pela-paz-no-oriente-medio\/"},"modified":"2026-04-27T11:37:59","modified_gmt":"2026-04-27T14:37:59","slug":"em-reuniao-com-chanceler-do-ira-putin-diz-que-russia-fara-de-tudo-pela-paz-no-oriente-medio","status":"publish","type":"post","link":"https:\/\/redept.com.br\/blogosfera\/em-reuniao-com-chanceler-do-ira-putin-diz-que-russia-fara-de-tudo-pela-paz-no-oriente-medio\/","title":{"rendered":"Em reuni\u00e3o com chanceler do Ir\u00e3, Putin diz que R\u00fassia far\u00e1 de tudo pela paz no Oriente M\u00e9dio"},"content":{"rendered":"<p>O presidente russo, Vladimir Putin, se reuniu nesta segunda-feira (27) com o ministro das Rela\u00e7\u00f5es Exteriores iraniano, Abbas Araghchi, em S\u00e3o Petersburgo. O chanceler do Ir\u00e3 realiza uma visita oficial \u00e0 R\u00fassia ap\u00f3s o in\u00edcio de uma s\u00e9rie de viagens que incluiu Paquist\u00e3o e Om\u00e3 durante o fim de semana. A visita do ministro das [\u2026]<\/p>\n<p><a href=\"https:\/\/www.brasildefato.com.br\/2026\/04\/27\/em-reuniao-com-chanceler-do-ira-putin-diz-que-russia-fara-de-tudo-pela-paz-no-oriente-medio\/\" rel=\"nofollow\">Fonte<\/a><\/p>\n<!-- Begin Yuzo --><div class='yuzo_related_post style-1'  data-version='5.12.89'><!-- without result --><div class='yuzo_clearfixed yuzo__title yuzo__title'><h3>Related Post<\/h3><\/div>\n\t\t\t\t\t\t  <div class=\"relatedthumb \" style=\"width:125px;float:left;overflow:hidden;\">  \n\t\t\t\t\t\t\t  \n\t\t\t\t\t\t\t  <a  href=\"https:\/\/sul21.com.br\/noticias\/economia\/2025\/09\/governo-abre-credito-extra-de-r-30-bilhoes-para-plano-brasil-soberano\/\"  >\n\t\t\t\t\t\t\t\t\t  <div class=\"yuzo-img-wrap \" style=\"width: 125px;height:90px;\">\n\t\t\t\t\t\t\t\t\t\t\n\t\t\t\t\t\t\t\t\t\t<div class=\"yuzo-img\" style=\"background:url('https:\/\/agenciabrasil.ebc.com.br\/ebc.png?id=1656807&amp;o=node') 50% 50% no-repeat;width: 125px;height:90px;margin-bottom: 5px;background-size: cover; \"><\/div>\n\t\t\t\t\t\t\t\t\t  <\/div>\n\t\t\t\t\t\t\t\t\t  \n\t\t\t\t\t\t\t\t   <span class=\"yuzo__text--title\" style=\"font-size:13px;\">Governo abre cr\u00e9dito extra de R$ 30 bilh\u00f5es para P...<\/span>\n\t\t\t\t\t\t\t  \n\t\t\t\t\t\t\t  \n\t\t\t\t\t\t\t  <\/a>\n\n\t\t\t\t\t\t  <\/div>\n\t\t\t\t\t\t  <div class=\"relatedthumb \" style=\"width:125px;float:left;overflow:hidden;\">  \n\t\t\t\t\t\t\t  \n\t\t\t\t\t\t\t  <a  href=\"https:\/\/redept.com.br\/blogosfera\/desmatamento-na-amazonia-despenca-64-em-fevereiro-menor-indice-da-historia\/\"  >\n\t\t\t\t\t\t\t\t\t  <div class=\"yuzo-img-wrap \" style=\"width: 125px;height:90px;\">\n\t\t\t\t\t\t\t\t\t\t\n\t\t\t\t\t\t\t\t\t\t<div class=\"yuzo-img\" style=\"background:url('https:\/\/redept.org\/blogosfera\/wp-content\/plugins\/yuzo-related-post\/assets\/images\/default.png') 50% 50% no-repeat;width: 125px;height:90px;margin-bottom: 5px;background-size: cover; \"><\/div>\n\t\t\t\t\t\t\t\t\t  <\/div>\n\t\t\t\t\t\t\t\t\t  \n\t\t\t\t\t\t\t\t   <span class=\"yuzo__text--title\" style=\"font-size:13px;\">Desmatamento na Amaz\u00f4nia despenca 64% em fevereiro...<\/span>\n\t\t\t\t\t\t\t  \n\t\t\t\t\t\t\t  \n\t\t\t\t\t\t\t  <\/a>\n\n\t\t\t\t\t\t  <\/div>\n\t\t\t\t\t\t  <div class=\"relatedthumb \" style=\"width:125px;float:left;overflow:hidden;\">  \n\t\t\t\t\t\t\t  \n\t\t\t\t\t\t\t  <a  href=\"https:\/\/redept.com.br\/blogosfera\/ataque-dos-eua-a-venezuela-mata-32-militares-cubanos\/\"  >\n\t\t\t\t\t\t\t\t\t  <div class=\"yuzo-img-wrap \" style=\"width: 125px;height:90px;\">\n\t\t\t\t\t\t\t\t\t\t\n\t\t\t\t\t\t\t\t\t\t<div class=\"yuzo-img\" style=\"background:url('https:\/\/redept.org\/blogosfera\/wp-content\/plugins\/yuzo-related-post\/assets\/images\/default.png') 50% 50% no-repeat;width: 125px;height:90px;margin-bottom: 5px;background-size: cover; \"><\/div>\n\t\t\t\t\t\t\t\t\t  <\/div>\n\t\t\t\t\t\t\t\t\t  \n\t\t\t\t\t\t\t\t   <span class=\"yuzo__text--title\" style=\"font-size:13px;\">Ataque dos EUA a Venezuela mata 32 militares cuban...<\/span>\n\t\t\t\t\t\t\t  \n\t\t\t\t\t\t\t  \n\t\t\t\t\t\t\t  <\/a>\n\n\t\t\t\t\t\t  <\/div>\n\t\t\t\t\t\t  <div class=\"relatedthumb \" style=\"width:125px;float:left;overflow:hidden;\">  \n\t\t\t\t\t\t\t  \n\t\t\t\t\t\t\t  <a  href=\"https:\/\/redept.com.br\/blogosfera\/instituto-negralinda-oferece-520-vagas-gratuitas-de-qualificacao-para-mulheres-do-litoral-sul-de-pernambuco\/\"  >\n\t\t\t\t\t\t\t\t\t  <div class=\"yuzo-img-wrap \" style=\"width: 125px;height:90px;\">\n\t\t\t\t\t\t\t\t\t\t\n\t\t\t\t\t\t\t\t\t\t<div class=\"yuzo-img\" style=\"background:url('https:\/\/redept.org\/blogosfera\/wp-content\/plugins\/yuzo-related-post\/assets\/images\/default.png') 50% 50% no-repeat;width: 125px;height:90px;margin-bottom: 5px;background-size: cover; \"><\/div>\n\t\t\t\t\t\t\t\t\t  <\/div>\n\t\t\t\t\t\t\t\t\t  \n\t\t\t\t\t\t\t\t   <span class=\"yuzo__text--title\" style=\"font-size:13px;\">Instituto Negralinda oferece 520 vagas gratuitas d...<\/span>\n\t\t\t\t\t\t\t  \n\t\t\t\t\t\t\t  \n\t\t\t\t\t\t\t  <\/a>\n\n\t\t\t\t\t\t  <\/div>\n<\/div> <script>\n\t\t\t\t\t\t  jQuery(document).ready(function( $ ){\n\t\t\t\t\t\t\t\/\/jQuery('.yuzo_related_post').equalizer({ overflow : 'relatedthumb' });\n\t\t\t\t\t\t\tjQuery('.yuzo_related_post .yuzo_wraps').equalizer({ columns : '> div' });\n\t\t\t\t\t\t   })\n\t\t\t\t\t\t  <\/script> <!-- End Yuzo :) -->","protected":false},"excerpt":{"rendered":"<p>O presidente russo, Vladimir Putin, se reuniu nesta segunda-feira (27) com o ministro das Rela\u00e7\u00f5es Exteriores iraniano, Abbas Araghchi, em S\u00e3o Petersburgo. O chanceler do Ir\u00e3 realiza uma visita oficial \u00e0 R\u00fassia ap\u00f3s o in\u00edcio de uma s\u00e9rie de viagens que incluiu Paquist\u00e3o e Om\u00e3 durante o fim de semana. A visita do ministro das [&hellip;]<\/p>\n","protected":false},"author":2,"featured_media":0,"comment_status":"open","ping_status":"closed","sticky":false,"template":"","format":"standard","meta":{"fifu_image_url":"","fifu_image_alt":"","footnotes":""},"categories":[8298,51676,51677,37312,51678,2000,21932,1023,51679,9,37604,51680,50,41,51681,25,519,51682,48026,51683,6993,238,5534,2124,42,51684,43,5293,32573,51685,1422,13988],"tags":[],"class_list":["post-84907","post","type-post","status-publish","format-standard","hentry","category-abbas-araghchi","category-aiatola-mojtaba-khamenei","category-aliado-diplomatico-russia","category-ataques-eua-israel-ira","category-bloqueio-naval-ormuz","category-cessar-fogo","category-conflito-oriente-medio","category-donald-trump","category-enviados-eua","category-eua","category-guerra-eua-israel","category-hostilidades-regiao","category-internacional","category-ira","category-islambad","category-israel","category-libano","category-ministro-relacoes-exteriores-ira","category-negociacoes-diretas","category-negociacoes-paz","category-oma","category-oriente-medio","category-paquistao","category-paz","category-putin","category-relacoes-estrategicas-russia-ira","category-russia","category-sao-petersburgo","category-serguei-lavrov","category-soberania-ira","category-vladimir-putin","category-washington"],"_links":{"self":[{"href":"https:\/\/redept.com.br\/blogosfera\/wp-json\/wp\/v2\/posts\/84907","targetHints":{"allow":["GET"]}}],"collection":[{"href":"https:\/\/redept.com.br\/blogosfera\/wp-json\/wp\/v2\/posts"}],"about":[{"href":"https:\/\/redept.com.br\/blogosfera\/wp-json\/wp\/v2\/types\/post"}],"author":[{"embeddable":true,"href":"https:\/\/redept.com.br\/blogosfera\/wp-json\/wp\/v2\/users\/2"}],"replies":[{"embeddable":true,"href":"https:\/\/redept.com.br\/blogosfera\/wp-json\/wp\/v2\/comments?post=84907"}],"version-history":[{"count":0,"href":"https:\/\/redept.com.br\/blogosfera\/wp-json\/wp\/v2\/posts\/84907\/revisions"}],"wp:attachment":[{"href":"https:\/\/redept.com.br\/blogosfera\/wp-json\/wp\/v2\/media?parent=84907"}],"wp:term":[{"taxonomy":"category","embeddable":true,"href":"https:\/\/redept.com.br\/blogosfera\/wp-json\/wp\/v2\/categories?post=84907"},{"taxonomy":"post_tag","embeddable":true,"href":"https:\/\/redept.com.br\/blogosfera\/wp-json\/wp\/v2\/tags?post=84907"}],"curies":[{"name":"wp","href":"https:\/\/api.w.org\/{rel}","templated":true}]}}