{"id":84908,"date":"2026-04-27T12:00:13","date_gmt":"2026-04-27T15:00:13","guid":{"rendered":"https:\/\/redept.com.br\/blogosfera\/truculencia-e-ilegalidade-a-pm-do-tocantins-a-servico-do-latifundio-na-terra-da-uniao\/"},"modified":"2026-04-27T12:00:13","modified_gmt":"2026-04-27T15:00:13","slug":"truculencia-e-ilegalidade-a-pm-do-tocantins-a-servico-do-latifundio-na-terra-da-uniao","status":"publish","type":"post","link":"https:\/\/redept.com.br\/blogosfera\/truculencia-e-ilegalidade-a-pm-do-tocantins-a-servico-do-latifundio-na-terra-da-uniao\/","title":{"rendered":"Trucul\u00eancia e ilegalidade: a PM do Tocantins a servi\u00e7o do latif\u00fandio na terra da Uni\u00e3o"},"content":{"rendered":"<figure><img fetchpriority=\"high\" fetchpriority=\"high\" decoding=\"async\" width=\"1024\" height=\"770\"src=\"https:\/\/redept.com.br\/blogosfera\/wp-content\/uploads\/2026\/04\/Ocupacao-Terra-Publica-da-Uniao-lote-15-p-PARTE-DAS-Familias-Acampamento-Irmao-Dorothy-03-1.jpeg\" alt=\"\" srcset=\"https:\/\/mst.org.br\/wp-content\/uploads\/2026\/04\/Ocupacao-Terra-Publica-da-Uniao-lote-15-p-PARTE-DAS-Familias-Acampamento-Irmao-Dorothy-03-1-1024x770.jpeg 1024w, https:\/\/mst.org.br\/wp-content\/uploads\/2026\/04\/Ocupacao-Terra-Publica-da-Uniao-lote-15-p-PARTE-DAS-Familias-Acampamento-Irmao-Dorothy-03-1-300x226.jpeg 300w, https:\/\/mst.org.br\/wp-content\/uploads\/2026\/04\/Ocupacao-Terra-Publica-da-Uniao-lote-15-p-PARTE-DAS-Familias-Acampamento-Irmao-Dorothy-03-1-768x578.jpeg 768w, https:\/\/redept.com.br\/blogosfera\/wp-content\/uploads\/2026\/04\/Ocupacao-Terra-Publica-da-Uniao-lote-15-p-PARTE-DAS-Familias-Acampamento-Irmao-Dorothy-03-1.jpeg 1280w\" sizes=\"(max-width: 1024px) 100vw, 1024px\"><figcaption><em>PA Irm\u00e3 Dorothy. Foto: Comunica\u00e7\u00e3o do MST no Tocantins<\/em><\/figcaption><\/figure>\n<p><em>Por Comunica\u00e7\u00e3o do MST no Tocantins<\/em><br \/><em>Da P\u00e1gina do MST<\/em><\/p>\n<p>O cen\u00e1rio de conflitos agr\u00e1rios no Bico do Papagaio atingiu um novo patamar de gravidade nesta tarde, ignorando a vig\u00eancia da Portaria n\u00ba 1.684, de 13 de mar\u00e7o de 2026, que cria formalmente o Projeto de Assentamento Lote 15P em terras p\u00fablicas da Uni\u00e3o. A Pol\u00edcia Militar do Estado do Tocantins agiu como for\u00e7a privada para proteger interesses de latifundi\u00e1rios locais, em uma opera\u00e7\u00e3o marcada pela trucul\u00eancia. Sem qualquer decis\u00e3o judicial, oito policiais sem identifica\u00e7\u00e3o, distribu\u00eddos em quatro viaturas, invadiram a \u00e1rea por volta das 15h para realizar um despejo for\u00e7ado e ilegal contra fam\u00edlias que exerciam o direito leg\u00edtimo de pressionar o Estado pela efetiva\u00e7\u00e3o de seus direitos.<\/p>\n<p>As fam\u00edlias ocupavam a terra da Uni\u00e3o desde o dia 14 de abril, em uma a\u00e7\u00e3o planejada para exigir a imediata destina\u00e7\u00e3o do im\u00f3vel e a inscri\u00e7\u00e3o das fam\u00edlias para serem assentadas, conforme j\u00e1 previsto na norma federal. Al\u00e9m da reivindica\u00e7\u00e3o pelo ch\u00e3o, a ocupa\u00e7\u00e3o do acampamento Irm\u00e3 Dorothy servia como uma den\u00fancia viva contra a especula\u00e7\u00e3o imobili\u00e1ria e a grilagem de terras p\u00fablicas na regi\u00e3o, pr\u00e1ticas que mant\u00eam o territ\u00f3rio sob o dom\u00ednio de poucos enquanto a Reforma Agr\u00e1ria permanece paralisada no papel. No entanto, a resposta das for\u00e7as de seguran\u00e7a estadual ao exerc\u00edcio desse direito constitucional foi a viol\u00eancia f\u00edsica e a viola\u00e7\u00e3o de garantias fundamentais.<\/p>\n<p>A a\u00e7\u00e3o policial degenerou para pr\u00e1ticas de tortura e tratamento degradante, segundo relatos das fam\u00edlias acampadas. Os homens foram imobilizados e for\u00e7ados a sentar sobre as pr\u00f3prias m\u00e3os, enquanto sofriam agress\u00f5es f\u00edsicas, como tapas, al\u00e9m de violentas ofensas verbais. Em um desvio de finalidade absoluto, os policiais tomaram documentos de identidade dos trabalhadores e realizaram fotografias sem consentimento, utilizando-se de m\u00e9todos de intimida\u00e7\u00e3o. O conluio entre o bra\u00e7o armado do Estado e o poder econ\u00f4mico local ficou evidenciado pela presen\u00e7a do fazendeiro e de seus trabalhadores agindo como \u201ccapangas\u201d durante toda a opera\u00e7\u00e3o arbitr\u00e1ria.<\/p>\n<p>Relatos indicam que os documentos subtra\u00eddos foram colocados dentro do ve\u00edculo do fazendeiro e que as fam\u00edlias foram retiradas da \u00e1rea em uma caminhonete pertencente ao latifundi\u00e1rio, sendo despejadas fora dos limites da terra p\u00fablica. Sob gritos e amea\u00e7as, as pessoas foram impedidas de recolher seus pertences pessoais e ferramentas de trabalho, o que resultou em les\u00f5es corporais e danos materiais severos. Este epis\u00f3dio \u00e9 um ataque direto \u00e0 soberania da Uni\u00e3o, uma vez que o Lote 15P (Loteamento Praia Chata 1\u00aa Parte), com seus 986,1878 hectares, j\u00e1 foi declarado de interesse social e possui destina\u00e7\u00e3o espec\u00edfica para o assentamento de 43 fam\u00edlias, conforme o c\u00f3digo SIPRA TO0487000.<\/p>\n<p>Diante do absurdo jur\u00eddico e da barb\u00e1rie f\u00edsica cometida, \u00e9 urgente a interven\u00e7\u00e3o do Minist\u00e9rio P\u00fablico Federal e da Ouvidoria Agr\u00e1ria Nacional. A Pol\u00edcia Militar do Tocantins n\u00e3o pode continuar operando como mil\u00edcia rural a servi\u00e7o do agroneg\u00f3cio, ignorando portarias federais e praticando tortura contra trabalhadores que buscam apenas a efetiva\u00e7\u00e3o de um direito j\u00e1 reconhecido pelo Estado. A resist\u00eancia do acampamento Irm\u00e3 Dorothy, que carrega o nome de uma m\u00e1rtir da defesa da terra, n\u00e3o ser\u00e1 silenciada por t\u00e1ticas ilegais de quem deveria garantir a lei, mas escolhe servir ao latif\u00fandio e \u00e0 grilagem.<\/p>\n<p><em>*Editado por Fernanda Alc\u00e2ntara<\/em><\/p>\n<\/p>\n<p>O post <a href=\"https:\/\/mst.org.br\/2026\/04\/27\/truculencia-e-ilegalidade-a-pm-do-tocantins-a-servico-do-latifundio-na-terra-da-uniao\/\">Trucul\u00eancia e ilegalidade: a PM do Tocantins a servi\u00e7o do latif\u00fandio na terra da Uni\u00e3o<\/a> apareceu primeiro em <a href=\"https:\/\/mst.org.br\/\">MST<\/a>.<\/p>\n<!-- Begin Yuzo --><div class='yuzo_related_post style-1'  data-version='5.12.89'><!-- without result --><div class='yuzo_clearfixed yuzo__title yuzo__title'><h3>Related Post<\/h3><\/div>\n\t\t\t\t\t\t  <div class=\"relatedthumb \" style=\"width:125px;float:left;overflow:hidden;\">  \n\t\t\t\t\t\t\t  \n\t\t\t\t\t\t\t  <a  href=\"https:\/\/redept.com.br\/blogosfera\/deputado-propoe-lei-para-proibir-selecao-com-camisa-vermelha\/\"  >\n\t\t\t\t\t\t\t\t\t  <div class=\"yuzo-img-wrap \" style=\"width: 125px;height:90px;\">\n\t\t\t\t\t\t\t\t\t\t\n\t\t\t\t\t\t\t\t\t\t<div class=\"yuzo-img\" style=\"background:url('https:\/\/redept.org\/blogosfera\/wp-content\/plugins\/yuzo-related-post\/assets\/images\/default.png') 50% 50% no-repeat;width: 125px;height:90px;margin-bottom: 5px;background-size: cover; \"><\/div>\n\t\t\t\t\t\t\t\t\t  <\/div>\n\t\t\t\t\t\t\t\t\t  \n\t\t\t\t\t\t\t\t   <span class=\"yuzo__text--title\" style=\"font-size:13px;\">Deputado prop\u00f5e lei para proibir Sele\u00e7\u00e3o com camis...<\/span>\n\t\t\t\t\t\t\t  \n\t\t\t\t\t\t\t  \n\t\t\t\t\t\t\t  <\/a>\n\n\t\t\t\t\t\t  <\/div>\n\t\t\t\t\t\t  <div class=\"relatedthumb \" style=\"width:125px;float:left;overflow:hidden;\">  \n\t\t\t\t\t\t\t  \n\t\t\t\t\t\t\t  <a  href=\"https:\/\/redept.com.br\/blogosfera\/prefeito-de-nova-york-assina-ordem-que-impede-ice-de-entrar-em-predios-publicos-sem-mandado\/\"  >\n\t\t\t\t\t\t\t\t\t  <div class=\"yuzo-img-wrap \" style=\"width: 125px;height:90px;\">\n\t\t\t\t\t\t\t\t\t\t\n\t\t\t\t\t\t\t\t\t\t<div class=\"yuzo-img\" style=\"background:url('https:\/\/redept.org\/blogosfera\/wp-content\/plugins\/yuzo-related-post\/assets\/images\/default.png') 50% 50% no-repeat;width: 125px;height:90px;margin-bottom: 5px;background-size: cover; \"><\/div>\n\t\t\t\t\t\t\t\t\t  <\/div>\n\t\t\t\t\t\t\t\t\t  \n\t\t\t\t\t\t\t\t   <span class=\"yuzo__text--title\" style=\"font-size:13px;\">Prefeito de Nova York assina ordem que impede ICE ...<\/span>\n\t\t\t\t\t\t\t  \n\t\t\t\t\t\t\t  \n\t\t\t\t\t\t\t  <\/a>\n\n\t\t\t\t\t\t  <\/div>\n\t\t\t\t\t\t  <div class=\"relatedthumb \" style=\"width:125px;float:left;overflow:hidden;\">  \n\t\t\t\t\t\t\t  \n\t\t\t\t\t\t\t  <a  href=\"https:\/\/redept.com.br\/blogosfera\/agu-aciona-pf-e-pgr-contra-deputado-bolsonarista-que-pede-morte-de-lula\/\"  >\n\t\t\t\t\t\t\t\t\t  <div class=\"yuzo-img-wrap \" style=\"width: 125px;height:90px;\">\n\t\t\t\t\t\t\t\t\t\t\n\t\t\t\t\t\t\t\t\t\t<div class=\"yuzo-img\" style=\"background:url('https:\/\/redept.com.br\/blogosfera\/wp-content\/uploads\/2025\/04\/Gilvan-da-Federal-150x150.jpg') 50% 50% no-repeat;width: 125px;height:90px;margin-bottom: 5px;background-size: cover; \"><\/div>\n\t\t\t\t\t\t\t\t\t  <\/div>\n\t\t\t\t\t\t\t\t\t  \n\t\t\t\t\t\t\t\t   <span class=\"yuzo__text--title\" style=\"font-size:13px;\">AGU aciona PF e PGR contra deputado bolsonarista q...<\/span>\n\t\t\t\t\t\t\t  \n\t\t\t\t\t\t\t  \n\t\t\t\t\t\t\t  <\/a>\n\n\t\t\t\t\t\t  <\/div>\n\t\t\t\t\t\t  <div class=\"relatedthumb \" style=\"width:125px;float:left;overflow:hidden;\">  \n\t\t\t\t\t\t\t  \n\t\t\t\t\t\t\t  <a  href=\"https:\/\/redept.com.br\/blogosfera\/cinema-um-pesadelo-terapeutico\/\"  >\n\t\t\t\t\t\t\t\t\t  <div class=\"yuzo-img-wrap \" style=\"width: 125px;height:90px;\">\n\t\t\t\t\t\t\t\t\t\t\n\t\t\t\t\t\t\t\t\t\t<div class=\"yuzo-img\" style=\"background:url('https:\/\/redept.com.br\/blogosfera\/wp-content\/uploads\/2025\/06\/Predio-Vazio-150x150.jpg') 50% 50% no-repeat;width: 125px;height:90px;margin-bottom: 5px;background-size: cover; \"><\/div>\n\t\t\t\t\t\t\t\t\t  <\/div>\n\t\t\t\t\t\t\t\t\t  \n\t\t\t\t\t\t\t\t   <span class=\"yuzo__text--title\" style=\"font-size:13px;\">Cinema: Um pesadelo terap\u00eautico<\/span>\n\t\t\t\t\t\t\t  \n\t\t\t\t\t\t\t  \n\t\t\t\t\t\t\t  <\/a>\n\n\t\t\t\t\t\t  <\/div>\n<\/div> <script>\n\t\t\t\t\t\t  jQuery(document).ready(function( $ ){\n\t\t\t\t\t\t\t\/\/jQuery('.yuzo_related_post').equalizer({ overflow : 'relatedthumb' });\n\t\t\t\t\t\t\tjQuery('.yuzo_related_post .yuzo_wraps').equalizer({ columns : '> div' });\n\t\t\t\t\t\t   })\n\t\t\t\t\t\t  <\/script> <!-- End Yuzo :) -->","protected":false},"excerpt":{"rendered":"<p>PA Irm\u00e3 Dorothy. Foto: Comunica\u00e7\u00e3o do MST no Tocantins Por Comunica\u00e7\u00e3o do MST no TocantinsDa P\u00e1gina do MST O cen\u00e1rio de conflitos agr\u00e1rios no Bico do Papagaio atingiu um novo patamar de gravidade nesta tarde, ignorando a vig\u00eancia da Portaria n\u00ba 1.684, de 13 de mar\u00e7o de 2026, que cria formalmente o Projeto de Assentamento [&hellip;]<\/p>\n","protected":false},"author":2,"featured_media":0,"comment_status":"open","ping_status":"closed","sticky":false,"template":"","format":"standard","meta":{"fifu_image_url":"","fifu_image_alt":"","footnotes":""},"categories":[2964,191,950],"tags":[],"class_list":["post-84908","post","type-post","status-publish","format-standard","hentry","category-despejo-ilegal","category-noticias","category-tocantins"],"_links":{"self":[{"href":"https:\/\/redept.com.br\/blogosfera\/wp-json\/wp\/v2\/posts\/84908","targetHints":{"allow":["GET"]}}],"collection":[{"href":"https:\/\/redept.com.br\/blogosfera\/wp-json\/wp\/v2\/posts"}],"about":[{"href":"https:\/\/redept.com.br\/blogosfera\/wp-json\/wp\/v2\/types\/post"}],"author":[{"embeddable":true,"href":"https:\/\/redept.com.br\/blogosfera\/wp-json\/wp\/v2\/users\/2"}],"replies":[{"embeddable":true,"href":"https:\/\/redept.com.br\/blogosfera\/wp-json\/wp\/v2\/comments?post=84908"}],"version-history":[{"count":0,"href":"https:\/\/redept.com.br\/blogosfera\/wp-json\/wp\/v2\/posts\/84908\/revisions"}],"wp:attachment":[{"href":"https:\/\/redept.com.br\/blogosfera\/wp-json\/wp\/v2\/media?parent=84908"}],"wp:term":[{"taxonomy":"category","embeddable":true,"href":"https:\/\/redept.com.br\/blogosfera\/wp-json\/wp\/v2\/categories?post=84908"},{"taxonomy":"post_tag","embeddable":true,"href":"https:\/\/redept.com.br\/blogosfera\/wp-json\/wp\/v2\/tags?post=84908"}],"curies":[{"name":"wp","href":"https:\/\/api.w.org\/{rel}","templated":true}]}}