{"id":84911,"date":"2026-04-27T12:34:56","date_gmt":"2026-04-27T15:34:56","guid":{"rendered":"https:\/\/redept.com.br\/blogosfera\/mineradoras-alvos-de-acoes-e-multas-ambientais-receberam-r-90-mi-em-isencoes-fiscais\/"},"modified":"2026-04-27T12:34:56","modified_gmt":"2026-04-27T15:34:56","slug":"mineradoras-alvos-de-acoes-e-multas-ambientais-receberam-r-90-mi-em-isencoes-fiscais","status":"publish","type":"post","link":"https:\/\/redept.com.br\/blogosfera\/mineradoras-alvos-de-acoes-e-multas-ambientais-receberam-r-90-mi-em-isencoes-fiscais\/","title":{"rendered":"Mineradoras alvos de a\u00e7\u00f5es e multas ambientais receberam R$ 90 mi em isen\u00e7\u00f5es fiscais"},"content":{"rendered":"<p><strong>MINERADORAS DE OURO<\/strong> com hist\u00f3rico recente de infra\u00e7\u00f5es ambientais, implicadas por \u00f3rg\u00e3os de controle em irregularidades e em conflito com comunidades obtiveram R$ 90,1 milh\u00f5es em isen\u00e7\u00f5es de impostos federais entre 2024 e 2025, mostra levantamento exclusivo da <strong>Rep\u00f3rter Brasil<\/strong>.<\/p>\n<p>Em Cuiab\u00e1, capital do Mato Grosso, a Minera\u00e7\u00e3o Aric\u00e1 obteve isen\u00e7\u00f5es fiscais mesmo ap\u00f3s um embargo (interdi\u00e7\u00e3o) registrado pelo Ibama (Instituto Brasileiro do Meio Ambiente e dos Recursos Renov\u00e1veis) no \u00e2mbito de uma opera\u00e7\u00e3o da Pol\u00edcia Federal que investiga o uso ilegal de merc\u00fario. <\/p>\n<p>Outra companhia com embargo ativo aplicado pelo \u00f3rg\u00e3o ambiental \u00e9 a Minera\u00e7\u00e3o Aurizona S.A., que recebeu os benef\u00edcios depois de a empresa deixar 4 mil pessoas sem acesso \u00e0 \u00e1gua pot\u00e1vel em decorr\u00eancia do rompimento de uma lagoa usada como barragem de minera\u00e7\u00e3o, em mar\u00e7o de 2021, no munic\u00edpio maranhense de Godofredo Viana. <\/p>\n<p>J\u00e1 a Aura Almas Minera\u00e7\u00e3o S.A., que opera em Almas, no Tocantins, ignorou a exist\u00eancia de comunidades quilombolas em seu projeto de licenciamento ambiental, segundo a\u00e7\u00e3o movida pela Defensoria P\u00fablica do Estado.\u00a0<\/p>\n<div data-elementor-type=\"section\" data-elementor-id=\"77670\" data-elementor-post-type=\"elementor_library\">\n<div data-id=\"17a659f\" data-element_type=\"container\" data-e-type=\"container\" data-settings='{\"background_background\":\"classic\"}'>\n<div>\n<div data-id=\"386385d\" data-element_type=\"widget\" data-e-type=\"widget\" data-widget_type=\"heading.default\">\n<div>\n<h2>ASSINE NOSSA NEWSLETTER<\/h2>\n<\/p><\/div>\n<\/p><\/div>\n<div data-id=\"6546917\" data-element_type=\"widget\" data-e-type=\"widget\" data-widget_type=\"html.default\">\n<div>\n\t\t\t\t\t\t\t\t\t<\/div>\n<\/p><\/div>\n<div data-id=\"8c2e333\" data-element_type=\"widget\" data-e-type=\"widget\" data-settings='{\"button_width\":\"20\",\"step_next_label\":\"Next\",\"step_previous_label\":\"Previous\",\"button_width_mobile\":\"20\",\"step_type\":\"number_text\",\"step_icon_shape\":\"circle\"}' data-widget_type=\"form.default\">\n<div>\n<div>\n<div>\n\t\t\t\t\t\t\t\t\t\t\t\t<label for=\"form-field-email\"><br \/>\n\t\t\t\t\t\t\t\tEmail\t\t\t\t\t\t\t<\/label><\/p><\/div>\n<div>\n\t\t\t\t\t<button type=\"submit\"><br \/>\n\t\t\t\t\t\t<span><br \/>\n\t\t\t\t\t\t\t\t\t\t\t\t\t\t\t<span><br \/>\n\t\t\t\t\t\t\t\t\t<i aria-hidden=\"true\"><\/i>\t\t\t\t\t\t\t\t\t\t\t\t\t\t\t\t\t\t\t<span>Submit<\/span><br \/>\n\t\t\t\t\t\t\t\t\t\t\t\t\t\t\t\t\t<\/span><br \/>\n\t\t\t\t\t\t\t\t\t\t\t\t\t\t\t\t\t\t\t\t<\/span><br \/>\n\t\t\t\t\t<\/button>\n\t\t\t\t<\/div>\n<\/p><\/div>\n<\/p><\/div>\n<\/p><\/div>\n<\/p><\/div>\n<\/p><\/div>\n<\/p><\/div>\n<p>Em 2024, a soma das ren\u00fancias fiscais das tr\u00eas empresas foi de R$ 51 milh\u00f5es. Em 2025, de R$ 39,1 milh\u00f5es. Os dados sobre benef\u00edcios e ren\u00fancias fiscais de tributos federais s\u00e3o de acesso p\u00fablico, disponibilizados pelo Minist\u00e9rio da Fazenda.<\/p>\n<h2>Leis sobre benef\u00edcios n\u00e3o incluem crit\u00e9rios socioambientais<\/h2>\n<p>No caso da mineradora Aurizona, o benef\u00edcio foi garantido por meio da Superintend\u00eancia do Desenvolvimento da Amaz\u00f4nia (Sudam), a partir de uma lei criada no in\u00edcio dos anos de 1960 com a proposta de incentivar a expans\u00e3o de setores de extra\u00e7\u00e3o de mat\u00e9ria-prima na regi\u00e3o.\u00a0<\/p>\n<p>Ao longo dos mais de 60 anos de vig\u00eancia, a Lei 4.216, que regulamenta o benef\u00edcio, teve poucas altera\u00e7\u00f5es, gra\u00e7as ao lobby dos setores beneficiados, avalia Alessandra Cardoso, assessora pol\u00edtica do Inesc (Instituto de Estudos Socioecon\u00f4micos). <\/p>\n<p>\u201cEssas leis normalmente t\u00eam dez anos de dura\u00e7\u00e3o. Quando vai chegando esse prazo, eles [empres\u00e1rios] se articulam no Congresso Nacional e renovam sem nenhuma mudan\u00e7a\u201d, explica Cardoso. Ela \u00e9 autora da nota t\u00e9cnica \u201cIncentivos Fiscais na Amaz\u00f4nia\u201d, publicada em 2023 pelo Inesc, onde aponta os \u201cquestion\u00e1veis efeitos econ\u00f4micos e sociais e negativos impactos ambientais\u201d desse tipo de isen\u00e7\u00e3o fiscal.\u00a0<\/p>\n<p>Al\u00e9m do benef\u00edcio da Sudam, as tr\u00eas mineradoras foram contempladas pelo Regime Especial de Aquisi\u00e7\u00e3o de Bens de Capital para Empresas Exportadoras (Recap), que garante a suspens\u00e3o de impostos na aquisi\u00e7\u00e3o de m\u00e1quinas e equipamentos.\u00a0<\/p>\n<p>As legisla\u00e7\u00f5es que regem ambos os benef\u00edcios n\u00e3o estabelecem crit\u00e9rios socioambientais para a sua concess\u00e3o. \u201c\u00c9 um absurdo [que esses benef\u00edcios] sejam renovados sem que haja crit\u00e9rios ambientais, sociais, clim\u00e1ticos, de responsabilidade socioambiental dessas empresas\u201d, critica Cart\u00f3rio.<\/p>\n<figure><img fetchpriority=\"high\" fetchpriority=\"high\" decoding=\"async\" width=\"1024\" height=\"682\"src=\"https:\/\/redept.com.br\/blogosfera\/wp-content\/uploads\/2026\/04\/vista_garimpo_itaituba_fernando_martinho-1-1.jpg\" alt=\"Aerial view of gold mining in Itaituba, Par\u00e1. The current mayor of the municipality has stated in an interview that he has never monitored environmental licenses granted by his administration (Photo: Fernando Martinho\/Rep\u00f3rter Brasil)\" srcset=\"https:\/\/reporterbrasil.org.br\/wp-content\/uploads\/2024\/12\/vista_garimpo_itaituba_fernando_martinho-1-1024x682.jpg 1024w, https:\/\/reporterbrasil.org.br\/wp-content\/uploads\/2024\/12\/vista_garimpo_itaituba_fernando_martinho-1-300x200.jpg 300w, https:\/\/reporterbrasil.org.br\/wp-content\/uploads\/2024\/12\/vista_garimpo_itaituba_fernando_martinho-1-768x512.jpg 768w, https:\/\/reporterbrasil.org.br\/wp-content\/uploads\/2024\/12\/vista_garimpo_itaituba_fernando_martinho-1-1536x1023.jpg 1536w, https:\/\/redept.com.br\/blogosfera\/wp-content\/uploads\/2026\/04\/vista_garimpo_itaituba_fernando_martinho-1-1.jpg 1920w\" sizes=\"(max-width: 1024px) 100vw, 1024px\"><figcaption>Sem crit\u00e9rios socioambientais, legisla\u00e7\u00f5es sobre benef\u00edcios fiscais permitem isen\u00e7\u00f5es de impostos a mineradoras de ouro com passivos ambientais. Na imagem, vista \u00e1rea de um garimpo em Itaituba, no sudoeste do Par\u00e1 (Foto: Fernando Martinho\/Rep\u00f3rter Brasil)<\/figcaption><\/figure>\n<p>Para a assessora do Inesc, as lacunas na legisla\u00e7\u00e3o sobre benef\u00edcios fiscais acabam por financiar atividades de empresas com problemas socioambientais. \u201cN\u00e3o tem contrapartida para as comunidades, n\u00e3o tem veda\u00e7\u00e3o sequer de coisas que j\u00e1 s\u00e3o muito usuais no setor financeiro, como lista de trabalho escravo e desmatamento\u201d, diz Cardoso.<\/p>\n<p>Em nota enviada \u00e0 <strong>Rep\u00f3rter Brasil<\/strong>, a Receita Federal afirmou que a avalia\u00e7\u00e3o da reputa\u00e7\u00e3o ambiental das empresas contempladas por incentivos fiscais \u00e9 realizada somente quando est\u00e1 expressa na lei que criou o benef\u00edcio, o que n\u00e3o acontece nos casos apresentados nesta reportagem. \u201cTodo benef\u00edcio fiscal \u00e9 determinado por lei, que ir\u00e1 conter os crit\u00e9rios objetivos para sua concess\u00e3o. \u00c0 Receita Federal cabe analisar se o postulante a aquele benef\u00edcio cumpre os requisitos para receb\u00ea-lo\u201d, informou.<\/p>\n<h2>Benefici\u00e1ria tem \u00e1rea interditada por uso ilegal de merc\u00fario\u00a0<\/h2>\n<p>Uma das benefici\u00e1rias pelo Recap \u00e9 a Minera\u00e7\u00e3o Aric\u00e1 que, em 2025, recebeu R$ 677,8 mil em incentivos. Em 2024, o valor foi de R$ 30,8 mil.<\/p>\n<p>Em novembro de 2023, a mineradora teve uma \u00e1rea embargada e foi multada em R$ 1,5 milh\u00e3o por apresentar informa\u00e7\u00f5es falsas no sistema oficial de controle de compra e venda de merc\u00fario e por manter a subst\u00e2ncia em desacordo com a legisla\u00e7\u00e3o.\u00a0<\/p>\n<p>A autua\u00e7\u00e3o do Ibama ocorreu no \u00e2mbito de um desdobramento da Opera\u00e7\u00e3o Hermes II, deflagrada em 2023 pela Pol\u00edcia Federal com o objetivo de apurar o com\u00e9rcio e uso ilegal de merc\u00fario e outros crimes, como organiza\u00e7\u00e3o e associa\u00e7\u00e3o criminosa.<\/p>\n<p>Altamente t\u00f3xico e com potencial de contamina\u00e7\u00e3o de ecossistemas aqu\u00e1ticos, o merc\u00fario pode causar danos neurol\u00f3gicos, reprodutivos e imunol\u00f3gicos em humanos. Por lei, todo merc\u00fario de origem legal precisa ser declarado e informado no sistema do Relat\u00f3rio de Merc\u00fario do Ibama, assim como as transa\u00e7\u00f5es de compra e venda.\u00a0<\/p>\n<p>O embargo, registrado no distrito do Coxip\u00f3 do Ouro, na zona rural de Cuiab\u00e1 (MT), permanece ativo. Apesar disso, a empresa registrou recolhimento de CFEM (Compensa\u00e7\u00e3o Financeira pela Explora\u00e7\u00e3o de Recursos Minerais) em 2024 pela comercializa\u00e7\u00e3o de 211,2 kg de ouro naquele ano.<\/p>\n<p>Segundo o Ibama, a mineradora contesta os autos de infra\u00e7\u00e3o e as multas aplicadas pelo \u00f3rg\u00e3o ambiental ainda n\u00e3o foram pagas. \u00c0 <strong>Rep\u00f3rter Brasil<\/strong>, o MPF em S\u00e3o Paulo confirmou que recebeu o relat\u00f3rio da Pol\u00edcia Federal com o resultado das investiga\u00e7\u00f5es da Opera\u00e7\u00e3o Hermes II, mas alegou que o procedimento est\u00e1 sob sigilo e n\u00e3o poderia confirmar se a Minera\u00e7\u00e3o Aric\u00e1 ou seus s\u00f3cios est\u00e3o sendo investigados.\u00a0<\/p>\n<p>A reportagem procurou a Minera\u00e7\u00e3o Aric\u00e1 por meio de telefones, correio eletr\u00f4nico e de um advogado que j\u00e1 atuou na defesa da empresa, mas n\u00e3o conseguiu fazer contato com representantes da companhia. O espa\u00e7o segue aberto para manifesta\u00e7\u00f5es futuras.<\/p>\n<h2>Rompimento de barragem deixou 4 mil sem \u00e1gua pot\u00e1vel\u00a0<\/h2>\n<p>Ainda hoje, os 4 mil moradores da comunidade de Aurizona, distrito da zona rural de Godofredo Viana, no norte do Maranh\u00e3o, sofrem as consequ\u00eancias da contamina\u00e7\u00e3o das \u00e1guas do rio Troma\u00ed, que abastece a cidade. A polui\u00e7\u00e3o chegou em mar\u00e7o de 2021, com o rompimento da barragem Lagoa do Pirocaua, controlada pela Minera\u00e7\u00e3o Aurizona S.A.<\/p>\n<p>Mesmo com um embargo registrado pelo Ibama desde abril de 2021 em decorr\u00eancia do rompimento, a mineradora lidera a lista dos valores de ren\u00fancias fiscais entre as tr\u00eas empresas citadas nesta reportagem.\u00a0<\/p>\n<p>Em 2025, a empresa recebeu de R$ 38,1 milh\u00f5es em isen\u00e7\u00f5es, sendo a maior parte \u2013 R$ 35,9 milh\u00f5es \u2013 acessada via Sudam. Em 2024, o benef\u00edcio foi ainda mais robusto, totalizando R$ 47,2 milh\u00f5es. Novamente, a legisla\u00e7\u00e3o criada no \u00e2mbito da Sudam garantiu a maior parcela, de R$ 44,5 milh\u00f5es, que tamb\u00e9m teve acesso ao Recap.\u00a0<\/p>\n<p>O rompimento afetou os po\u00e7os do distrito, que ficaram inutilizados. Agora, a comunidade consome \u00e1gua mineral dos gal\u00f5es fornecidos pela Aurizona, afirmam moradores atingidos ouvidos pela <strong>Rep\u00f3rter Brasil.<\/strong> <\/p>\n<p>\u201cO preju\u00edzo maior foi na nossa ETA, que \u00e9 a nossa Esta\u00e7\u00e3o de Abastecimento de \u00c1gua\u201d, conta a professora Daiane Lima Sousa, 37. \u201cDevido \u00e0s nossas lutas, com o MAB [Movimento dos Atingidos por Barragens], eles [Mineradora Aurizona] revitalizaram a ETA. S\u00f3 que a gente sabe que nunca vai ficar 100%\u201d, diz.\u00a0<\/p>\n<p>A professora afirma que a empresa realizou a\u00e7\u00f5es de reparos materiais aos moradores prejudicados pelo vazamento. J\u00e1 os danos ambientais seguem em an\u00e1lise.\u00a0<\/p>\n<p>Desde setembro de 2021, a Aurizona, bem como o Estado do Maranh\u00e3o, s\u00e3o alvos de uma A\u00e7\u00e3o Civil P\u00fablica ajuizada pelo MPF, que pede a repara\u00e7\u00e3o dos preju\u00edzos ambientais.\u00a0<\/p>\n<p>Em novembro de 2025, a Justi\u00e7a autorizou uma per\u00edcia para apurar se as medidas de remedia\u00e7\u00e3o adotadas pela empresa foram tecnicamente suficientes e se ainda h\u00e1 preju\u00edzos na \u00e1rea. \u201cA situa\u00e7\u00e3o atual das fam\u00edlias, no que diz respeito ao abastecimento de \u00e1gua e \u00e0 qualidade ambiental da regi\u00e3o, \u00e9 uma das quest\u00f5es que a per\u00edcia judicial dever\u00e1 responder\u201d, informou \u00e0 reportagem a DPU (Defensoria P\u00fablica da Uni\u00e3o), que atua como assistente do MPF na a\u00e7\u00e3o.\u00a0<\/p>\n<p>Enquanto a a\u00e7\u00e3o tramita, a empresa segue em opera\u00e7\u00e3o. A Minera\u00e7\u00e3o Aurizona n\u00e3o respondeu os questionamentos enviados pela <strong>Rep\u00f3rter Brasil <\/strong>at\u00e9 a publica\u00e7\u00e3o da reportagem. O espa\u00e7o segue aberto para manifesta\u00e7\u00f5es futuras.<\/p>\n<h2>Territ\u00f3rios quilombolas ignorados<\/h2>\n<p>Em 2024, ano em que a Aura Almas Minera\u00e7\u00e3o S.A. conseguiu isen\u00e7\u00f5es fiscais no valor de R$ 3,7 milh\u00f5es pelo Recap, as opera\u00e7\u00f5es da empresa no munic\u00edpio de Almas (TO) j\u00e1 haviam mudado a rotina dos moradores da comunidade quilombola de Bai\u00e3o.\u00a0<\/p>\n<p>O ru\u00eddo das explos\u00f5es das rochas incomoda quem vive na zona de impacto do empreendimento. O tr\u00e1fego intenso de caminh\u00f5es por uma via antes pacata preocupa os moradores, que temem acidentes, relata Maryellen Cris\u00f3stomo, nascida e criada na comunidade Bai\u00e3o e hoje coordenadora da Coordena\u00e7\u00e3o Estadual das Comunidades Quilombolas do Tocantins (COEQTO).<\/p>\n<p>A comunidade de Bai\u00e3o n\u00e3o teve o processo de regulariza\u00e7\u00e3o fundi\u00e1ria conclu\u00eddo pelo Incra (Instituto Nacional de Coloniza\u00e7\u00e3o e Reforma Agr\u00e1ria). Quando isso acontecer, a barragem usada pela mineradora \u2013 distante apenas 5 quil\u00f4metros da \u00e1rea habitada \u2013 far\u00e1 limite direto com o quilombo.\u00a0<\/p>\n<p>\u201cNunca ningu\u00e9m nos procurou para falar sobre rota de fuga, programa de seguran\u00e7a, nem nada\u201d, disse Benvinda Fernandes Cardoso, 54, moradora do Bai\u00e3o, em entrevista \u00e0 <strong>Rep\u00f3rter Brasil<\/strong>, em maio de 2024.\u00a0<\/p>\n<p>No fim de 2023, a Defensoria P\u00fablica do Tocantins, em conjunto com a COEQTO, entrou com uma A\u00e7\u00e3o Civil P\u00fablica pedindo a suspens\u00e3o das atividades da mineradora. A a\u00e7\u00e3o cita a falta de consulta pr\u00e9via \u00e0s comunidades quilombolas diretamente afetadas, como determina a Conven\u00e7\u00e3o 169 da OIT, al\u00e9m de supostas falhas no processo de licenciamento ambiental da mina.<\/p>\n<figure><img decoding=\"async\" width=\"1024\" height=\"683\"src=\"https:\/\/redept.com.br\/blogosfera\/wp-content\/uploads\/2026\/04\/FM43080.jpg\" alt=\"\" srcset=\"https:\/\/reporterbrasil.org.br\/wp-content\/uploads\/2024\/05\/FM43080-1024x683.jpg 1024w, https:\/\/reporterbrasil.org.br\/wp-content\/uploads\/2024\/05\/FM43080-300x200.jpg 300w, https:\/\/reporterbrasil.org.br\/wp-content\/uploads\/2024\/05\/FM43080-768x512.jpg 768w, https:\/\/redept.com.br\/blogosfera\/wp-content\/uploads\/2026\/04\/FM43080.jpg 1152w\" sizes=\"(max-width: 1024px) 100vw, 1024px\"><figcaption>Eliene Cris\u00f3stomo, presidente da Associa\u00e7\u00e3o de Remanescentes Quilombolas: \u201cN\u00f3s j\u00e1 est\u00e1vamos aqui e n\u00e3o fomos consultados\u201d (Foto: Fernando Martinho\/ Rep\u00f3rter Brasil)<\/figcaption><\/figure>\n<p>\u201cA gente questionou n\u00e3o s\u00f3 a inexist\u00eancia do processo de consulta, mas tamb\u00e9m o fato de que essa explora\u00e7\u00e3o estava acontecendo com base num estudo simplificado de impacto ao meio ambiente e n\u00e3o no EIA\/RIMA [Estudo de Impacto Ambiental e Relat\u00f3rio de Impacto Ambiental] completo\u201d, diz a defensora p\u00fablica Kenia Martins Pimenta Fernandes, coordenadora do N\u00facleo da Defensoria P\u00fablica Agr\u00e1ria e Ambiental do Tocantins.\u00a0<\/p>\n<p>Em 2025, a Justi\u00e7a do Estado do Tocantins se posicionou contr\u00e1ria \u00e0 liminar que pedia pela suspens\u00e3o das atividades da Aura Almas at\u00e9 que as comunidades impactadas fossem ouvidas. Naquele ano, a mineradora foi novamente beneficiada pelo Recap, com isen\u00e7\u00f5es no valor de R$ 269,6 mil. \u201cA liminar n\u00f3s perdemos. Por outro lado, a a\u00e7\u00e3o segue para julgamento de m\u00e9rito\u201d, explica Fernandes.\u00a0<\/p>\n<p>Ainda no ano passado, a Defensoria realizou uma audi\u00eancia de concilia\u00e7\u00e3o, onde estabeleceu as exig\u00eancias para que a empresa siga em opera\u00e7\u00e3o. O pedido inclui a elabora\u00e7\u00e3o de um novo Estudo de Impacto Ambiental e a realiza\u00e7\u00e3o da consulta de acordo com o protocolo definido pelas comunidades. Segundo Fernandes, a Aura Almas concordou com a proposta.\u00a0<\/p>\n<p>Agora, o acordo est\u00e1 em fase de formaliza\u00e7\u00e3o. Enquanto isso, a mineradora segue expandindo sua \u00e1rea de explora\u00e7\u00e3o entre as comunidades. S\u00e3o sete novas lavras em processo de abertura, segundo a Defensoria P\u00fablica. Al\u00e9m do Bai\u00e3o, outras quatro comunidades quilombolas ficam na zona de impacto: Po\u00e7o Dantas, no munic\u00edpio de Almas; S\u00e3o Joaquim e Laginha, ambas em Porto Alegre do Tocantins; e Lajeado, em Dian\u00f3polis. Esses territ\u00f3rios aguardam os estudos t\u00e9cnicos para a identifica\u00e7\u00e3o das \u00e1reas de uso comum das comunidades.<\/p>\n<p>Maryellen Cris\u00f3stomo confirma o contato da empresa com os quilombolas. Os resultados do di\u00e1logo, no entanto, nem sempre s\u00e3o favor\u00e1veis aos habitantes daquelas \u00e1reas. \u201cA mineradora foi a Lajeado informar que, com consentimento ou n\u00e3o, vai ter um ponto de extra\u00e7\u00e3o no territ\u00f3rio\u201d, diz.\u00a0<\/p>\n<p>Em resposta \u00e0 <strong>Rep\u00f3rter Brasil<\/strong>, a Aura Almas Minera\u00e7\u00e3o afirmou que a sua unidade em Almas mant\u00e9m as opera\u00e7\u00f5es regulares, em conformidade com a legisla\u00e7\u00e3o brasileira. A companhia disse que \u201cprioriza o desenvolvimento socioecon\u00f4mico regional por meio da contrata\u00e7\u00e3o de m\u00e3o de obra local e do fortalecimento da cadeia de fornecedores da regi\u00e3o\u201d e que promove iniciativas \u201cde qualifica\u00e7\u00e3o e integra\u00e7\u00e3o que contribuem para uma conviv\u00eancia pautada no respeito m\u00fatuo e no crescimento compartilhado\u201d.<\/p>\n<div data-elementor-type=\"section\" data-elementor-id=\"129686\" data-elementor-post-type=\"elementor_library\">\n<div>\n<div data-id=\"e5e1762\" data-element_type=\"widget\" data-e-type=\"widget\" data-widget_type=\"image.default\">\n<div>\n\t\t\t\t\t\t\t\t\t\t\t\t\t\t\t<img decoding=\"async\" width=\"360\" height=\"300\"src=\"https:\/\/redept.com.br\/blogosfera\/wp-content\/uploads\/2026\/04\/apoie-1.webp\" alt=\"Apoie a Rep\u00f3rter Brasil\" srcset=\"https:\/\/redept.com.br\/blogosfera\/wp-content\/uploads\/2026\/04\/apoie-1.webp 360w, https:\/\/reporterbrasil.org.br\/wp-content\/uploads\/2026\/04\/apoie-1-300x250.webp 300w\" sizes=\"(max-width: 360px) 100vw, 360px\">\t\t\t\t\t\t\t\t\t\t\t\t\t\t\t<\/div>\n<\/p><\/div>\n<\/p><\/div>\n<\/p><\/div>\n<p>The post Mineradoras alvos de a\u00e7\u00f5es e multas ambientais receberam R$ 90 mi em isen\u00e7\u00f5es fiscais appeared first on Rep\u00f3rter Brasil.<\/p>\n<!-- Begin Yuzo --><div class='yuzo_related_post style-1'  data-version='5.12.89'><!-- without result --><div class='yuzo_clearfixed yuzo__title yuzo__title'><h3>Related Post<\/h3><\/div>\n\t\t\t\t\t\t  <div class=\"relatedthumb \" style=\"width:125px;float:left;overflow:hidden;\">  \n\t\t\t\t\t\t\t  \n\t\t\t\t\t\t\t  <a  href=\"https:\/\/redept.com.br\/blogosfera\/apos-pressao-movimentos-do-campo-realizam-audiencia-com-governador-de-alagoas\/\"  >\n\t\t\t\t\t\t\t\t\t  <div class=\"yuzo-img-wrap \" style=\"width: 125px;height:90px;\">\n\t\t\t\t\t\t\t\t\t\t\n\t\t\t\t\t\t\t\t\t\t<div class=\"yuzo-img\" style=\"background:url('https:\/\/redept.com.br\/blogosfera\/wp-content\/uploads\/2025\/07\/Foto-SEAGRI_Mykesio-Max-005-JORNADA-CAMPONESA-2025-1-150x150.jpeg') 50% 50% no-repeat;width: 125px;height:90px;margin-bottom: 5px;background-size: cover; \"><\/div>\n\t\t\t\t\t\t\t\t\t  <\/div>\n\t\t\t\t\t\t\t\t\t  \n\t\t\t\t\t\t\t\t   <span class=\"yuzo__text--title\" style=\"font-size:13px;\">Ap\u00f3s press\u00e3o, movimentos do campo realizam audi\u00eanc...<\/span>\n\t\t\t\t\t\t\t  \n\t\t\t\t\t\t\t  \n\t\t\t\t\t\t\t  <\/a>\n\n\t\t\t\t\t\t  <\/div>\n\t\t\t\t\t\t  <div class=\"relatedthumb \" style=\"width:125px;float:left;overflow:hidden;\">  \n\t\t\t\t\t\t\t  \n\t\t\t\t\t\t\t  <a  href=\"https:\/\/redept.com.br\/blogosfera\/mst-repudia-desinformacao-e-reafirma-a-luta-pela-reforma-agraria-na-bahia\/\"  >\n\t\t\t\t\t\t\t\t\t  <div class=\"yuzo-img-wrap \" style=\"width: 125px;height:90px;\">\n\t\t\t\t\t\t\t\t\t\t\n\t\t\t\t\t\t\t\t\t\t<div class=\"yuzo-img\" style=\"background:url('https:\/\/redept.com.br\/blogosfera\/wp-content\/uploads\/2026\/03\/selo-mst-bomba-fake-150x150.jpg') 50% 50% no-repeat;width: 125px;height:90px;margin-bottom: 5px;background-size: cover; \"><\/div>\n\t\t\t\t\t\t\t\t\t  <\/div>\n\t\t\t\t\t\t\t\t\t  \n\t\t\t\t\t\t\t\t   <span class=\"yuzo__text--title\" style=\"font-size:13px;\">MST repudia desinforma\u00e7\u00e3o e reafirma a luta pela R...<\/span>\n\t\t\t\t\t\t\t  \n\t\t\t\t\t\t\t  \n\t\t\t\t\t\t\t  <\/a>\n\n\t\t\t\t\t\t  <\/div>\n\t\t\t\t\t\t  <div class=\"relatedthumb \" style=\"width:125px;float:left;overflow:hidden;\">  \n\t\t\t\t\t\t\t  \n\t\t\t\t\t\t\t  <a  href=\"https:\/\/redept.com.br\/blogosfera\/copa-do-mundo-de-clubes-2025-sua-torcida-pelo-brasil-onde-estiver-com-uma-maozinha-amiga-e-gratuita\/\"  >\n\t\t\t\t\t\t\t\t\t  <div class=\"yuzo-img-wrap \" style=\"width: 125px;height:90px;\">\n\t\t\t\t\t\t\t\t\t\t\n\t\t\t\t\t\t\t\t\t\t<div class=\"yuzo-img\" style=\"background:url('https:\/\/redept.org\/blogosfera\/wp-content\/plugins\/yuzo-related-post\/assets\/images\/default.png') 50% 50% no-repeat;width: 125px;height:90px;margin-bottom: 5px;background-size: cover; \"><\/div>\n\t\t\t\t\t\t\t\t\t  <\/div>\n\t\t\t\t\t\t\t\t\t  \n\t\t\t\t\t\t\t\t   <span class=\"yuzo__text--title\" style=\"font-size:13px;\">Copa do Mundo de Clubes 2025: Sua Torcida Pelo Bra...<\/span>\n\t\t\t\t\t\t\t  \n\t\t\t\t\t\t\t  \n\t\t\t\t\t\t\t  <\/a>\n\n\t\t\t\t\t\t  <\/div>\n\t\t\t\t\t\t  <div class=\"relatedthumb \" style=\"width:125px;float:left;overflow:hidden;\">  \n\t\t\t\t\t\t\t  \n\t\t\t\t\t\t\t  <a  href=\"https:\/\/redept.com.br\/blogosfera\/brasil-encerrara-custodia-da-embaixada-argentina-na-venezuela\/\"  >\n\t\t\t\t\t\t\t\t\t  <div class=\"yuzo-img-wrap \" style=\"width: 125px;height:90px;\">\n\t\t\t\t\t\t\t\t\t\t\n\t\t\t\t\t\t\t\t\t\t<div class=\"yuzo-img\" style=\"background:url('https:\/\/redept.com.br\/blogosfera\/wp-content\/uploads\/2026\/01\/a-bandeira-brasileira-e-hasteada-na-embaixada-argentina-na-venezuela-150x150.webp') 50% 50% no-repeat;width: 125px;height:90px;margin-bottom: 5px;background-size: cover; \"><\/div>\n\t\t\t\t\t\t\t\t\t  <\/div>\n\t\t\t\t\t\t\t\t\t  \n\t\t\t\t\t\t\t\t   <span class=\"yuzo__text--title\" style=\"font-size:13px;\">Brasil encerrar\u00e1 cust\u00f3dia da embaixada argentina n...<\/span>\n\t\t\t\t\t\t\t  \n\t\t\t\t\t\t\t  \n\t\t\t\t\t\t\t  <\/a>\n\n\t\t\t\t\t\t  <\/div>\n<\/div> <script>\n\t\t\t\t\t\t  jQuery(document).ready(function( $ ){\n\t\t\t\t\t\t\t\/\/jQuery('.yuzo_related_post').equalizer({ overflow : 'relatedthumb' });\n\t\t\t\t\t\t\tjQuery('.yuzo_related_post .yuzo_wraps').equalizer({ columns : '> div' });\n\t\t\t\t\t\t   })\n\t\t\t\t\t\t  <\/script> <!-- End Yuzo :) -->","protected":false},"excerpt":{"rendered":"<p>Sem crit\u00e9rios socioambientais, legisla\u00e7\u00f5es sobre benef\u00edcios fiscais permitem isen\u00e7\u00f5es de impostos a mineradoras de ouro na Amaz\u00f4nia Legal autuadas por infra\u00e7\u00f5es ambientais e implicadas em irregularidades por \u00f3rg\u00e3os de controle <\/p>\n<p>The post <a href=\"https:\/\/reporterbrasil.org.br\/2026\/04\/mineradoras-multas-ambientais-90-mi-isencoes-fiscais\/\">Mineradoras alvos de a\u00e7\u00f5es e multas ambientais receberam R$ 90 mi em isen\u00e7\u00f5es fiscais<\/a> appeared first on <a href=\"https:\/\/reporterbrasil.org.br\/\">Rep\u00f3rter Brasil<\/a>.<\/p>\n","protected":false},"author":2,"featured_media":84912,"comment_status":"open","ping_status":"closed","sticky":false,"template":"","format":"standard","meta":{"fifu_image_url":"","fifu_image_alt":"","footnotes":""},"categories":[13690,5879,4085,51686,16489,3523,8678,5799],"tags":[],"class_list":["post-84911","post","type-post","status-publish","format-standard","has-post-thumbnail","hentry","category-_destaque-da-home-1","category-conteudo-original-em-portugues","category-garimpo","category-isencoes-de-impostos","category-isencoes-fiscais","category-mineracao","category-ouro","category-reportagens"],"_links":{"self":[{"href":"https:\/\/redept.com.br\/blogosfera\/wp-json\/wp\/v2\/posts\/84911","targetHints":{"allow":["GET"]}}],"collection":[{"href":"https:\/\/redept.com.br\/blogosfera\/wp-json\/wp\/v2\/posts"}],"about":[{"href":"https:\/\/redept.com.br\/blogosfera\/wp-json\/wp\/v2\/types\/post"}],"author":[{"embeddable":true,"href":"https:\/\/redept.com.br\/blogosfera\/wp-json\/wp\/v2\/users\/2"}],"replies":[{"embeddable":true,"href":"https:\/\/redept.com.br\/blogosfera\/wp-json\/wp\/v2\/comments?post=84911"}],"version-history":[{"count":0,"href":"https:\/\/redept.com.br\/blogosfera\/wp-json\/wp\/v2\/posts\/84911\/revisions"}],"wp:featuredmedia":[{"embeddable":true,"href":"https:\/\/redept.com.br\/blogosfera\/wp-json\/wp\/v2\/media\/84912"}],"wp:attachment":[{"href":"https:\/\/redept.com.br\/blogosfera\/wp-json\/wp\/v2\/media?parent=84911"}],"wp:term":[{"taxonomy":"category","embeddable":true,"href":"https:\/\/redept.com.br\/blogosfera\/wp-json\/wp\/v2\/categories?post=84911"},{"taxonomy":"post_tag","embeddable":true,"href":"https:\/\/redept.com.br\/blogosfera\/wp-json\/wp\/v2\/tags?post=84911"}],"curies":[{"name":"wp","href":"https:\/\/api.w.org\/{rel}","templated":true}]}}