{"id":84916,"date":"2026-04-27T12:35:29","date_gmt":"2026-04-27T15:35:29","guid":{"rendered":"https:\/\/redept.com.br\/blogosfera\/mst-lanca-primeira-fabrica-de-leite-em-po-em-sp-temos-que-continuar-ocupando-o-latifundio\/"},"modified":"2026-04-27T12:35:29","modified_gmt":"2026-04-27T15:35:29","slug":"mst-lanca-primeira-fabrica-de-leite-em-po-em-sp-temos-que-continuar-ocupando-o-latifundio","status":"publish","type":"post","link":"https:\/\/redept.com.br\/blogosfera\/mst-lanca-primeira-fabrica-de-leite-em-po-em-sp-temos-que-continuar-ocupando-o-latifundio\/","title":{"rendered":"MST lan\u00e7a primeira f\u00e1brica de leite em p\u00f3 em SP: \u2018Temos que continuar ocupando o latif\u00fandio\u2019"},"content":{"rendered":"<p>Projeto em Andradina envolve cooperativa com mais de mil fam\u00edlias <\/p>\n<p><a href=\"https:\/\/www.brasildefato.com.br\/2026\/04\/27\/mst-lanca-primeira-fabrica-de-leite-em-po-em-sp-temos-que-continuar-ocupando-o-latifundio\/\" rel=\"nofollow\">Fonte<\/a><\/p>\n<!-- Begin Yuzo --><div class='yuzo_related_post style-1'  data-version='5.12.89'><!-- without result --><div class='yuzo_clearfixed yuzo__title yuzo__title'><h3>Related Post<\/h3><\/div>\n\t\t\t\t\t\t  <div class=\"relatedthumb \" style=\"width:125px;float:left;overflow:hidden;\">  \n\t\t\t\t\t\t\t  \n\t\t\t\t\t\t\t  <a  href=\"https:\/\/redept.com.br\/blogosfera\/homenagem-da-academicos-do-tatuape-ao-mst-conta-com-duas-toneladas-de-alimentos-saudaveis\/\"  >\n\t\t\t\t\t\t\t\t\t  <div class=\"yuzo-img-wrap \" style=\"width: 125px;height:90px;\">\n\t\t\t\t\t\t\t\t\t\t\n\t\t\t\t\t\t\t\t\t\t<div class=\"yuzo-img\" style=\"background:url('https:\/\/redept.org\/blogosfera\/wp-content\/plugins\/yuzo-related-post\/assets\/images\/default.png') 50% 50% no-repeat;width: 125px;height:90px;margin-bottom: 5px;background-size: cover; \"><\/div>\n\t\t\t\t\t\t\t\t\t  <\/div>\n\t\t\t\t\t\t\t\t\t  \n\t\t\t\t\t\t\t\t   <span class=\"yuzo__text--title\" style=\"font-size:13px;\">Homenagem da Acad\u00eamicos do Tatuap\u00e9 ao MST conta co...<\/span>\n\t\t\t\t\t\t\t  \n\t\t\t\t\t\t\t  \n\t\t\t\t\t\t\t  <\/a>\n\n\t\t\t\t\t\t  <\/div>\n\t\t\t\t\t\t  <div class=\"relatedthumb \" style=\"width:125px;float:left;overflow:hidden;\">  \n\t\t\t\t\t\t\t  \n\t\t\t\t\t\t\t  <a  href=\"https:\/\/redept.com.br\/blogosfera\/saneamento-assim-age-o-racismo-ambiental-na-amazonia\/\"  >\n\t\t\t\t\t\t\t\t\t  <div class=\"yuzo-img-wrap \" style=\"width: 125px;height:90px;\">\n\t\t\t\t\t\t\t\t\t\t\n\t\t\t\t\t\t\t\t\t\t<div class=\"yuzo-img\" style=\"background:url('https:\/\/redept.com.br\/blogosfera\/wp-content\/uploads\/2025\/07\/032-045_Fotos-premiadas_2013-02-150x150.jpg') 50% 50% no-repeat;width: 125px;height:90px;margin-bottom: 5px;background-size: cover; \"><\/div>\n\t\t\t\t\t\t\t\t\t  <\/div>\n\t\t\t\t\t\t\t\t\t  \n\t\t\t\t\t\t\t\t   <span class=\"yuzo__text--title\" style=\"font-size:13px;\">Saneamento: assim age o racismo ambiental na Amaz\u00f4...<\/span>\n\t\t\t\t\t\t\t  \n\t\t\t\t\t\t\t  \n\t\t\t\t\t\t\t  <\/a>\n\n\t\t\t\t\t\t  <\/div>\n\t\t\t\t\t\t  <div class=\"relatedthumb \" style=\"width:125px;float:left;overflow:hidden;\">  \n\t\t\t\t\t\t\t  \n\t\t\t\t\t\t\t  <a  href=\"https:\/\/redept.com.br\/blogosfera\/comissao-aprova-politica-nacional-de-cuidados-texto-vai-ao-plenario\/\"  >\n\t\t\t\t\t\t\t\t\t  <div class=\"yuzo-img-wrap \" style=\"width: 125px;height:90px;\">\n\t\t\t\t\t\t\t\t\t\t\n\t\t\t\t\t\t\t\t\t\t<div class=\"yuzo-img\" style=\"background:url('https:\/\/redept.org\/blogosfera\/wp-content\/plugins\/yuzo-related-post\/assets\/images\/default.png') 50% 50% no-repeat;width: 125px;height:90px;margin-bottom: 5px;background-size: cover; \"><\/div>\n\t\t\t\t\t\t\t\t\t  <\/div>\n\t\t\t\t\t\t\t\t\t  \n\t\t\t\t\t\t\t\t   <span class=\"yuzo__text--title\" style=\"font-size:13px;\">Comiss\u00e3o aprova Pol\u00edtica Nacional de Cuidados; tex...<\/span>\n\t\t\t\t\t\t\t  \n\t\t\t\t\t\t\t  \n\t\t\t\t\t\t\t  <\/a>\n\n\t\t\t\t\t\t  <\/div>\n\t\t\t\t\t\t  <div class=\"relatedthumb \" style=\"width:125px;float:left;overflow:hidden;\">  \n\t\t\t\t\t\t\t  \n\t\t\t\t\t\t\t  <a  href=\"https:\/\/redept.com.br\/blogosfera\/raoni-e-lideres-indigenas-lamentam-apoio-de-lula-ao-petroleo-na-foz-do-amazonas\/\"  >\n\t\t\t\t\t\t\t\t\t  <div class=\"yuzo-img-wrap \" style=\"width: 125px;height:90px;\">\n\t\t\t\t\t\t\t\t\t\t\n\t\t\t\t\t\t\t\t\t\t<div class=\"yuzo-img\" style=\"background:url('https:\/\/redept.org\/blogosfera\/wp-content\/plugins\/yuzo-related-post\/assets\/images\/default.png') 50% 50% no-repeat;width: 125px;height:90px;margin-bottom: 5px;background-size: cover; \"><\/div>\n\t\t\t\t\t\t\t\t\t  <\/div>\n\t\t\t\t\t\t\t\t\t  \n\t\t\t\t\t\t\t\t   <span class=\"yuzo__text--title\" style=\"font-size:13px;\">Raoni e l\u00edderes ind\u00edgenas lamentam apoio de Lula a...<\/span>\n\t\t\t\t\t\t\t  \n\t\t\t\t\t\t\t  \n\t\t\t\t\t\t\t  <\/a>\n\n\t\t\t\t\t\t  <\/div>\n<\/div> <script>\n\t\t\t\t\t\t  jQuery(document).ready(function( $ ){\n\t\t\t\t\t\t\t\/\/jQuery('.yuzo_related_post').equalizer({ overflow : 'relatedthumb' });\n\t\t\t\t\t\t\tjQuery('.yuzo_related_post .yuzo_wraps').equalizer({ columns : '> div' });\n\t\t\t\t\t\t   })\n\t\t\t\t\t\t  <\/script> <!-- End Yuzo :) -->","protected":false},"excerpt":{"rendered":"<p>Projeto em Andradina envolve cooperativa com mais de mil fam\u00edlias Fonte Related Post ONU denuncia Israel por ataques \u00e0 sa\u00fade reprodutiv&#8230; Em visita a Israel, Javier Milei anuncia mudan\u00e7a d&#8230; Policiais militares acusados de fraude no caso Kat&#8230; Acompanhe: STF retoma julgamento sobre responsabil&#8230;<\/p>\n","protected":false},"author":2,"featured_media":0,"comment_status":"open","ping_status":"closed","sticky":false,"template":"","format":"standard","meta":{"fifu_image_url":"","fifu_image_alt":"","footnotes":""},"categories":[2461,6609,51266,219,48316,51692,51269,51693,3033,6461,51694,51270,51271,41113,3135,17,51695,51273,302,51274,18537,2620,51696,200,195,260,254,7239,16359,51697],"tags":[],"class_list":["post-84916","post","type-post","status-publish","format-standard","hentry","category-agricultura-familiar","category-agrofloresta","category-andradina","category-assentados","category-assentamento-rural","category-cadeia-do-leite","category-coapar","category-comida-saudavel","category-conflito-fundiario","category-cooperativa","category-credito-para-cooperativas","category-embrioes","category-fabrica-de-leite-em-po","category-fernanda-machiaveli","category-gilmar-mauro","category-governo-lula","category-leite-em-po-interior-sp","category-melhoramento-genetico","category-mst","category-pequenos-produtores","category-pontal-do-paranapanema","category-producao-de-leite","category-pronaf-mais-leite","category-reforma-agraria-popular","category-reforma-agraria","category-stf","category-tarcisio-de-freitas","category-terra-da-gente","category-terras-devolutas","category-venda-de-terras-publicas"],"_links":{"self":[{"href":"https:\/\/redept.com.br\/blogosfera\/wp-json\/wp\/v2\/posts\/84916","targetHints":{"allow":["GET"]}}],"collection":[{"href":"https:\/\/redept.com.br\/blogosfera\/wp-json\/wp\/v2\/posts"}],"about":[{"href":"https:\/\/redept.com.br\/blogosfera\/wp-json\/wp\/v2\/types\/post"}],"author":[{"embeddable":true,"href":"https:\/\/redept.com.br\/blogosfera\/wp-json\/wp\/v2\/users\/2"}],"replies":[{"embeddable":true,"href":"https:\/\/redept.com.br\/blogosfera\/wp-json\/wp\/v2\/comments?post=84916"}],"version-history":[{"count":0,"href":"https:\/\/redept.com.br\/blogosfera\/wp-json\/wp\/v2\/posts\/84916\/revisions"}],"wp:attachment":[{"href":"https:\/\/redept.com.br\/blogosfera\/wp-json\/wp\/v2\/media?parent=84916"}],"wp:term":[{"taxonomy":"category","embeddable":true,"href":"https:\/\/redept.com.br\/blogosfera\/wp-json\/wp\/v2\/categories?post=84916"},{"taxonomy":"post_tag","embeddable":true,"href":"https:\/\/redept.com.br\/blogosfera\/wp-json\/wp\/v2\/tags?post=84916"}],"curies":[{"name":"wp","href":"https:\/\/api.w.org\/{rel}","templated":true}]}}