{"id":84917,"date":"2026-04-27T12:41:19","date_gmt":"2026-04-27T15:41:19","guid":{"rendered":"https:\/\/redept.com.br\/blogosfera\/crescimento-economico-sem-distribuicao-de-renda-a-desigualdade-como-estrutura-do-brasil\/"},"modified":"2026-04-27T12:41:19","modified_gmt":"2026-04-27T15:41:19","slug":"crescimento-economico-sem-distribuicao-de-renda-a-desigualdade-como-estrutura-do-brasil","status":"publish","type":"post","link":"https:\/\/redept.com.br\/blogosfera\/crescimento-economico-sem-distribuicao-de-renda-a-desigualdade-como-estrutura-do-brasil\/","title":{"rendered":"Crescimento econ\u00f4mico sem distribui\u00e7\u00e3o de renda: a desigualdade como estrutura do Brasil"},"content":{"rendered":"<p>O custo de vida elevado, o cr\u00e9dito caro e o endividamento das fam\u00edlias \u2014 analisados no\u00a0artigo anterior\u00a0\u2014 n\u00e3o s\u00e3o fen\u00f4menos isolados. Eles se inserem em uma caracter\u00edstica mais profunda da sociedade brasileira: sua estrutura altamente desigual. \u00c9 ela que explica por que avan\u00e7os relevantes \u2014 como a queda do desemprego e a eleva\u00e7\u00e3o da renda [\u2026]<\/p>\n<p><a href=\"https:\/\/www.brasildefato.com.br\/2026\/04\/27\/crescimento-economico-sem-distribuicao-de-renda-a-desigualdade-como-estrutura-do-brasil\/\" rel=\"nofollow\">Fonte<\/a><\/p>\n<!-- Begin Yuzo --><div class='yuzo_related_post style-1'  data-version='5.12.89'><!-- without result --><div class='yuzo_clearfixed yuzo__title yuzo__title'><h3>Related Post<\/h3><\/div>\n\t\t\t\t\t\t  <div class=\"relatedthumb \" style=\"width:125px;float:left;overflow:hidden;\">  \n\t\t\t\t\t\t\t  \n\t\t\t\t\t\t\t  <a  href=\"https:\/\/redept.com.br\/blogosfera\/fome-como-arma-de-guerra-reforma-agraria-e-cozinhas-populares-a-atualidade-de-josue-de-castro\/\"  >\n\t\t\t\t\t\t\t\t\t  <div class=\"yuzo-img-wrap \" style=\"width: 125px;height:90px;\">\n\t\t\t\t\t\t\t\t\t\t\n\t\t\t\t\t\t\t\t\t\t<div class=\"yuzo-img\" style=\"background:url('https:\/\/redept.com.br\/blogosfera\/wp-content\/uploads\/2025\/09\/image_processing20220616-6633-1fa71ej-800x570-1-150x150.jpeg') 50% 50% no-repeat;width: 125px;height:90px;margin-bottom: 5px;background-size: cover; \"><\/div>\n\t\t\t\t\t\t\t\t\t  <\/div>\n\t\t\t\t\t\t\t\t\t  \n\t\t\t\t\t\t\t\t   <span class=\"yuzo__text--title\" style=\"font-size:13px;\">Fome como arma de guerra, reforma agr\u00e1ria e cozinh...<\/span>\n\t\t\t\t\t\t\t  \n\t\t\t\t\t\t\t  \n\t\t\t\t\t\t\t  <\/a>\n\n\t\t\t\t\t\t  <\/div>\n\t\t\t\t\t\t  <div class=\"relatedthumb \" style=\"width:125px;float:left;overflow:hidden;\">  \n\t\t\t\t\t\t\t  \n\t\t\t\t\t\t\t  <a  href=\"https:\/\/redept.com.br\/blogosfera\/brasil-endurece-discurso-contra-trump-e-denuncia-riscos-do-tarifaco\/\"  >\n\t\t\t\t\t\t\t\t\t  <div class=\"yuzo-img-wrap \" style=\"width: 125px;height:90px;\">\n\t\t\t\t\t\t\t\t\t\t\n\t\t\t\t\t\t\t\t\t\t<div class=\"yuzo-img\" style=\"background:url('https:\/\/redept.com.br\/blogosfera\/wp-content\/uploads\/2025\/03\/Design-sem-nome-3-1-150x150.jpg') 50% 50% no-repeat;width: 125px;height:90px;margin-bottom: 5px;background-size: cover; \"><\/div>\n\t\t\t\t\t\t\t\t\t  <\/div>\n\t\t\t\t\t\t\t\t\t  \n\t\t\t\t\t\t\t\t   <span class=\"yuzo__text--title\" style=\"font-size:13px;\">Brasil endurece discurso contra Trump e denuncia r...<\/span>\n\t\t\t\t\t\t\t  \n\t\t\t\t\t\t\t  \n\t\t\t\t\t\t\t  <\/a>\n\n\t\t\t\t\t\t  <\/div>\n\t\t\t\t\t\t  <div class=\"relatedthumb \" style=\"width:125px;float:left;overflow:hidden;\">  \n\t\t\t\t\t\t\t  \n\t\t\t\t\t\t\t  <a  href=\"https:\/\/redept.com.br\/blogosfera\/eleicoes-de-2026-sera-prova-de-fogo-da-soberania-nacional\/\"  >\n\t\t\t\t\t\t\t\t\t  <div class=\"yuzo-img-wrap \" style=\"width: 125px;height:90px;\">\n\t\t\t\t\t\t\t\t\t\t\n\t\t\t\t\t\t\t\t\t\t<div class=\"yuzo-img\" style=\"background:url('https:\/\/redept.org\/blogosfera\/wp-content\/plugins\/yuzo-related-post\/assets\/images\/default.png') 50% 50% no-repeat;width: 125px;height:90px;margin-bottom: 5px;background-size: cover; \"><\/div>\n\t\t\t\t\t\t\t\t\t  <\/div>\n\t\t\t\t\t\t\t\t\t  \n\t\t\t\t\t\t\t\t   <span class=\"yuzo__text--title\" style=\"font-size:13px;\">Elei\u00e7\u00f5es de 2026 ser\u00e1 prova de fogo da soberania n...<\/span>\n\t\t\t\t\t\t\t  \n\t\t\t\t\t\t\t  \n\t\t\t\t\t\t\t  <\/a>\n\n\t\t\t\t\t\t  <\/div>\n\t\t\t\t\t\t  <div class=\"relatedthumb \" style=\"width:125px;float:left;overflow:hidden;\">  \n\t\t\t\t\t\t\t  \n\t\t\t\t\t\t\t  <a  href=\"https:\/\/redept.com.br\/blogosfera\/mp-do-rio-vai-apurar-cameras-corporais-de-policiais-durante-a-chacina\/\"  >\n\t\t\t\t\t\t\t\t\t  <div class=\"yuzo-img-wrap \" style=\"width: 125px;height:90px;\">\n\t\t\t\t\t\t\t\t\t\t\n\t\t\t\t\t\t\t\t\t\t<div class=\"yuzo-img\" style=\"background:url('https:\/\/redept.org\/blogosfera\/wp-content\/plugins\/yuzo-related-post\/assets\/images\/default.png') 50% 50% no-repeat;width: 125px;height:90px;margin-bottom: 5px;background-size: cover; \"><\/div>\n\t\t\t\t\t\t\t\t\t  <\/div>\n\t\t\t\t\t\t\t\t\t  \n\t\t\t\t\t\t\t\t   <span class=\"yuzo__text--title\" style=\"font-size:13px;\">MP do Rio vai apurar c\u00e2meras corporais de policiai...<\/span>\n\t\t\t\t\t\t\t  \n\t\t\t\t\t\t\t  \n\t\t\t\t\t\t\t  <\/a>\n\n\t\t\t\t\t\t  <\/div>\n<\/div> <script>\n\t\t\t\t\t\t  jQuery(document).ready(function( $ ){\n\t\t\t\t\t\t\t\/\/jQuery('.yuzo_related_post').equalizer({ overflow : 'relatedthumb' });\n\t\t\t\t\t\t\tjQuery('.yuzo_related_post .yuzo_wraps').equalizer({ columns : '> div' });\n\t\t\t\t\t\t   })\n\t\t\t\t\t\t  <\/script> <!-- End Yuzo :) -->","protected":false},"excerpt":{"rendered":"<p>O custo de vida elevado, o cr\u00e9dito caro e o endividamento das fam\u00edlias \u2014 analisados no\u00a0artigo anterior\u00a0\u2014 n\u00e3o s\u00e3o fen\u00f4menos isolados. Eles se inserem em uma caracter\u00edstica mais profunda da sociedade brasileira: sua estrutura altamente desigual. \u00c9 ela que explica por que avan\u00e7os relevantes \u2014 como a queda do desemprego e a eleva\u00e7\u00e3o da renda [&hellip;]<\/p>\n","protected":false},"author":2,"featured_media":0,"comment_status":"open","ping_status":"closed","sticky":false,"template":"","format":"standard","meta":{"fifu_image_url":"","fifu_image_alt":"","footnotes":""},"categories":[605,51698,1394,51699,388,51700,50539,50540,50542,35934,51701,50546,51702,51703,17,51704,802,51705,50549,153,51706,50189,51707,22904],"tags":[],"class_list":["post-84917","post","type-post","status-publish","format-standard","hentry","category-banco-mundial","category-bloqueio-distributivo","category-cepal","category-concentracao-de-renda-brasil","category-congresso-nacional","category-crescimento-economico-sem-distribuicao","category-desigualdade-racial-brasil","category-desigualdade-regional-brasil","category-desigualdade-social-brasil","category-dilma-rousseff-impeachment","category-elites-economicas-brasil","category-estrutura-social-brasileira","category-extrema-pobreza-brasil","category-frustracao-social","category-governo-lula","category-indice-de-gini-brasil","category-ipea","category-jornadas-de-junho-2013","category-mobilidade-social-brasil","category-opiniao","category-percepcao-social-da-desigualdade","category-pobreza-no-brasil","category-politica-redistributiva","category-reforma-tributaria-brasil"],"_links":{"self":[{"href":"https:\/\/redept.com.br\/blogosfera\/wp-json\/wp\/v2\/posts\/84917","targetHints":{"allow":["GET"]}}],"collection":[{"href":"https:\/\/redept.com.br\/blogosfera\/wp-json\/wp\/v2\/posts"}],"about":[{"href":"https:\/\/redept.com.br\/blogosfera\/wp-json\/wp\/v2\/types\/post"}],"author":[{"embeddable":true,"href":"https:\/\/redept.com.br\/blogosfera\/wp-json\/wp\/v2\/users\/2"}],"replies":[{"embeddable":true,"href":"https:\/\/redept.com.br\/blogosfera\/wp-json\/wp\/v2\/comments?post=84917"}],"version-history":[{"count":0,"href":"https:\/\/redept.com.br\/blogosfera\/wp-json\/wp\/v2\/posts\/84917\/revisions"}],"wp:attachment":[{"href":"https:\/\/redept.com.br\/blogosfera\/wp-json\/wp\/v2\/media?parent=84917"}],"wp:term":[{"taxonomy":"category","embeddable":true,"href":"https:\/\/redept.com.br\/blogosfera\/wp-json\/wp\/v2\/categories?post=84917"},{"taxonomy":"post_tag","embeddable":true,"href":"https:\/\/redept.com.br\/blogosfera\/wp-json\/wp\/v2\/tags?post=84917"}],"curies":[{"name":"wp","href":"https:\/\/api.w.org\/{rel}","templated":true}]}}