{"id":84924,"date":"2026-04-27T13:57:52","date_gmt":"2026-04-27T16:57:52","guid":{"rendered":"https:\/\/redept.com.br\/blogosfera\/clubes-sociais-negros-como-espacos-de-universalidade-negra\/"},"modified":"2026-04-27T13:57:52","modified_gmt":"2026-04-27T16:57:52","slug":"clubes-sociais-negros-como-espacos-de-universalidade-negra","status":"publish","type":"post","link":"https:\/\/redept.com.br\/blogosfera\/clubes-sociais-negros-como-espacos-de-universalidade-negra\/","title":{"rendered":"Clubes Sociais Negros como Espa\u00e7os de Universalidade Negra"},"content":{"rendered":"<p>Ao longo da hist\u00f3ria brasileira, a popula\u00e7\u00e3o negra desenvolveu um conjunto amplo e sofisticado de formas organizativas pr\u00f3prias, capazes de responder, de maneira criativa e coletiva, \u00e0s m\u00faltiplas dimens\u00f5es da exclus\u00e3o social, racial e institucional. Quilombos, irmandades religiosas, terreiros, associa\u00e7\u00f5es beneficentes, sociedades carnavalescas e recreativas, entre diversas outras manifesta\u00e7\u00f5es, n\u00e3o apenas resistiram ao tempo, como [\u2026]<\/p>\n<p><a href=\"https:\/\/www.brasildefato.com.br\/colunas\/clubes-sociais-negros-como-espacos-de-universalidade-negra\/\" rel=\"nofollow\">Fonte<\/a><\/p>\n<!-- Begin Yuzo --><div class='yuzo_related_post style-1'  data-version='5.12.89'><!-- without result --><div class='yuzo_clearfixed yuzo__title yuzo__title'><h3>Related Post<\/h3><\/div>\n\t\t\t\t\t\t  <div class=\"relatedthumb \" style=\"width:125px;float:left;overflow:hidden;\">  \n\t\t\t\t\t\t\t  \n\t\t\t\t\t\t\t  <a  href=\"https:\/\/redept.com.br\/blogosfera\/trabalhadores-da-saude-recem-formados-sofrem-com-a-exploracao\/\"  >\n\t\t\t\t\t\t\t\t\t  <div class=\"yuzo-img-wrap \" style=\"width: 125px;height:90px;\">\n\t\t\t\t\t\t\t\t\t\t\n\t\t\t\t\t\t\t\t\t\t<div class=\"yuzo-img\" style=\"background:url('https:\/\/redept.com.br\/blogosfera\/wp-content\/uploads\/2025\/04\/P4-_-saude-_-EVARISTO-SA-150x150.jpg') 50% 50% no-repeat;width: 125px;height:90px;margin-bottom: 5px;background-size: cover; \"><\/div>\n\t\t\t\t\t\t\t\t\t  <\/div>\n\t\t\t\t\t\t\t\t\t  \n\t\t\t\t\t\t\t\t   <span class=\"yuzo__text--title\" style=\"font-size:13px;\">Trabalhadores da sa\u00fade rec\u00e9m-formados sofrem com a...<\/span>\n\t\t\t\t\t\t\t  \n\t\t\t\t\t\t\t  \n\t\t\t\t\t\t\t  <\/a>\n\n\t\t\t\t\t\t  <\/div>\n\t\t\t\t\t\t  <div class=\"relatedthumb \" style=\"width:125px;float:left;overflow:hidden;\">  \n\t\t\t\t\t\t\t  \n\t\t\t\t\t\t\t  <a  href=\"https:\/\/redept.com.br\/blogosfera\/justica-militar-envia-ao-stf-investigacao-sobre-militares-envolvidos-em-plano-golpista\/\"  >\n\t\t\t\t\t\t\t\t\t  <div class=\"yuzo-img-wrap \" style=\"width: 125px;height:90px;\">\n\t\t\t\t\t\t\t\t\t\t\n\t\t\t\t\t\t\t\t\t\t<div class=\"yuzo-img\" style=\"background:url('https:\/\/redept.org\/blogosfera\/wp-content\/plugins\/yuzo-related-post\/assets\/images\/default.png') 50% 50% no-repeat;width: 125px;height:90px;margin-bottom: 5px;background-size: cover; \"><\/div>\n\t\t\t\t\t\t\t\t\t  <\/div>\n\t\t\t\t\t\t\t\t\t  \n\t\t\t\t\t\t\t\t   <span class=\"yuzo__text--title\" style=\"font-size:13px;\">Justi\u00e7a Militar envia ao STF investiga\u00e7\u00e3o sobre mi...<\/span>\n\t\t\t\t\t\t\t  \n\t\t\t\t\t\t\t  \n\t\t\t\t\t\t\t  <\/a>\n\n\t\t\t\t\t\t  <\/div>\n\t\t\t\t\t\t  <div class=\"relatedthumb \" style=\"width:125px;float:left;overflow:hidden;\">  \n\t\t\t\t\t\t\t  \n\t\t\t\t\t\t\t  <a  href=\"https:\/\/redept.com.br\/blogosfera\/dia-da-alimentacao-da-ancestralidade-a-solidariedade-a-luta-pelo-direito-a-comida-de-verdade\/\"  >\n\t\t\t\t\t\t\t\t\t  <div class=\"yuzo-img-wrap \" style=\"width: 125px;height:90px;\">\n\t\t\t\t\t\t\t\t\t\t\n\t\t\t\t\t\t\t\t\t\t<div class=\"yuzo-img\" style=\"background:url('https:\/\/redept.com.br\/blogosfera\/wp-content\/uploads\/2025\/10\/image-20-150x150.jpg') 50% 50% no-repeat;width: 125px;height:90px;margin-bottom: 5px;background-size: cover; \"><\/div>\n\t\t\t\t\t\t\t\t\t  <\/div>\n\t\t\t\t\t\t\t\t\t  \n\t\t\t\t\t\t\t\t   <span class=\"yuzo__text--title\" style=\"font-size:13px;\">Dia da Alimenta\u00e7\u00e3o: da ancestralidade \u00e0 solidaried...<\/span>\n\t\t\t\t\t\t\t  \n\t\t\t\t\t\t\t  \n\t\t\t\t\t\t\t  <\/a>\n\n\t\t\t\t\t\t  <\/div>\n\t\t\t\t\t\t  <div class=\"relatedthumb \" style=\"width:125px;float:left;overflow:hidden;\">  \n\t\t\t\t\t\t\t  \n\t\t\t\t\t\t\t  <a  href=\"https:\/\/redept.com.br\/blogosfera\/alba-correia-a-beata-comunista\/\"  >\n\t\t\t\t\t\t\t\t\t  <div class=\"yuzo-img-wrap \" style=\"width: 125px;height:90px;\">\n\t\t\t\t\t\t\t\t\t\t\n\t\t\t\t\t\t\t\t\t\t<div class=\"yuzo-img\" style=\"background:url('https:\/\/redept.com.br\/blogosfera\/wp-content\/uploads\/2026\/04\/Alba-sendo-homenageada-pela-UJS-alagoana-durante-o-23-Congresso-do-PCdoB-foto_divulgacao-150x150.png') 50% 50% no-repeat;width: 125px;height:90px;margin-bottom: 5px;background-size: cover; \"><\/div>\n\t\t\t\t\t\t\t\t\t  <\/div>\n\t\t\t\t\t\t\t\t\t  \n\t\t\t\t\t\t\t\t   <span class=\"yuzo__text--title\" style=\"font-size:13px;\">Alba Correia, a beata comunista<\/span>\n\t\t\t\t\t\t\t  \n\t\t\t\t\t\t\t  \n\t\t\t\t\t\t\t  <\/a>\n\n\t\t\t\t\t\t  <\/div>\n<\/div> <script>\n\t\t\t\t\t\t  jQuery(document).ready(function( $ ){\n\t\t\t\t\t\t\t\/\/jQuery('.yuzo_related_post').equalizer({ overflow : 'relatedthumb' });\n\t\t\t\t\t\t\tjQuery('.yuzo_related_post .yuzo_wraps').equalizer({ columns : '> div' });\n\t\t\t\t\t\t   })\n\t\t\t\t\t\t  <\/script> <!-- End Yuzo :) -->","protected":false},"excerpt":{"rendered":"<p>Ao longo da hist\u00f3ria brasileira, a popula\u00e7\u00e3o negra desenvolveu um conjunto amplo e sofisticado de formas organizativas pr\u00f3prias, capazes de responder, de maneira criativa e coletiva, \u00e0s m\u00faltiplas dimens\u00f5es da exclus\u00e3o social, racial e institucional. Quilombos, irmandades religiosas, terreiros, associa\u00e7\u00f5es beneficentes, sociedades carnavalescas e recreativas, entre diversas outras manifesta\u00e7\u00f5es, n\u00e3o apenas resistiram ao tempo, como [&hellip;]<\/p>\n","protected":false},"author":2,"featured_media":0,"comment_status":"open","ping_status":"closed","sticky":false,"template":"","format":"standard","meta":{"fifu_image_url":"","fifu_image_alt":"","footnotes":""},"categories":[14749,10491,44998,51756,51757,51758,4054,51759,35088,37432,51760,41510,51761,4046,51762,51763,12820,51764,51765,7334,229,51766,3278,51767,51768,15975,26462,51769],"tags":[],"class_list":["post-84924","post","type-post","status-publish","format-standard","hentry","category-acolhimento","category-autonomia","category-brasil-de-fato-df","category-clube-social-negro-de-brasilia","category-clubes-sociais-negros","category-convivencia","category-cultura-negra","category-diversidade-negra","category-espaco-publico","category-exclusao-social","category-heitor-perpetuo","category-identidade-negra","category-irmandades-religiosas","category-luta-antirracista","category-memoria-negra","category-organizacoes-negras","category-pertencimento","category-pluralidade-negra","category-populacao-negra-brasileira","category-quilombos","category-racismo","category-reconstrucao-identitaria","category-resistencia-negra","category-sociabilidade-negra","category-sociedades-carnavalescas","category-terreiros","category-territorios-negros","category-universalidade-negra"],"_links":{"self":[{"href":"https:\/\/redept.com.br\/blogosfera\/wp-json\/wp\/v2\/posts\/84924","targetHints":{"allow":["GET"]}}],"collection":[{"href":"https:\/\/redept.com.br\/blogosfera\/wp-json\/wp\/v2\/posts"}],"about":[{"href":"https:\/\/redept.com.br\/blogosfera\/wp-json\/wp\/v2\/types\/post"}],"author":[{"embeddable":true,"href":"https:\/\/redept.com.br\/blogosfera\/wp-json\/wp\/v2\/users\/2"}],"replies":[{"embeddable":true,"href":"https:\/\/redept.com.br\/blogosfera\/wp-json\/wp\/v2\/comments?post=84924"}],"version-history":[{"count":0,"href":"https:\/\/redept.com.br\/blogosfera\/wp-json\/wp\/v2\/posts\/84924\/revisions"}],"wp:attachment":[{"href":"https:\/\/redept.com.br\/blogosfera\/wp-json\/wp\/v2\/media?parent=84924"}],"wp:term":[{"taxonomy":"category","embeddable":true,"href":"https:\/\/redept.com.br\/blogosfera\/wp-json\/wp\/v2\/categories?post=84924"},{"taxonomy":"post_tag","embeddable":true,"href":"https:\/\/redept.com.br\/blogosfera\/wp-json\/wp\/v2\/tags?post=84924"}],"curies":[{"name":"wp","href":"https:\/\/api.w.org\/{rel}","templated":true}]}}