{"id":84929,"date":"2026-04-27T14:00:00","date_gmt":"2026-04-27T17:00:00","guid":{"rendered":"https:\/\/redept.com.br\/blogosfera\/em-santa-marta-ciencia-marca-posicao-para-acelerar-transicao-energetica\/"},"modified":"2026-04-27T14:00:00","modified_gmt":"2026-04-27T17:00:00","slug":"em-santa-marta-ciencia-marca-posicao-para-acelerar-transicao-energetica","status":"publish","type":"post","link":"https:\/\/redept.com.br\/blogosfera\/em-santa-marta-ciencia-marca-posicao-para-acelerar-transicao-energetica\/","title":{"rendered":"Em Santa Marta, ci\u00eancia marca posi\u00e7\u00e3o para acelerar transi\u00e7\u00e3o energ\u00e9tica"},"content":{"rendered":"<p>Em sua vers\u00e3o 2.0, mais sofisticado, o negacionismo clim\u00e1tico n\u00e3o mais rejeita que o aquecimento global exista \u2013 apesar de ainda haver Donald Trumps que dizem isso, sim \u2013, mas ele atua minando, desacreditando e atrasando solu\u00e7\u00f5es, como\u00a0as energias renov\u00e1veis. Nas express\u00f5es mais comuns, espalha a ideia de que a tecnologia ainda n\u00e3o est\u00e1 pronta, ou ainda \u00e9 cara, que vai reverter ou impedir o desenvolvimento. Ou tudo isso junto. Na pr\u00e1tica, ele segura a transi\u00e7\u00e3o energ\u00e9tica, justo quando ela deveria estar sendo mais r\u00e1pida do que nunca. Mas os cientistas est\u00e3o tentando contra-atacar.<\/p>\n<p>Um dos principais legados da Primeira Confer\u00eancia para a Transi\u00e7\u00e3o para Longe dos Combust\u00edveis, que est\u00e1 sendo realizada na cidade caribenha de Santa Marta, na Col\u00f4mbia, desde a \u00faltima sexta-feira, 24 de abril, \u00e9 <span>o lan\u00e7amento de um painel internacional cient\u00edfico para a transi\u00e7\u00e3o energ\u00e9tica global, baseado em S\u00e3o Paulo, que vai trabalhar de forma mais pr\u00f3xima a governos de modo a tentar acelerar esse processo.<\/span> O painel deve atuar durante cinco anos.<\/p>\n<p>A ideia, que surgiu a partir de um pedido feito pela presid\u00eancia brasileira da COP30 ao climatologista brasileiro Carlos Nobre e ao pesquisador Johan Rockstr\u00f6m, do Instituto Potsdam para Pesquisa do Impacto Clim\u00e1tico, \u00e9 fornecer informa\u00e7\u00f5es cient\u00edficas r\u00e1pidas que possam orientar pol\u00edticas p\u00fablicas de transi\u00e7\u00e3o para longe dos combust\u00edveis f\u00f3sseis.\u00a0<\/p>\n<p>N\u00e3o que falte hoje no mundo conhecimento cient\u00edfico que trate dos riscos da ina\u00e7\u00e3o clim\u00e1tica, das vantagens das fontes renov\u00e1veis de energia \u2013 que v\u00e3o do clima, \u00e0 sa\u00fade, \u00e0 pr\u00f3pria seguran\u00e7a energ\u00e9tica \u2013, ou que mostrem como a janela para continuar queimando combust\u00edveis f\u00f3sseis \u00e9 cada vez menor.\u00a0<\/p>\n<p><span>Mas o objetivo do novo painel \u00e9 fazer com que essa ci\u00eancia se aproxime dos planos de governos e de setores para que a elimina\u00e7\u00e3o gradual dos f\u00f3sseis seja mais r\u00e1pida e em conson\u00e2ncia com a necessidade de evitar que a temperatura m\u00e9dia do planeta suba acima de 1,5 \u00b0C.<\/span> Apesar de hoje essa meta j\u00e1 estar prestes a ser superada, o entendimento da ci\u00eancia \u00e9 que \u00e9 preciso agir para que essa ultrapassagem n\u00e3o seja por muitos anos nem por um valor muito alto. Para a seguran\u00e7a do planeta, cada d\u00e9cimo de temperatura far\u00e1 diferen\u00e7a.<\/p>\n<p>No lan\u00e7amento do painel, a ministra do Meio Ambiente da Col\u00f4mbia, Irene V\u00e9lez Torres, afirmou que h\u00e1 um abismo crescente entre a ci\u00eancia e as decis\u00f5es governamentais no mundo: \u201cE isso acontece porque h\u00e1 muito negacionismo sobre os impactos das mudan\u00e7as clim\u00e1ticas. E tamb\u00e9m um grande lobby econ\u00f4mico e pol\u00edtico que, na verdade, desvia o racioc\u00ednio cient\u00edfico e os fundamentos da ci\u00eancia na tomada de decis\u00f5es, especialmente as governamentais\u201d, disse em entrevista coletiva.<\/p>\n<figure data-wp-context='{\"imageId\":\"69ef961683fdf\"}' data-wp-interactive=\"core\/image\" data-wp-key=\"69ef961683fdf\"><button type=\"button\" aria-haspopup=\"dialog\" aria-label=\"Ampliar\" data-wp-init=\"callbacks.initTriggerButton\" data-wp-on--click=\"actions.showLightbox\" data-wp-style--right=\"state.imageButtonRight\" data-wp-style--top=\"state.imageButtonTop\"><br \/>\n\t\t\t<svg xmlns=\"http:\/\/www.w3.org\/2000\/svg\" width=\"12\" height=\"12\" fill=\"none\" viewbox=\"0 0 12 12\">\n\t\t\t\t<path fill=\"#fff\" d=\"M2 0a2 2 0 0 0-2 2v2h1.5V2a.5.5 0 0 1 .5-.5h2V0H2Zm2 10.5H2a.5.5 0 0 1-.5-.5V8H0v2a2 2 0 0 0 2 2h2v-1.5ZM8 12v-1.5h2a.5.5 0 0 0 .5-.5V8H12v2a2 2 0 0 1-2 2H8Zm2-12a2 2 0 0 1 2 2v2h-1.5V2a.5.5 0 0 0-.5-.5H8V0h2Z\"><\/path>\n\t\t\t<\/svg><br \/>\n\t\t<\/button><figcaption>Ministra do Meio Ambiente da Col\u00f4mbia, Irene V\u00e9lez Torres durante a Primeira Confer\u00eancia para a Transi\u00e7\u00e3o para Longe dos Combust\u00edveis, que est\u00e1 sendo realizada na cidade caribenha de Santa Marta<\/figcaption><\/figure>\n<p>V\u00e9lez Tores est\u00e1 \u00e0 frente da confer\u00eancia de Santa Marta, um esfor\u00e7o que, do lado pol\u00edtico, tamb\u00e9m tenta contornar as limita\u00e7\u00f5es que existem hoje no \u00e2mbito das confer\u00eancias do clima da ONU, como a COP30, que ocorreu em Bel\u00e9m, no ano passado, que t\u00eam falhado em conseguir compromissos mais efetivos dos pa\u00edses em abandonar os combust\u00edveis f\u00f3sseis, cuja queima \u00e9 a principal respons\u00e1vel pelo aquecimento global.\u00a0<\/p>\n<h2><strong>Transi\u00e7\u00e3o para longe dos combust\u00edveis: 60 pa\u00edses discutem clima na Col\u00f4mbia<\/strong><\/h2>\n<p>Em Santa Marta, representantes de 60 pa\u00edses, 400 cientistas, al\u00e9m de representantes da sociedade civil, de popula\u00e7\u00f5es ind\u00edgenas, tradicionais e afrodescendentes, est\u00e3o reunidos at\u00e9 quarta-feira, 29, para <span>discutir como o mundo pode come\u00e7ar a tra\u00e7ar um caminho para sair da depend\u00eancia dos combust\u00edveis f\u00f3sseis.<\/span><\/p>\n<p>\u201cO lan\u00e7amento deste painel nesta confer\u00eancia transmite a mensagem da verdadeira convic\u00e7\u00e3o dos pa\u00edses aqui presentes de que precisamos retornar \u00e0 ci\u00eancia, basear nossas decis\u00f5es nela e fundamentar nossa tomada de decis\u00f5es, nossos processos e nossos caminhos na ci\u00eancia\u201d, afirma a ministra colombiana.<\/p>\n<p>Uma das inova\u00e7\u00f5es do painel \u00e9 colocar na lideran\u00e7a cientistas ligados \u00e0 energia, claro \u2013 um dos co-chairs \u00e9 o pesquisador brasileiro Gilberto Jannuzzi, professor de sistemas energ\u00e9ticos da Unicamp \u2013, mas tamb\u00e9m \u00e0 economia. Os outros dois co-chairs s\u00e3o Vera Songwe, copresidente do Painel de Especialistas de Alto N\u00edvel em Financiamento Clim\u00e1tico (Camar\u00f5es), e Ottmar Edenhofer, diretor e economista-chefe do Instituto Potsdam para Pesquisa do Impacto Clim\u00e1tico (Alemanha).<\/p>\n<figure data-wp-context='{\"imageId\":\"69ef961684402\"}' data-wp-interactive=\"core\/image\" data-wp-key=\"69ef961684402\"><button type=\"button\" aria-haspopup=\"dialog\" aria-label=\"Ampliar\" data-wp-init=\"callbacks.initTriggerButton\" data-wp-on--click=\"actions.showLightbox\" data-wp-style--right=\"state.imageButtonRight\" data-wp-style--top=\"state.imageButtonTop\"><br \/>\n\t\t\t<svg xmlns=\"http:\/\/www.w3.org\/2000\/svg\" width=\"12\" height=\"12\" fill=\"none\" viewbox=\"0 0 12 12\">\n\t\t\t\t<path fill=\"#fff\" d=\"M2 0a2 2 0 0 0-2 2v2h1.5V2a.5.5 0 0 1 .5-.5h2V0H2Zm2 10.5H2a.5.5 0 0 1-.5-.5V8H0v2a2 2 0 0 0 2 2h2v-1.5ZM8 12v-1.5h2a.5.5 0 0 0 .5-.5V8H12v2a2 2 0 0 1-2 2H8Zm2-12a2 2 0 0 1 2 2v2h-1.5V2a.5.5 0 0 0-.5-.5H8V0h2Z\"><\/path>\n\t\t\t<\/svg><br \/>\n\t\t<\/button><figcaption>Cerca de 60 pa\u00edses e 400 cientistas se re\u00fanem em Santa Marta para debater a transi\u00e7\u00e3o energ\u00e9tica e o fim dos combust\u00edveis f\u00f3sseis<\/figcaption><\/figure>\n<p>\u201cPrevemos que a principal tarefa deste painel cient\u00edfico ser\u00e1 mapear como superar as restri\u00e7\u00f5es econ\u00f4micas e socioecon\u00f4micas que os pa\u00edses enfrentam para que possam acompanhar n\u00e3o apenas um ritmo acelerado, mas tamb\u00e9m uma transi\u00e7\u00e3o ordenada para o abandono dos combust\u00edveis f\u00f3sseis\u201d, explica Rockstr\u00f6m.\u00a0<\/p>\n<p>\u201cPortanto, aplicaremos os m\u00e9todos mais recentes e avan\u00e7ados de revis\u00e3o de pol\u00edticas para identificar as combina\u00e7\u00f5es de pol\u00edticas mais eficazes em diferentes contextos de vulnerabilidade e restri\u00e7\u00f5es socioecon\u00f4micas\u201d, complementa.<\/p>\n<p>O pesquisador sueco, que \u00e9 hoje um das principais vozes da academia a alertar que estamos ultrapassando os limites do planeta, encabe\u00e7ou, junto com Carlos Nobre, a idealiza\u00e7\u00e3o do painel \u2013 ambos v\u00eam desde a COP30 liderando esfor\u00e7os de aproximar a ci\u00eancia das negocia\u00e7\u00f5es clim\u00e1ticas.\u00a0<\/p>\n<p>Em Bel\u00e9m eles coordenaram o pavilh\u00e3o da ci\u00eancia e chegaram a fazer um \u201cpiquete\u201d muito diplom\u00e1tico na porta da plen\u00e1ria principal distribuindo panfletos aos negociadores com alertas sobre a import\u00e2ncia de conter o aquecimento em 1,5 \u00b0C e sobre como a maneira de fazer isso \u00e9 com a elabora\u00e7\u00e3o de planos com cronogramas, os tais mapas do caminho, para abandonar os f\u00f3sseis.<\/p>\n<p>Segundo Rockstr\u00f6m, a ideia \u00e9 beber da mesma fonte de compilados cient\u00edficos clim\u00e1ticos que j\u00e1 existem hoje \u2013 sendo o do Painel Intergovernamental sobre Mudan\u00e7as Clim\u00e1ticas, o IPCC, o principal deles \u2013, mas fazer os relat\u00f3rios e aconselhamentos de modo mais r\u00e1pido, com aplica\u00e7\u00e3o mais pr\u00e1tica e tamb\u00e9m com foco local, n\u00e3o apenas global.\u00a0<\/p>\n<p>\u201cA diferen\u00e7a \u00e9 que <span>o IPCC publica seus relat\u00f3rios a cada seis ou sete anos. N\u00f3s atualizaremos nossos dados com muito mais rapidez, analisando o pr\u00f3ximo ano, o seguinte e ano a ano.<\/span> E buscaremos levar os dados sobre as trajet\u00f3rias de mudan\u00e7a para o n\u00edvel nacional, algo que o IPCC n\u00e3o faz\u201d, explica.\u00a0<\/p>\n<p>\u201cN\u00e3o estamos tentando, com o painel cient\u00edfico, estabelecer um novo consenso cient\u00edfico, como o IPCC faz. Nosso objetivo \u00e9 fornecer dados cient\u00edficos para embasar a tomada de decis\u00f5es, de modo a realmente dizer, seja para a Col\u00f4mbia, a China, a \u00cdndia ou a Nig\u00e9ria, o que precisa ser alcan\u00e7ado e o que pode ser alcan\u00e7ado em diferentes setores at\u00e9 2030, e quais s\u00e3o as melhores op\u00e7\u00f5es de pol\u00edticas p\u00fablicas. Isso significa usar os mesmos modelos do IPCC, mas de forma mais r\u00e1pida e em menor escala, adaptando-os \u00e0s diferentes economias.\u201d\u00a0<\/p>\n<p>O grupo estima que o primeiro relat\u00f3rio deste painel deve ser publicado j\u00e1 por ocasi\u00e3o da pr\u00f3xima confer\u00eancia do clima, a COP31, que ser\u00e1 realizada na Turquia em novembro, em co-presid\u00eancia com a Austr\u00e1lia.<\/p>\n<p>Paralelamente ao esfor\u00e7o do novo painel cient\u00edfico, a organiza\u00e7\u00e3o da confer\u00eancia de Santa Marta tamb\u00e9m teve um outro processo acad\u00eamico em que mais de 400 de pesquisadores se debru\u00e7aram em propor recomenda\u00e7\u00f5es de a\u00e7\u00f5es para os ministros e representantes de governo que estar\u00e3o reunidos em Santa Marta nesta ter\u00e7a e quarta-feira.\u00a0<\/p>\n<p>O relat\u00f3rio traz um repert\u00f3rio tanto de a\u00e7\u00f5es que podem ser adotadas em pol\u00edticas energ\u00e9ticas e nos processos de elabora\u00e7\u00e3o dos mapas do caminho e de diversifica\u00e7\u00e3o econ\u00f4mica, mas tamb\u00e9m fiscais (em rela\u00e7\u00e3o a incentivos, por exemplo), em financiamentos e no funcionamento dos bancos centrais. Os debates consideraram tamb\u00e9m os benef\u00edcios \u00e0 sa\u00fade e em como \u00e9 poss\u00edvel alcan\u00e7ar prosperidade num mundo carbono zero.<\/p>\n<p>\u201cSe o fim da era dos combust\u00edveis f\u00f3sseis, incluindo os petroqu\u00edmicos, puder se tornar realidade, ser\u00e1 em Macondo, onde o imposs\u00edvel \u00e9 simplesmente outra forma de verdade\u201d, comentou Andr\u00e9s Del Castillo, advogado s\u00eanior do Centro para Lei Internacional Ambiental (Ciel). A refer\u00eancia \u00e9 \u00e0 vila fict\u00edcia do romance \u201cCem Anos de Solid\u00e3o\u201d, do colombiano Gabriel Garc\u00eda M\u00e1rquez, retratada, na obra, perto, justamente, de Santa Marta.<\/p>\n<!-- Begin Yuzo --><div class='yuzo_related_post style-1'  data-version='5.12.89'><!-- without result --><div class='yuzo_clearfixed yuzo__title yuzo__title'><h3>Related Post<\/h3><\/div>\n\t\t\t\t\t\t  <div class=\"relatedthumb \" style=\"width:125px;float:left;overflow:hidden;\">  \n\t\t\t\t\t\t\t  \n\t\t\t\t\t\t\t  <a  href=\"https:\/\/redept.com.br\/blogosfera\/petro-confirma-conversas-com-lula-para-criar-bloco-amazonico-contra-o-desmatamento\/\"  >\n\t\t\t\t\t\t\t\t\t  <div class=\"yuzo-img-wrap \" style=\"width: 125px;height:90px;\">\n\t\t\t\t\t\t\t\t\t\t\n\t\t\t\t\t\t\t\t\t\t<div class=\"yuzo-img\" style=\"background:url('https:\/\/redept.org\/blogosfera\/wp-content\/plugins\/yuzo-related-post\/assets\/images\/default.png') 50% 50% no-repeat;width: 125px;height:90px;margin-bottom: 5px;background-size: cover; \"><\/div>\n\t\t\t\t\t\t\t\t\t  <\/div>\n\t\t\t\t\t\t\t\t\t  \n\t\t\t\t\t\t\t\t   <span class=\"yuzo__text--title\" style=\"font-size:13px;\">Petro confirma conversas com Lula para criar bloco...<\/span>\n\t\t\t\t\t\t\t  \n\t\t\t\t\t\t\t  \n\t\t\t\t\t\t\t  <\/a>\n\n\t\t\t\t\t\t  <\/div>\n\t\t\t\t\t\t  <div class=\"relatedthumb \" style=\"width:125px;float:left;overflow:hidden;\">  \n\t\t\t\t\t\t\t  \n\t\t\t\t\t\t\t  <a  href=\"https:\/\/redept.com.br\/blogosfera\/1o-curso-de-gestao-e-agroecologia-para-mulheres-do-mst-forma-a-turma-filhas-da-resistencia-e-do-amor-no-rs\/\"  >\n\t\t\t\t\t\t\t\t\t  <div class=\"yuzo-img-wrap \" style=\"width: 125px;height:90px;\">\n\t\t\t\t\t\t\t\t\t\t\n\t\t\t\t\t\t\t\t\t\t<div class=\"yuzo-img\" style=\"background:url('https:\/\/redept.com.br\/blogosfera\/wp-content\/uploads\/2025\/07\/image-1-18-150x92.png') 50% 50% no-repeat;width: 125px;height:90px;margin-bottom: 5px;background-size: cover; \"><\/div>\n\t\t\t\t\t\t\t\t\t  <\/div>\n\t\t\t\t\t\t\t\t\t  \n\t\t\t\t\t\t\t\t   <span class=\"yuzo__text--title\" style=\"font-size:13px;\">1\u00ba Curso de Gest\u00e3o e Agroecologia para Mulheres do...<\/span>\n\t\t\t\t\t\t\t  \n\t\t\t\t\t\t\t  \n\t\t\t\t\t\t\t  <\/a>\n\n\t\t\t\t\t\t  <\/div>\n\t\t\t\t\t\t  <div class=\"relatedthumb \" style=\"width:125px;float:left;overflow:hidden;\">  \n\t\t\t\t\t\t\t  \n\t\t\t\t\t\t\t  <a  href=\"https:\/\/redept.com.br\/blogosfera\/gas-do-povo-lula-volta-a-bh-na-proxima-semana-para-lancar-auxilio-repaginado\/\"  >\n\t\t\t\t\t\t\t\t\t  <div class=\"yuzo-img-wrap \" style=\"width: 125px;height:90px;\">\n\t\t\t\t\t\t\t\t\t\t\n\t\t\t\t\t\t\t\t\t\t<div class=\"yuzo-img\" style=\"background:url('https:\/\/redept.org\/blogosfera\/wp-content\/plugins\/yuzo-related-post\/assets\/images\/default.png') 50% 50% no-repeat;width: 125px;height:90px;margin-bottom: 5px;background-size: cover; \"><\/div>\n\t\t\t\t\t\t\t\t\t  <\/div>\n\t\t\t\t\t\t\t\t\t  \n\t\t\t\t\t\t\t\t   <span class=\"yuzo__text--title\" style=\"font-size:13px;\">\u2018G\u00e1s do Povo\u2019: Lula volta a BH na pr\u00f3xima semana p...<\/span>\n\t\t\t\t\t\t\t  \n\t\t\t\t\t\t\t  \n\t\t\t\t\t\t\t  <\/a>\n\n\t\t\t\t\t\t  <\/div>\n\t\t\t\t\t\t  <div class=\"relatedthumb \" style=\"width:125px;float:left;overflow:hidden;\">  \n\t\t\t\t\t\t\t  \n\t\t\t\t\t\t\t  <a  href=\"https:\/\/redept.com.br\/blogosfera\/pesquisa-aponta-queda-na-aprovacao-de-zema-e-pacheco-na-dianteira-para-o-governo-de-mg\/\"  >\n\t\t\t\t\t\t\t\t\t  <div class=\"yuzo-img-wrap \" style=\"width: 125px;height:90px;\">\n\t\t\t\t\t\t\t\t\t\t\n\t\t\t\t\t\t\t\t\t\t<div class=\"yuzo-img\" style=\"background:url('https:\/\/redept.com.br\/blogosfera\/wp-content\/uploads\/2025\/09\/a45fs4fg-150x150.jpg') 50% 50% no-repeat;width: 125px;height:90px;margin-bottom: 5px;background-size: cover; \"><\/div>\n\t\t\t\t\t\t\t\t\t  <\/div>\n\t\t\t\t\t\t\t\t\t  \n\t\t\t\t\t\t\t\t   <span class=\"yuzo__text--title\" style=\"font-size:13px;\">Pesquisa aponta queda na aprova\u00e7\u00e3o de Zema e Pache...<\/span>\n\t\t\t\t\t\t\t  \n\t\t\t\t\t\t\t  \n\t\t\t\t\t\t\t  <\/a>\n\n\t\t\t\t\t\t  <\/div>\n<\/div> <script>\n\t\t\t\t\t\t  jQuery(document).ready(function( $ ){\n\t\t\t\t\t\t\t\/\/jQuery('.yuzo_related_post').equalizer({ overflow : 'relatedthumb' });\n\t\t\t\t\t\t\tjQuery('.yuzo_related_post .yuzo_wraps').equalizer({ columns : '> div' });\n\t\t\t\t\t\t   })\n\t\t\t\t\t\t  <\/script> <!-- End Yuzo :) -->","protected":false},"excerpt":{"rendered":"<p>Painel lan\u00e7ado na 1\u00aa confer\u00eancia para transi\u00e7\u00e3o para longe dos f\u00f3sseis tenta driblar negacionismo e lentid\u00e3o de governos<\/p>\n","protected":false},"author":2,"featured_media":0,"comment_status":"open","ping_status":"closed","sticky":false,"template":"","format":"standard","meta":{"fifu_image_url":"","fifu_image_alt":"","footnotes":""},"categories":[795,18,570,2827,132,5557],"tags":[],"class_list":["post-84929","post","type-post","status-publish","format-standard","hentry","category-ciencia","category-meio-ambiente","category-mudancas-climaticas","category-petroleo","category-politica","category-portugues"],"_links":{"self":[{"href":"https:\/\/redept.com.br\/blogosfera\/wp-json\/wp\/v2\/posts\/84929","targetHints":{"allow":["GET"]}}],"collection":[{"href":"https:\/\/redept.com.br\/blogosfera\/wp-json\/wp\/v2\/posts"}],"about":[{"href":"https:\/\/redept.com.br\/blogosfera\/wp-json\/wp\/v2\/types\/post"}],"author":[{"embeddable":true,"href":"https:\/\/redept.com.br\/blogosfera\/wp-json\/wp\/v2\/users\/2"}],"replies":[{"embeddable":true,"href":"https:\/\/redept.com.br\/blogosfera\/wp-json\/wp\/v2\/comments?post=84929"}],"version-history":[{"count":0,"href":"https:\/\/redept.com.br\/blogosfera\/wp-json\/wp\/v2\/posts\/84929\/revisions"}],"wp:attachment":[{"href":"https:\/\/redept.com.br\/blogosfera\/wp-json\/wp\/v2\/media?parent=84929"}],"wp:term":[{"taxonomy":"category","embeddable":true,"href":"https:\/\/redept.com.br\/blogosfera\/wp-json\/wp\/v2\/categories?post=84929"},{"taxonomy":"post_tag","embeddable":true,"href":"https:\/\/redept.com.br\/blogosfera\/wp-json\/wp\/v2\/tags?post=84929"}],"curies":[{"name":"wp","href":"https:\/\/api.w.org\/{rel}","templated":true}]}}