{"id":84933,"date":"2026-04-27T14:58:01","date_gmt":"2026-04-27T17:58:01","guid":{"rendered":"https:\/\/redept.com.br\/blogosfera\/oscar-schimidt-e-carlos-arroyo-sobre-quem-pode-imaginar-a-vitoria\/"},"modified":"2026-04-27T14:58:01","modified_gmt":"2026-04-27T17:58:01","slug":"oscar-schimidt-e-carlos-arroyo-sobre-quem-pode-imaginar-a-vitoria","status":"publish","type":"post","link":"https:\/\/redept.com.br\/blogosfera\/oscar-schimidt-e-carlos-arroyo-sobre-quem-pode-imaginar-a-vitoria\/","title":{"rendered":"Oscar Schimidt e Carlos Arroyo: sobre quem pode imaginar a vit\u00f3ria"},"content":{"rendered":"<p>Os Jogos Ol\u00edmpicos de Barcelona em 1992 marcam o inicio de uma nova era na hist\u00f3ria do olimpismo. Foi a primeira edi\u00e7\u00e3o onde o Comit\u00ea Ol\u00edmpico Internacional (COI) permitiu a participa\u00e7\u00e3o de jogadores profissionais nas competi\u00e7\u00f5es. Diversos motivos incentivaram essa mudan\u00e7a: midiatiza\u00e7\u00e3o crescente do esporte televisionado, press\u00e3o de marcas esportivas, entrada de grandes empresas no [\u2026]<\/p>\n<p><a href=\"https:\/\/www.brasildefato.com.br\/colunista\/esportes-rebeldes\/2026\/04\/27\/oscar-schimidt-e-carlos-arroyo-sobre-quem-pode-imaginar-a-vitoria\/\" rel=\"nofollow\">Fonte<\/a><\/p>\n<!-- Begin Yuzo --><div class='yuzo_related_post style-1'  data-version='5.12.89'><!-- without result --><div class='yuzo_clearfixed yuzo__title yuzo__title'><h3>Related Post<\/h3><\/div>\n\t\t\t\t\t\t  <div class=\"relatedthumb \" style=\"width:125px;float:left;overflow:hidden;\">  \n\t\t\t\t\t\t\t  \n\t\t\t\t\t\t\t  <a  href=\"https:\/\/redept.com.br\/blogosfera\/mexico-critica-tarifaco-dos-eua-contra-seus-produtos-tiro-no-pe\/\"  >\n\t\t\t\t\t\t\t\t\t  <div class=\"yuzo-img-wrap \" style=\"width: 125px;height:90px;\">\n\t\t\t\t\t\t\t\t\t\t\n\t\t\t\t\t\t\t\t\t\t<div class=\"yuzo-img\" style=\"background:url('https:\/\/redept.com.br\/blogosfera\/wp-content\/uploads\/2025\/02\/mex-1-150x150.jpg') 50% 50% no-repeat;width: 125px;height:90px;margin-bottom: 5px;background-size: cover; \"><\/div>\n\t\t\t\t\t\t\t\t\t  <\/div>\n\t\t\t\t\t\t\t\t\t  \n\t\t\t\t\t\t\t\t   <span class=\"yuzo__text--title\" style=\"font-size:13px;\">M\u00e9xico critica tarifa\u00e7o dos EUA contra seus produt...<\/span>\n\t\t\t\t\t\t\t  \n\t\t\t\t\t\t\t  \n\t\t\t\t\t\t\t  <\/a>\n\n\t\t\t\t\t\t  <\/div>\n\t\t\t\t\t\t  <div class=\"relatedthumb \" style=\"width:125px;float:left;overflow:hidden;\">  \n\t\t\t\t\t\t\t  \n\t\t\t\t\t\t\t  <a  href=\"https:\/\/sul21.com.br\/noticias\/geral\/2025\/08\/servidores-preparam-ato-do-dia-15-pra-enfrentar-o-eduardo-leite-precisamos-de-milhares-nas-ruas\/\"  >\n\t\t\t\t\t\t\t\t\t  <div class=\"yuzo-img-wrap \" style=\"width: 125px;height:90px;\">\n\t\t\t\t\t\t\t\t\t\t\n\t\t\t\t\t\t\t\t\t\t<div class=\"yuzo-img\" style=\"background:url('https:\/\/redept.org\/blogosfera\/wp-content\/plugins\/yuzo-related-post\/assets\/images\/default.png') 50% 50% no-repeat;width: 125px;height:90px;margin-bottom: 5px;background-size: cover; \"><\/div>\n\t\t\t\t\t\t\t\t\t  <\/div>\n\t\t\t\t\t\t\t\t\t  \n\t\t\t\t\t\t\t\t   <span class=\"yuzo__text--title\" style=\"font-size:13px;\">Servidores preparam ato do dia 15: \u2018Pra enfrentar ...<\/span>\n\t\t\t\t\t\t\t  \n\t\t\t\t\t\t\t  \n\t\t\t\t\t\t\t  <\/a>\n\n\t\t\t\t\t\t  <\/div>\n\t\t\t\t\t\t  <div class=\"relatedthumb \" style=\"width:125px;float:left;overflow:hidden;\">  \n\t\t\t\t\t\t\t  \n\t\t\t\t\t\t\t  <a  href=\"https:\/\/sul21.com.br\/geral-1\/2025\/08\/fiergs-diz-que-tarifaco-ameaca-140-mil-empregos-no-rs-e-pede-ajuda-governamental\/\"  >\n\t\t\t\t\t\t\t\t\t  <div class=\"yuzo-img-wrap \" style=\"width: 125px;height:90px;\">\n\t\t\t\t\t\t\t\t\t\t\n\t\t\t\t\t\t\t\t\t\t<div class=\"yuzo-img\" style=\"background:url('https:\/\/sul21.com.br\/wp-content\/uploads\/2025\/08\/WhatsApp-Image-2025-08-01-at-15.37.29-1.jpeg') 50% 50% no-repeat;width: 125px;height:90px;margin-bottom: 5px;background-size: cover; \"><\/div>\n\t\t\t\t\t\t\t\t\t  <\/div>\n\t\t\t\t\t\t\t\t\t  \n\t\t\t\t\t\t\t\t   <span class=\"yuzo__text--title\" style=\"font-size:13px;\">Fiergs diz que tarifa\u00e7o amea\u00e7a 140 mil empregos no...<\/span>\n\t\t\t\t\t\t\t  \n\t\t\t\t\t\t\t  \n\t\t\t\t\t\t\t  <\/a>\n\n\t\t\t\t\t\t  <\/div>\n\t\t\t\t\t\t  <div class=\"relatedthumb \" style=\"width:125px;float:left;overflow:hidden;\">  \n\t\t\t\t\t\t\t  \n\t\t\t\t\t\t\t  <a  href=\"https:\/\/redept.com.br\/blogosfera\/a-estigmatizacao-da-esquerda-revolucionaria-em-uma-batalha-apos-a-outra\/\"  >\n\t\t\t\t\t\t\t\t\t  <div class=\"yuzo-img-wrap \" style=\"width: 125px;height:90px;\">\n\t\t\t\t\t\t\t\t\t\t\n\t\t\t\t\t\t\t\t\t\t<div class=\"yuzo-img\" style=\"background:url('https:\/\/redept.com.br\/blogosfera\/wp-content\/uploads\/2026\/03\/captura-de-tela-2026-03-13-164021-150x150.png') 50% 50% no-repeat;width: 125px;height:90px;margin-bottom: 5px;background-size: cover; \"><\/div>\n\t\t\t\t\t\t\t\t\t  <\/div>\n\t\t\t\t\t\t\t\t\t  \n\t\t\t\t\t\t\t\t   <span class=\"yuzo__text--title\" style=\"font-size:13px;\">A estigmatiza\u00e7\u00e3o da esquerda revolucion\u00e1ria em \u2018Um...<\/span>\n\t\t\t\t\t\t\t  \n\t\t\t\t\t\t\t  \n\t\t\t\t\t\t\t  <\/a>\n\n\t\t\t\t\t\t  <\/div>\n<\/div> <script>\n\t\t\t\t\t\t  jQuery(document).ready(function( $ ){\n\t\t\t\t\t\t\t\/\/jQuery('.yuzo_related_post').equalizer({ overflow : 'relatedthumb' });\n\t\t\t\t\t\t\tjQuery('.yuzo_related_post .yuzo_wraps').equalizer({ columns : '> div' });\n\t\t\t\t\t\t   })\n\t\t\t\t\t\t  <\/script> <!-- End Yuzo :) -->","protected":false},"excerpt":{"rendered":"<p>Os Jogos Ol\u00edmpicos de Barcelona em 1992 marcam o inicio de uma nova era na hist\u00f3ria do olimpismo. Foi a primeira edi\u00e7\u00e3o onde o Comit\u00ea Ol\u00edmpico Internacional (COI) permitiu a participa\u00e7\u00e3o de jogadores profissionais nas competi\u00e7\u00f5es. Diversos motivos incentivaram essa mudan\u00e7a: midiatiza\u00e7\u00e3o crescente do esporte televisionado, press\u00e3o de marcas esportivas, entrada de grandes empresas no [&hellip;]<\/p>\n","protected":false},"author":2,"featured_media":0,"comment_status":"open","ping_status":"closed","sticky":false,"template":"","format":"standard","meta":{"fifu_image_url":"","fifu_image_alt":"","footnotes":""},"categories":[51801,5536,51802,9859,51803,79,46343,51804,51805,41221,394,51806,51807,5260,5537,487,48780,51808,1618,51809,4360,4055,4565,51810,51811],"tags":[],"class_list":["post-84933","post","type-post","status-publish","format-standard","hentry","category-atenas-2004","category-basquete","category-basquete-mundial","category-brasil-x-eua","category-carlos-arroyo","category-colonialismo","category-derrota-dos-eua","category-dream-team","category-esporte-e-politica","category-esportes-rebeldes","category-estados-unidos","category-hegemonia-esportiva","category-herois-do-basquete","category-jogos-olimpicos","category-nba","category-olimpiadas","category-oscar-schmidt","category-pan-americanos-1987","category-porto-rico","category-porto-rico-x-eua","category-redemocratizacao","category-resistencia-cultural","category-selecao-brasileira","category-selecao-porto-riquenha","category-vitorias-historicas"],"_links":{"self":[{"href":"https:\/\/redept.com.br\/blogosfera\/wp-json\/wp\/v2\/posts\/84933","targetHints":{"allow":["GET"]}}],"collection":[{"href":"https:\/\/redept.com.br\/blogosfera\/wp-json\/wp\/v2\/posts"}],"about":[{"href":"https:\/\/redept.com.br\/blogosfera\/wp-json\/wp\/v2\/types\/post"}],"author":[{"embeddable":true,"href":"https:\/\/redept.com.br\/blogosfera\/wp-json\/wp\/v2\/users\/2"}],"replies":[{"embeddable":true,"href":"https:\/\/redept.com.br\/blogosfera\/wp-json\/wp\/v2\/comments?post=84933"}],"version-history":[{"count":0,"href":"https:\/\/redept.com.br\/blogosfera\/wp-json\/wp\/v2\/posts\/84933\/revisions"}],"wp:attachment":[{"href":"https:\/\/redept.com.br\/blogosfera\/wp-json\/wp\/v2\/media?parent=84933"}],"wp:term":[{"taxonomy":"category","embeddable":true,"href":"https:\/\/redept.com.br\/blogosfera\/wp-json\/wp\/v2\/categories?post=84933"},{"taxonomy":"post_tag","embeddable":true,"href":"https:\/\/redept.com.br\/blogosfera\/wp-json\/wp\/v2\/tags?post=84933"}],"curies":[{"name":"wp","href":"https:\/\/api.w.org\/{rel}","templated":true}]}}