{"id":84940,"date":"2026-04-27T14:58:07","date_gmt":"2026-04-27T17:58:07","guid":{"rendered":"https:\/\/redept.com.br\/blogosfera\/atirador-que-mirou-trump-em-jantar-vai-a-tribunal-federal-nesta-segunda\/"},"modified":"2026-04-27T14:58:07","modified_gmt":"2026-04-27T17:58:07","slug":"atirador-que-mirou-trump-em-jantar-vai-a-tribunal-federal-nesta-segunda","status":"publish","type":"post","link":"https:\/\/redept.com.br\/blogosfera\/atirador-que-mirou-trump-em-jantar-vai-a-tribunal-federal-nesta-segunda\/","title":{"rendered":"Atirador que mirou Trump em jantar vai \u00e0 tribunal federal, nesta segunda"},"content":{"rendered":"<p><img fetchpriority=\"high\" width=\"1000\" height=\"750\"src=\"https:\/\/redept.com.br\/blogosfera\/wp-content\/uploads\/2026\/04\/114700552-this-image-released-by-us-president-donald-trump-via-his-truth-social-account-realdonaldt.avif\" alt=\"\" decoding=\"async\" srcset=\"https:\/\/redept.com.br\/blogosfera\/wp-content\/uploads\/2026\/04\/114700552-this-image-released-by-us-president-donald-trump-via-his-truth-social-account-realdonaldt.avif 1000w, https:\/\/vermelho.org.br\/wp-content\/uploads\/2026\/04\/114700552-this-image-released-by-us-president-donald-trump-via-his-truth-social-account-realdonaldt-300x225.jpg 300w, https:\/\/vermelho.org.br\/wp-content\/uploads\/2026\/04\/114700552-this-image-released-by-us-president-donald-trump-via-his-truth-social-account-realdonaldt-768x576.jpg 768w\" sizes=\"(max-width: 1000px) 100vw, 1000px\"><\/p>\n<p>Cole Thomas Allen, o homem de 31 anos suspeito de atirar perto do Jantar dos Correspondentes da Casa Branca com Donald Trump na noite de s\u00e1bado, ser\u00e1 apresentado hoje (27) a um tribunal federal em Washington. Allen responder\u00e1 por uso de arma de fogo durante um crime violento e por agredir um agente federal. <\/p>\n<p>Segundo o chefe interino da pol\u00edcia de Washington, Jeffery Carroll, Allen estava \u201carmado com uma espingarda, uma pistola e v\u00e1rias facas\u201d e n\u00e3o foi atingido por disparos, mas foi levado ao hospital para avalia\u00e7\u00e3o.<\/p>\n<p><strong>Alvo era Trump e autoridades, diz procurador-geral<\/strong><\/p>\n<p>O procurador-geral interino dos Estados Unidos, Todd Blanche, afirmou ontem que as autoridades policiais acreditam que o atirador tinha como alvo o presidente Donald Trump e funcion\u00e1rios do governo americano. \u201cAcreditamos, com base apenas em um entendimento muito preliminar do que aconteceu, que ele estava visando membros do governo\u201d, disse Blanche \u00e0 <em>CBS<\/em>.<\/p>\n<p>Jeanine Pirro, procuradora dos EUA para o Distrito de Columbia, afirmou que Allen enfrentar\u00e1 duas acusa\u00e7\u00f5es sobre uso de arma de fogo e uma acusa\u00e7\u00e3o de agress\u00e3o contra um agente federal com uso de arma perigosa. Outras acusa\u00e7\u00f5es tamb\u00e9m s\u00e3o esperadas. Blanche acrescentou que o suspeito n\u00e3o estava \u201ccooperando ativamente\u201d com as autoridades.<\/p>\n<p>O incidente \u00e9 tratado como o terceiro atentado \u00e0 vida de Trump em dois anos. O presidente foi rapidamente retirado do local por agentes do Servi\u00e7o Secreto no s\u00e1bado. Em suas redes sociais, Trump publicou imagens de c\u00e2meras de seguran\u00e7a mostrando o atirador tentando passar correndo por um posto de seguran\u00e7a um andar acima do sal\u00e3o onde o jantar de gala estava sendo realizado.<\/p>\n<p><strong>Irm\u00e3o alertou pol\u00edcia antes do ataque<\/strong><\/p>\n<p>Segundo fontes ouvidas pela <em>CBS News<\/em>, o irm\u00e3o de Cole Thomas Allen ligou para a pol\u00edcia ainda na noite de s\u00e1bado para alert\u00e1-la sobre a inten\u00e7\u00e3o do ataque. O alerta ocorreu depois que a fam\u00edlia recebeu um e-mail escrito por ele, que dava a entender que cometeria um ato violento. O FBI est\u00e1 investigando a cronologia de quando a fam\u00edlia notificou a pol\u00edcia e quando as autoridades foram comunicadas.<\/p>\n<p>Uma nota que, segundo as autoridades, foi escrita pelo homem parece expressar profunda raiva contra o governo e o presidente. Figuras da administra\u00e7\u00e3o eram os alvos, \u201cpriorizados do mais alto escal\u00e3o ao mais baixo\u201d, de acordo com uma c\u00f3pia do documento de cerca de mil palavras compartilhada por dois agentes que n\u00e3o estavam autorizados a divulgar a informa\u00e7\u00e3o.<\/p>\n<p>Trump afirmou no domingo que o detido havia escrito um \u201cmanifesto\u201d com conte\u00fado anticrist\u00e3o. O suspeito tamb\u00e9m teria demonstrado surpresa por ter conseguido se hospedar no hotel que receberia o evento com uma espingarda, uma pistola e uma faca, segundo o documento.<\/p>\n<p><strong>Perfil do suspeito: engenheiro e desenvolvedor de jogos<\/strong><\/p>\n<p>Cole Thomas Allen \u00e9 professor e desenvolvedor de jogos, segundo fontes policiais. Ele mora em Torrance, cidade litor\u00e2nea da Calif\u00f3rnia, e teria tentado entrar no sal\u00e3o onde estava ocorrendo o jantar e atacado o posto de seguran\u00e7a. O homem chegou a disparar contra um agente, e o tiro atingiu o colete \u00e0 prova de balas. O policial n\u00e3o ficou gravemente ferido.<\/p>\n<p>Allen \u00e9 descrito como filho de um l\u00edder de igreja evang\u00e9lica e frequentava uma comunidade crist\u00e3 na faculdade. Ele \u00e9 o mais velho de quatro irm\u00e3os e nasceu em um condado de Los Angeles. At\u00e9 a noite do \u00faltimo s\u00e1bado, seu pai constava nas redes sociais como l\u00edder da Grace Torrance, uma igreja protestante de tradi\u00e7\u00e3o reformada em Torrance, na Calif\u00f3rnia.<\/p>\n<p>Em 2013, Allen ingressou no Instituto de Tecnologia da Calif\u00f3rnia (Caltech), uma universidade de elite em Pasadena. L\u00e1, estudou engenharia mec\u00e2nica e se formou com m\u00e9dia 3.0. No ver\u00e3o de 2014, fez est\u00e1gio no Laborat\u00f3rio de Propuls\u00e3o a Jato da Nasa. Ap\u00f3s se formar em 2017, trabalhou como engenheiro mec\u00e2nico, desenvolvedor independente de videogames e tutor preparat\u00f3rio para a faculdade. Em 2022, ingressou na Universidade Estadual da Calif\u00f3rnia, em Dominguez Hills, para fazer mestrado em ci\u00eancia da computa\u00e7\u00e3o, concluindo o curso em 2025.<\/p>\n<p><strong>\u201cAluno muito bom\u201d e defensor do cristianismo<\/strong><\/p>\n<p>Bin Tang, professor de ci\u00eancia da computa\u00e7\u00e3o na universidade, deu aulas a Allen em v\u00e1rias disciplinas. \u201cFiquei muito chocado ao ver a not\u00edcia\u201d, escreveu o professor em um e-mail. \u201cEle era um aluno muito bom, sempre sentado na primeira fila, prestando aten\u00e7\u00e3o e frequentemente me enviando perguntas sobre as atividades.\u201d<\/p>\n<p>Allen fazia parte de uma fraternidade crist\u00e3 no campus do Caltech. Uma integrante do grupo, Elizabeth Terlinden, lembrou que, embora fosse geralmente quieto e estudioso, n\u00e3o tinha receio de defender sua interpreta\u00e7\u00e3o da f\u00e9. \u201cEle era definitivamente um forte defensor do cristianismo evang\u00e9lico na \u00e9poca em que o conheci\u201d, disse ao <em>New York Times<\/em>.<\/p>\n<p>Pessoas pr\u00f3ximas a Allen, ouvidas pelo <em>Los Angeles Times<\/em>, o descreveram como \u201cquieto\u201d, \u201caltamente inteligente\u201d e \u201cbastante envolvido\u201d nas atividades de uma igreja local.<\/p>\n<p><strong>Armas compradas legalmente e viagem planejada<\/strong><\/p>\n<p>Registros compartilhados por agentes indicam que Allen comprou uma pistola em outubro de 2023 e uma espingarda em agosto de 2025. Segundo o bilhete obtido pelas autoridades, nos \u00faltimos dias ele disse a colegas e alunos que uma emerg\u00eancia pessoal o afastaria das aulas e contou aos pais que tinha \u201cuma entrevista\u201d.<\/p>\n<p>Em seguida, pegou um trem de Los Angeles para Washington, passando por Chicago, e se hospedou no Washington Hilton um ou dois dias antes do jantar da Associa\u00e7\u00e3o de Correspondentes da Casa Branca. Autoridades federais em Los Angeles disseram que um mandado de busca foi cumprido na noite de s\u00e1bado na resid\u00eancia do suspeito.<\/p>\n<p><strong>Trump critica seguran\u00e7a e refor\u00e7a projeto de sal\u00e3o<\/strong><\/p>\n<p>Em uma coletiva de imprensa improvisada na Casa Branca, no final da noite de s\u00e1bado, Trump disse que inicialmente pensou que o barulho fosse de uma bandeja caindo, antes de perceber que eram tiros. Trump acrescentou que o hotel n\u00e3o era \u201cuma instala\u00e7\u00e3o particularmente segura\u201d, enquanto aumentavam as d\u00favidas sobre os protocolos de seguran\u00e7a do presidente.<\/p>\n<p>O Washington Hilton, hotel onde o evento era realizado, \u00e9 o local onde o presidente Ronald Reagan sofreu um atentado em 1981. Trump afirmou no domingo que a tentativa de atentado refor\u00e7a os motivos de seguran\u00e7a que ele citou para o planejamento de um novo e enorme sal\u00e3o de baile ao lado da Casa Branca, um projeto que enfrenta contesta\u00e7\u00f5es judiciais.<\/p>\n<p>O incidente ocorreu menos de 48 horas antes do in\u00edcio da visita de Estado de quatro dias do Rei Charles III e da Rainha Camilla a Washington. Trump, a primeira-dama Melania Trump, o vice-presidente JD Vance, v\u00e1rios membros do gabinete e parlamentares proeminentes estavam entre os convidados do jantar de gala, juntamente com centenas de outros participantes.<\/p>\n<p>O post <a href=\"https:\/\/vermelho.org.br\/2026\/04\/27\/atirador-que-mirou-trump-em-jantar-vai-a-tribunal-federal-nesta-segunda\/\">Atirador que mirou Trump em jantar vai \u00e0 tribunal federal, nesta segunda<\/a> apareceu primeiro em <a href=\"https:\/\/vermelho.org.br\/\">Vermelho<\/a>.<\/p>\n<!-- Begin Yuzo --><div class='yuzo_related_post style-1'  data-version='5.12.89'><!-- without result --><div class='yuzo_clearfixed yuzo__title yuzo__title'><h3>Related Post<\/h3><\/div>\n\t\t\t\t\t\t  <div class=\"relatedthumb \" style=\"width:125px;float:left;overflow:hidden;\">  \n\t\t\t\t\t\t\t  \n\t\t\t\t\t\t\t  <a  href=\"https:\/\/redept.com.br\/blogosfera\/pauta-economica-movimenta-congresso-que-corre-para-aprovar-orcamento\/\"  >\n\t\t\t\t\t\t\t\t\t  <div class=\"yuzo-img-wrap \" style=\"width: 125px;height:90px;\">\n\t\t\t\t\t\t\t\t\t\t\n\t\t\t\t\t\t\t\t\t\t<div class=\"yuzo-img\" style=\"background:url('https:\/\/redept.com.br\/blogosfera\/wp-content\/uploads\/2024\/12\/congresso-Luciano-2048x1366-1-150x150.jpg') 50% 50% no-repeat;width: 125px;height:90px;margin-bottom: 5px;background-size: cover; \"><\/div>\n\t\t\t\t\t\t\t\t\t  <\/div>\n\t\t\t\t\t\t\t\t\t  \n\t\t\t\t\t\t\t\t   <span class=\"yuzo__text--title\" style=\"font-size:13px;\">Pauta econ\u00f4mica movimenta Congresso que corre para...<\/span>\n\t\t\t\t\t\t\t  \n\t\t\t\t\t\t\t  \n\t\t\t\t\t\t\t  <\/a>\n\n\t\t\t\t\t\t  <\/div>\n\t\t\t\t\t\t  <div class=\"relatedthumb \" style=\"width:125px;float:left;overflow:hidden;\">  \n\t\t\t\t\t\t\t  \n\t\t\t\t\t\t\t  <a  href=\"https:\/\/redept.com.br\/blogosfera\/ex-senadores-do-pcdob-citam-influencia-de-renato-em-suas-trajetorias\/\"  >\n\t\t\t\t\t\t\t\t\t  <div class=\"yuzo-img-wrap \" style=\"width: 125px;height:90px;\">\n\t\t\t\t\t\t\t\t\t\t\n\t\t\t\t\t\t\t\t\t\t<div class=\"yuzo-img\" style=\"background:url('https:\/\/redept.com.br\/blogosfera\/wp-content\/uploads\/2026\/02\/Renato-no-Senado-150x150.jpg') 50% 50% no-repeat;width: 125px;height:90px;margin-bottom: 5px;background-size: cover; \"><\/div>\n\t\t\t\t\t\t\t\t\t  <\/div>\n\t\t\t\t\t\t\t\t\t  \n\t\t\t\t\t\t\t\t   <span class=\"yuzo__text--title\" style=\"font-size:13px;\">Ex-senadores do PCdoB citam influ\u00eancia de Renato e...<\/span>\n\t\t\t\t\t\t\t  \n\t\t\t\t\t\t\t  \n\t\t\t\t\t\t\t  <\/a>\n\n\t\t\t\t\t\t  <\/div>\n\t\t\t\t\t\t  <div class=\"relatedthumb \" style=\"width:125px;float:left;overflow:hidden;\">  \n\t\t\t\t\t\t\t  \n\t\t\t\t\t\t\t  <a  href=\"https:\/\/redept.com.br\/blogosfera\/gaza-jornalista-relata-como-israel-transformou-centros-de-ajuda-em-armadilha-mortal\/\"  >\n\t\t\t\t\t\t\t\t\t  <div class=\"yuzo-img-wrap \" style=\"width: 125px;height:90px;\">\n\t\t\t\t\t\t\t\t\t\t\n\t\t\t\t\t\t\t\t\t\t<div class=\"yuzo-img\" style=\"background:url('https:\/\/redept.org\/blogosfera\/wp-content\/plugins\/yuzo-related-post\/assets\/images\/default.png') 50% 50% no-repeat;width: 125px;height:90px;margin-bottom: 5px;background-size: cover; \"><\/div>\n\t\t\t\t\t\t\t\t\t  <\/div>\n\t\t\t\t\t\t\t\t\t  \n\t\t\t\t\t\t\t\t   <span class=\"yuzo__text--title\" style=\"font-size:13px;\">Gaza: jornalista relata como Israel transformou ce...<\/span>\n\t\t\t\t\t\t\t  \n\t\t\t\t\t\t\t  \n\t\t\t\t\t\t\t  <\/a>\n\n\t\t\t\t\t\t  <\/div>\n\t\t\t\t\t\t  <div class=\"relatedthumb \" style=\"width:125px;float:left;overflow:hidden;\">  \n\t\t\t\t\t\t\t  \n\t\t\t\t\t\t\t  <a  href=\"https:\/\/redept.com.br\/blogosfera\/china-o-maior-credor-do-planeta\/\"  >\n\t\t\t\t\t\t\t\t\t  <div class=\"yuzo-img-wrap \" style=\"width: 125px;height:90px;\">\n\t\t\t\t\t\t\t\t\t\t\n\t\t\t\t\t\t\t\t\t\t<div class=\"yuzo-img\" style=\"background:url('https:\/\/redept.com.br\/blogosfera\/wp-content\/uploads\/2025\/11\/fc4161cd-b934-4d2b-ba89-3cb563b853cc-150x150.jpeg') 50% 50% no-repeat;width: 125px;height:90px;margin-bottom: 5px;background-size: cover; \"><\/div>\n\t\t\t\t\t\t\t\t\t  <\/div>\n\t\t\t\t\t\t\t\t\t  \n\t\t\t\t\t\t\t\t   <span class=\"yuzo__text--title\" style=\"font-size:13px;\">China, o maior credor do planeta<\/span>\n\t\t\t\t\t\t\t  \n\t\t\t\t\t\t\t  \n\t\t\t\t\t\t\t  <\/a>\n\n\t\t\t\t\t\t  <\/div>\n<\/div> <script>\n\t\t\t\t\t\t  jQuery(document).ready(function( $ ){\n\t\t\t\t\t\t\t\/\/jQuery('.yuzo_related_post').equalizer({ overflow : 'relatedthumb' });\n\t\t\t\t\t\t\tjQuery('.yuzo_related_post .yuzo_wraps').equalizer({ columns : '> div' });\n\t\t\t\t\t\t   })\n\t\t\t\t\t\t  <\/script> <!-- End Yuzo :) -->","protected":false},"excerpt":{"rendered":"<p>Cole Thomas Allen, o homem de 31 anos suspeito de atirar perto do Jantar dos Correspondentes da Casa Branca com Donald Trump na noite de s\u00e1bado, ser\u00e1 apresentado hoje (27) a um tribunal federal em Washington. Allen responder\u00e1 por uso de arma de fogo durante um crime violento e por agredir um agente federal. Segundo [&hellip;]<\/p>\n","protected":false},"author":2,"featured_media":0,"comment_status":"open","ping_status":"closed","sticky":false,"template":"","format":"standard","meta":{"fifu_image_url":"","fifu_image_alt":"","footnotes":""},"categories":[2705,2829,51814,6853,1023,9,288,13988],"tags":[],"class_list":["post-84940","post","type-post","status-publish","format-standard","hentry","category-armas","category-atentado","category-cole-thomas-allen","category-cristianismo","category-donald-trump","category-eua","category-justica","category-washington"],"_links":{"self":[{"href":"https:\/\/redept.com.br\/blogosfera\/wp-json\/wp\/v2\/posts\/84940","targetHints":{"allow":["GET"]}}],"collection":[{"href":"https:\/\/redept.com.br\/blogosfera\/wp-json\/wp\/v2\/posts"}],"about":[{"href":"https:\/\/redept.com.br\/blogosfera\/wp-json\/wp\/v2\/types\/post"}],"author":[{"embeddable":true,"href":"https:\/\/redept.com.br\/blogosfera\/wp-json\/wp\/v2\/users\/2"}],"replies":[{"embeddable":true,"href":"https:\/\/redept.com.br\/blogosfera\/wp-json\/wp\/v2\/comments?post=84940"}],"version-history":[{"count":0,"href":"https:\/\/redept.com.br\/blogosfera\/wp-json\/wp\/v2\/posts\/84940\/revisions"}],"wp:attachment":[{"href":"https:\/\/redept.com.br\/blogosfera\/wp-json\/wp\/v2\/media?parent=84940"}],"wp:term":[{"taxonomy":"category","embeddable":true,"href":"https:\/\/redept.com.br\/blogosfera\/wp-json\/wp\/v2\/categories?post=84940"},{"taxonomy":"post_tag","embeddable":true,"href":"https:\/\/redept.com.br\/blogosfera\/wp-json\/wp\/v2\/tags?post=84940"}],"curies":[{"name":"wp","href":"https:\/\/api.w.org\/{rel}","templated":true}]}}