{"id":84942,"date":"2026-04-27T15:13:52","date_gmt":"2026-04-27T18:13:52","guid":{"rendered":"https:\/\/redept.com.br\/blogosfera\/governo-lula-ira-repatriar-fossil-de-dinossauro-brasileiro-que-estava-na-alemanha\/"},"modified":"2026-04-27T15:13:52","modified_gmt":"2026-04-27T18:13:52","slug":"governo-lula-ira-repatriar-fossil-de-dinossauro-brasileiro-que-estava-na-alemanha","status":"publish","type":"post","link":"https:\/\/redept.com.br\/blogosfera\/governo-lula-ira-repatriar-fossil-de-dinossauro-brasileiro-que-estava-na-alemanha\/","title":{"rendered":"Governo Lula ir\u00e1 repatriar f\u00f3ssil de dinossauro brasileiro que estava na Alemanha"},"content":{"rendered":"<p>Uma das marcas registradas da atual gest\u00e3o de Lula tem sido a manuten\u00e7\u00e3o e amplia\u00e7\u00e3o das rela\u00e7\u00f5es diplom\u00e1ticas com pa\u00edses aliados. E, para al\u00e9m das quest\u00f5es econ\u00f4micas e dos acordos comerciais firmados ao longo dos \u00faltimos anos, tal postura est\u00e1 trazendo de volta ao Brasil diversos objetos pertencentes ao patrim\u00f4nio hist\u00f3rico e cient\u00edfico nacional. <\/p>\n<p>O mais recente acordo firmado pelo governo federal aconteceu logo ap\u00f3s a visita oficial \u00e0 Alemanha no dia 19 de abril. Na declara\u00e7\u00e3o conjunta assinada pelas duas na\u00e7\u00f5es, al\u00e9m de acordos ligados ao meio ambiente, economia, tecnologia e geopol\u00edtica, est\u00e1 o an\u00fancio da repatria\u00e7\u00e3o do f\u00f3ssil do dinossauro brasileiro Irritator challengeri. <\/p>\n<p>O cr\u00e2nio do animal pr\u00e9-hist\u00f3rico, bastante conservado, foi contrabandeado na d\u00e9cada de 1990 por pesquisadores alem\u00e3es que estiveram na Chapada do Araripe, no Cear\u00e1 \u2013 a venda e comercializa\u00e7\u00e3o deste tipo de material arqueol\u00f3gico \u00e9 proibida no Brasil desde 1942. \u00c9 poss\u00edvel que ele tenha sido encontrado durante a minera\u00e7\u00e3o de calc\u00e1rio, que \u00e9 muito comum na regi\u00e3o e frequentemente tromba em registros f\u00f3sseis de milh\u00f5es de anos.<\/p>\n<p>Ele ainda est\u00e1 guardado no Museu de Stuttgart, na Alemanha, onde tamb\u00e9m h\u00e1 dezenas de f\u00f3sseis de aracn\u00eddeos e insetos brasileiros. Mas como se trata de um hol\u00f3tipo, pe\u00e7a que comprova a exist\u00eancia de uma esp\u00e9cie nova e \u00fanica, o f\u00f3ssil s\u00f3 chegou \u00e0s m\u00e3os dos europeus por meio de ato criminoso. Agora, com o iminente retorno ao Brasil, a comunidade cient\u00edfica brasileira poder\u00e1 intensificar os estudos e buscar novas informa\u00e7\u00f5es sobre o animal. <\/p>\n<figure><img fetchpriority=\"high\" data-dominant-color=\"503f3d\" data-has-transparency=\"false\" fetchpriority=\"high\" decoding=\"async\" width=\"760\" height=\"506\"src=\"https:\/\/redept.com.br\/blogosfera\/wp-content\/uploads\/2026\/04\/91836d30-eea8-4f04-9860-d6e49e78.webp\" alt=\"\" srcset=\"https:\/\/redept.com.br\/blogosfera\/wp-content\/uploads\/2026\/04\/91836d30-eea8-4f04-9860-d6e49e78.webp 760w, https:\/\/fpabramo.org.br\/wp-content\/uploads\/2026\/04\/91836d30-eea8-4f04-9860-d6e49e78-300x200.webp 300w, https:\/\/fpabramo.org.br\/wp-content\/uploads\/2026\/04\/91836d30-eea8-4f04-9860-d6e49e78-150x100.webp 150w\" sizes=\"(max-width: 760px) 100vw, 760px\"><\/figure>\n<p><em>Manto Tupinamb\u00e1 recuperado em 2024 pelo governo brasileiro junto \u00e0 Dinamarca (Foto: Ricardo Stuckert)<\/em><\/p>\n<h4>Outros casos<\/h4>\n<p>Em 2025, o Minist\u00e9rio P\u00fablico Federal (MPF) j\u00e1 havia anunciado a repatria\u00e7\u00e3o de 25 f\u00f3sseis de insetos levados clandestinamente para o Reino Unido. O material, com cerca de 100 milh\u00f5es de anos, tamb\u00e9m foi extra\u00eddo da regi\u00e3o da Chapada do Araripe, e s\u00e3o do per\u00edodo Cret\u00e1ceo \u2014 entre 145 e 66 milh\u00f5es de anos atr\u00e1s. Os itens estavam sendo anunciados ilegalmente em um site especializado na venda de rochas e f\u00f3sseis.<\/p>\n<p>O caso mais emblem\u00e1tico, no entanto, ocorreu em 2024. Depois de mais de 300 anos exposto no Museu da Dinamarca, o Manto Tupinamb\u00e1 retornou ao Brasil em julho daquele ano. O objeto raro e sagrado do povo Tupinamb\u00e1 foi levado \u00e0 Europa em 1644 e l\u00e1 permaneceu  desde ent\u00e3o. O manto \u00e9 uma pe\u00e7a com cerca de 1,20 metro de altura, por 80 cent\u00edmetros de largura. Considerado uma entidade sagrada pelos Tupinamb\u00e1, \u00e9 confeccionado com penas de guar\u00e1s, mas tamb\u00e9m com plumas de papagaios, araras-azuis e amarelas.<\/p>\n<p>Na \u00e9poca, o presidente da Luiz In\u00e1cio Lula da Silva ressaltou que o retorno da pe\u00e7a \u00e9 o come\u00e7o de uma nova hist\u00f3ria de conquistas dos povos ind\u00edgenas.<\/p>\n<p>\u201cO momento de hoje \u00e9 sumamente extraordin\u00e1rio para que a gente reflita sobre o que acontece no nosso Brasil, desde a descoberta desse pa\u00eds, com os povos ind\u00edgenas. O retorno do Manto para o Brasil representa a retomada de uma hist\u00f3ria que foi apagada, uma hist\u00f3ria que precisa ser contada e preservada, assim como esse manto que muitos ind\u00edgenas s\u00f3 conhecem pela mem\u00f3ria de seus ancestrais\u201d, destacou.<\/p><\/p>\n<!-- Begin Yuzo --><div class='yuzo_related_post style-1'  data-version='5.12.89'><!-- without result --><div class='yuzo_clearfixed yuzo__title yuzo__title'><h3>Related Post<\/h3><\/div>\n\t\t\t\t\t\t  <div class=\"relatedthumb \" style=\"width:125px;float:left;overflow:hidden;\">  \n\t\t\t\t\t\t\t  \n\t\t\t\t\t\t\t  <a  href=\"https:\/\/redept.com.br\/blogosfera\/denuncia-contra-bolsonaro-e-destaque-na-imprensa-internacional-nunca-aceitou-a-derrota\/\"  >\n\t\t\t\t\t\t\t\t\t  <div class=\"yuzo-img-wrap \" style=\"width: 125px;height:90px;\">\n\t\t\t\t\t\t\t\t\t\t\n\t\t\t\t\t\t\t\t\t\t<div class=\"yuzo-img\" style=\"background:url('https:\/\/redept.org\/blogosfera\/wp-content\/plugins\/yuzo-related-post\/assets\/images\/default.png') 50% 50% no-repeat;width: 125px;height:90px;margin-bottom: 5px;background-size: cover; \"><\/div>\n\t\t\t\t\t\t\t\t\t  <\/div>\n\t\t\t\t\t\t\t\t\t  \n\t\t\t\t\t\t\t\t   <span class=\"yuzo__text--title\" style=\"font-size:13px;\">Den\u00fancia contra Bolsonaro \u00e9 destaque na imprensa i...<\/span>\n\t\t\t\t\t\t\t  \n\t\t\t\t\t\t\t  \n\t\t\t\t\t\t\t  <\/a>\n\n\t\t\t\t\t\t  <\/div>\n\t\t\t\t\t\t  <div class=\"relatedthumb \" style=\"width:125px;float:left;overflow:hidden;\">  \n\t\t\t\t\t\t\t  \n\t\t\t\t\t\t\t  <a  href=\"https:\/\/redept.com.br\/blogosfera\/proibido-de-ir-aos-eua-abbas-pede-apoio-da-onu-para-estado-palestino\/\"  >\n\t\t\t\t\t\t\t\t\t  <div class=\"yuzo-img-wrap \" style=\"width: 125px;height:90px;\">\n\t\t\t\t\t\t\t\t\t\t\n\t\t\t\t\t\t\t\t\t\t<div class=\"yuzo-img\" style=\"background:url('https:\/\/redept.org\/blogosfera\/wp-content\/plugins\/yuzo-related-post\/assets\/images\/default.png') 50% 50% no-repeat;width: 125px;height:90px;margin-bottom: 5px;background-size: cover; \"><\/div>\n\t\t\t\t\t\t\t\t\t  <\/div>\n\t\t\t\t\t\t\t\t\t  \n\t\t\t\t\t\t\t\t   <span class=\"yuzo__text--title\" style=\"font-size:13px;\">Proibido de ir aos EUA, Abbas pede apoio da ONU pa...<\/span>\n\t\t\t\t\t\t\t  \n\t\t\t\t\t\t\t  \n\t\t\t\t\t\t\t  <\/a>\n\n\t\t\t\t\t\t  <\/div>\n\t\t\t\t\t\t  <div class=\"relatedthumb \" style=\"width:125px;float:left;overflow:hidden;\">  \n\t\t\t\t\t\t\t  \n\t\t\t\t\t\t\t  <a  href=\"https:\/\/redept.com.br\/blogosfera\/homem-tenta-invadir-planalto-e-e-impedido-com-tiros-de-balas-de-borracha\/\"  >\n\t\t\t\t\t\t\t\t\t  <div class=\"yuzo-img-wrap \" style=\"width: 125px;height:90px;\">\n\t\t\t\t\t\t\t\t\t\t\n\t\t\t\t\t\t\t\t\t\t<div class=\"yuzo-img\" style=\"background:url('https:\/\/redept.org\/blogosfera\/wp-content\/plugins\/yuzo-related-post\/assets\/images\/default.png') 50% 50% no-repeat;width: 125px;height:90px;margin-bottom: 5px;background-size: cover; \"><\/div>\n\t\t\t\t\t\t\t\t\t  <\/div>\n\t\t\t\t\t\t\t\t\t  \n\t\t\t\t\t\t\t\t   <span class=\"yuzo__text--title\" style=\"font-size:13px;\">Homem tenta invadir Planalto e \u00e9 impedido com tiro...<\/span>\n\t\t\t\t\t\t\t  \n\t\t\t\t\t\t\t  \n\t\t\t\t\t\t\t  <\/a>\n\n\t\t\t\t\t\t  <\/div>\n\t\t\t\t\t\t  <div class=\"relatedthumb \" style=\"width:125px;float:left;overflow:hidden;\">  \n\t\t\t\t\t\t\t  \n\t\t\t\t\t\t\t  <a  href=\"https:\/\/redept.com.br\/blogosfera\/estado-anistia-e-pede-perdao-a-dilma-por-perseguicao-e-tortura-na-ditadura\/\"  >\n\t\t\t\t\t\t\t\t\t  <div class=\"yuzo-img-wrap \" style=\"width: 125px;height:90px;\">\n\t\t\t\t\t\t\t\t\t\t\n\t\t\t\t\t\t\t\t\t\t<div class=\"yuzo-img\" style=\"background:url('https:\/\/redept.com.br\/blogosfera\/wp-content\/uploads\/2025\/05\/dilma-militares-150x150.jpg') 50% 50% no-repeat;width: 125px;height:90px;margin-bottom: 5px;background-size: cover; \"><\/div>\n\t\t\t\t\t\t\t\t\t  <\/div>\n\t\t\t\t\t\t\t\t\t  \n\t\t\t\t\t\t\t\t   <span class=\"yuzo__text--title\" style=\"font-size:13px;\">Estado anistia e pede perd\u00e3o a Dilma por persegui\u00e7...<\/span>\n\t\t\t\t\t\t\t  \n\t\t\t\t\t\t\t  \n\t\t\t\t\t\t\t  <\/a>\n\n\t\t\t\t\t\t  <\/div>\n<\/div> <script>\n\t\t\t\t\t\t  jQuery(document).ready(function( $ ){\n\t\t\t\t\t\t\t\/\/jQuery('.yuzo_related_post').equalizer({ overflow : 'relatedthumb' });\n\t\t\t\t\t\t\tjQuery('.yuzo_related_post .yuzo_wraps').equalizer({ columns : '> div' });\n\t\t\t\t\t\t   })\n\t\t\t\t\t\t  <\/script> <!-- End Yuzo :) -->","protected":false},"excerpt":{"rendered":"<p>Uma das marcas registradas da atual gest\u00e3o de Lula tem sido a manuten\u00e7\u00e3o e amplia\u00e7\u00e3o das rela\u00e7\u00f5es diplom\u00e1ticas com pa\u00edses aliados. E, para al\u00e9m das quest\u00f5es econ\u00f4micas e dos acordos comerciais firmados ao longo dos \u00faltimos anos, tal postura est\u00e1 trazendo de volta ao Brasil diversos objetos pertencentes ao patrim\u00f4nio hist\u00f3rico e cient\u00edfico nacional. O [&hellip;]<\/p>\n","protected":false},"author":2,"featured_media":0,"comment_status":"open","ping_status":"closed","sticky":false,"template":"","format":"standard","meta":{"fifu_image_url":"","fifu_image_alt":"","footnotes":""},"categories":[1435,795,17,8620],"tags":[],"class_list":["post-84942","post","type-post","status-publish","format-standard","hentry","category-arqueologia","category-ciencia","category-governo-lula","category-noticia"],"_links":{"self":[{"href":"https:\/\/redept.com.br\/blogosfera\/wp-json\/wp\/v2\/posts\/84942","targetHints":{"allow":["GET"]}}],"collection":[{"href":"https:\/\/redept.com.br\/blogosfera\/wp-json\/wp\/v2\/posts"}],"about":[{"href":"https:\/\/redept.com.br\/blogosfera\/wp-json\/wp\/v2\/types\/post"}],"author":[{"embeddable":true,"href":"https:\/\/redept.com.br\/blogosfera\/wp-json\/wp\/v2\/users\/2"}],"replies":[{"embeddable":true,"href":"https:\/\/redept.com.br\/blogosfera\/wp-json\/wp\/v2\/comments?post=84942"}],"version-history":[{"count":0,"href":"https:\/\/redept.com.br\/blogosfera\/wp-json\/wp\/v2\/posts\/84942\/revisions"}],"wp:attachment":[{"href":"https:\/\/redept.com.br\/blogosfera\/wp-json\/wp\/v2\/media?parent=84942"}],"wp:term":[{"taxonomy":"category","embeddable":true,"href":"https:\/\/redept.com.br\/blogosfera\/wp-json\/wp\/v2\/categories?post=84942"},{"taxonomy":"post_tag","embeddable":true,"href":"https:\/\/redept.com.br\/blogosfera\/wp-json\/wp\/v2\/tags?post=84942"}],"curies":[{"name":"wp","href":"https:\/\/api.w.org\/{rel}","templated":true}]}}