{"id":84969,"date":"2026-04-27T17:02:48","date_gmt":"2026-04-27T20:02:48","guid":{"rendered":"https:\/\/redept.com.br\/blogosfera\/brasil-e-china-reafirmam-alianca-pela-prosperidade-compartilhada-e-soberania-tecnologica-no-encerramento-da-jornada-internacional\/"},"modified":"2026-04-27T17:02:48","modified_gmt":"2026-04-27T20:02:48","slug":"brasil-e-china-reafirmam-alianca-pela-prosperidade-compartilhada-e-soberania-tecnologica-no-encerramento-da-jornada-internacional","status":"publish","type":"post","link":"https:\/\/redept.com.br\/blogosfera\/brasil-e-china-reafirmam-alianca-pela-prosperidade-compartilhada-e-soberania-tecnologica-no-encerramento-da-jornada-internacional\/","title":{"rendered":"Brasil e China reafirmam alian\u00e7a pela prosperidade compartilhada e soberania tecnol\u00f3gica no encerramento da Jornada Internacional"},"content":{"rendered":"<p>O encerramento da jornada internacional da Funda\u00e7\u00e3o Perseu Abramo, realizado neste domingo (25), durante o 8\u00ba Congresso do PT, consolidou-se como um espa\u00e7o estrat\u00e9gico de converg\u00eancia diplom\u00e1tica e defesa da soberania tecnol\u00f3gica. A roda de conversa sobre a China, coordenada por Valter Pomar, diretor de Coopera\u00e7\u00e3o Internacional da Funda\u00e7\u00e3o, trouxe \u00e0 mesa vozes centrais da diplomacia chinesa: o embaixador extraordin\u00e1rio e plenipotenci\u00e1rio Zhu Qingqiao e o ministro-conselheiro Li Qi. O encontro n\u00e3o apenas celebrou a longevidade das rela\u00e7\u00f5es bilaterais, mas tra\u00e7ou um manifesto em defesa de uma \u201cprosperidade compartilhada\u201d, que rompe com as l\u00f3gicas hegem\u00f4nicas tradicionais.<\/p>\n<p>O embaixador abriu o debate, situando a moderniza\u00e7\u00e3o chinesa como um processo profundamente humanista, ancorado nas ra\u00edzes do confucionismo e na \u00e9tica pol\u00edtica, que coloca o ser humano no centro das decis\u00f5es de Estado. Ao revisitar a trajet\u00f3ria de supera\u00e7\u00e3o da China, do s\u00e9culo XIX, marcada por acordos desiguais e escassez at\u00e9 a ascens\u00e3o contempor\u00e2nea, o embaixador enfatizou que o socialismo chin\u00eas n\u00e3o \u00e9 uma doutrina est\u00e1tica, mas uma pr\u00e1tica que se adapta constantemente \u00e0s realidades hist\u00f3ricas. Para Zhu, a China escolheu o futuro e acredita que o Brasil caminha na mesma dire\u00e7\u00e3o, instando as duas na\u00e7\u00f5es a ocuparem juntas o \u201clado certo da hist\u00f3ria\u201d na constru\u00e7\u00e3o de uma ordem mundial multilateral.<\/p>\n<p>Em uma fala pragm\u00e1tica e direta, o ministro-conselheiro Li Qi desconstruiu narrativas ocidentais que tentam enquadrar o crescimento chin\u00eas sob a \u00f3tica da amea\u00e7a. Rejeitando a validade da Doutrina Monroe para as rela\u00e7\u00f5es atuais, Li afirmou que a diplomacia com o Brasil se resume ao conceito de ganho comum. \u201cA China n\u00e3o pode alcan\u00e7ar a prosperidade sozinha, ela se fortalece na alian\u00e7a\u201d, pontuou. O diplomata destacou que o sucesso econ\u00f4mico do pa\u00eds, hoje a segunda maior economia do globo, \u00e9 um meio para um fim social que sempre foi garantir \u00e0s fam\u00edlias acesso a educa\u00e7\u00e3o de primeira qualidade e sa\u00fade.<\/p>\n<p>A soberania digital e a transi\u00e7\u00e3o tecnol\u00f3gica emergiram como os pontos mais sens\u00edveis e urgentes da pauta. Li Qi defendeu que o Brasil deve desenvolver sua pr\u00f3pria infraestrutura tecnol\u00f3gica, mencionando o dado cr\u00edtico de que 60% dos dados brasileiros est\u00e3o armazenados em servidores norte-americanos. A proposta chinesa \u00e9 de coopera\u00e7\u00e3o para que o Brasil desenvolva modelos de linguagem de larga escala soberanos, protegendo sua soberania digital. Exemplos de colabora\u00e7\u00e3o cient\u00edfica, como o projeto do radiotelesc\u00f3pio BINGO, uma iniciativa multilateral que inclui o Reino Unido, foram citados para ilustrar que o foco chin\u00eas est\u00e1 no avan\u00e7o do conhecimento humano e n\u00e3o em disputas territoriais ou b\u00e9licas. \u201cEstamos olhando para o c\u00e9u e n\u00e3o para outros pa\u00edses\u201d, afirmou o ministro, reiterando que o desenvolvimento de rob\u00f3tica e intelig\u00eancia artificial visa a melhoria da vida e n\u00e3o o armamento.<\/p>\n<p>No campo energ\u00e9tico e industrial, o debate exp\u00f4s a lideran\u00e7a da China na transi\u00e7\u00e3o verde. Atualmente, o pa\u00eds produz cerca de 30 milh\u00f5es de ve\u00edculos, com uma fatia crescente de el\u00e9tricos, e consome 65% de energia produzida internamente, com forte expans\u00e3o das fontes e\u00f3lica e fotovoltaica. Essa seguran\u00e7a energ\u00e9tica \u00e9 vista como pilar de estabilidade para as empresas que buscam previsibilidade para investir.<\/p>\n<p>Ao encerrar o evento, a mensagem deixada foi de respeito m\u00fatuo \u00e0 soberania nacional. Li Qi ressaltou que, se nos anos 80 a China exportava recursos b\u00e1sicos em troca de tecnologia de alto valor, hoje o pa\u00eds entende que cada na\u00e7\u00e3o, especialmente uma rica em recursos como o Brasil, tem o direito e o dever de desenvolver sua pr\u00f3pria ind\u00fastria competitiva. O apoio \u00e0s falas do presidente Lula sobre a maior participa\u00e7\u00e3o do Sul Global nas decis\u00f5es de paz foi o ponto final de um encontro que reafirmou o Brasil como um parceiro priorit\u00e1rio da China na constru\u00e7\u00e3o de uma nova governan\u00e7a global, na qual o desenvolvimento tecnol\u00f3gico sirva como ferramenta de emancipa\u00e7\u00e3o social, n\u00e3o de depend\u00eancia.<\/p><\/p>\n<!-- Begin Yuzo --><div class='yuzo_related_post style-1'  data-version='5.12.89'><!-- without result --><div class='yuzo_clearfixed yuzo__title yuzo__title'><h3>Related Post<\/h3><\/div>\n\t\t\t\t\t\t  <div class=\"relatedthumb \" style=\"width:125px;float:left;overflow:hidden;\">  \n\t\t\t\t\t\t\t  \n\t\t\t\t\t\t\t  <a  href=\"https:\/\/redept.com.br\/blogosfera\/as-licoes-dos-comunistas-de-cuba-china-vietna-e-nepal-em-2025\/\"  >\n\t\t\t\t\t\t\t\t\t  <div class=\"yuzo-img-wrap \" style=\"width: 125px;height:90px;\">\n\t\t\t\t\t\t\t\t\t\t\n\t\t\t\t\t\t\t\t\t\t<div class=\"yuzo-img\" style=\"background:url('https:\/\/redept.com.br\/blogosfera\/wp-content\/uploads\/2025\/12\/Design-sem-nome-10-150x150.jpg') 50% 50% no-repeat;width: 125px;height:90px;margin-bottom: 5px;background-size: cover; \"><\/div>\n\t\t\t\t\t\t\t\t\t  <\/div>\n\t\t\t\t\t\t\t\t\t  \n\t\t\t\t\t\t\t\t   <span class=\"yuzo__text--title\" style=\"font-size:13px;\">As li\u00e7\u00f5es dos comunistas de Cuba, China, Vietn\u00e3 e ...<\/span>\n\t\t\t\t\t\t\t  \n\t\t\t\t\t\t\t  \n\t\t\t\t\t\t\t  <\/a>\n\n\t\t\t\t\t\t  <\/div>\n\t\t\t\t\t\t  <div class=\"relatedthumb \" style=\"width:125px;float:left;overflow:hidden;\">  \n\t\t\t\t\t\t\t  \n\t\t\t\t\t\t\t  <a  href=\"https:\/\/sul21.com.br\/noticias\/politica\/2025\/09\/cnt-mda-496-dizem-que-condenacao-de-bolsonaro-e-desfecho-justo-do-julgamento\/\"  >\n\t\t\t\t\t\t\t\t\t  <div class=\"yuzo-img-wrap \" style=\"width: 125px;height:90px;\">\n\t\t\t\t\t\t\t\t\t\t\n\t\t\t\t\t\t\t\t\t\t<div class=\"yuzo-img\" style=\"background:url('https:\/\/sul21.com.br\/wp-content\/uploads\/2025\/09\/CNT-MDA-1.jpg') 50% 50% no-repeat;width: 125px;height:90px;margin-bottom: 5px;background-size: cover; \"><\/div>\n\t\t\t\t\t\t\t\t\t  <\/div>\n\t\t\t\t\t\t\t\t\t  \n\t\t\t\t\t\t\t\t   <span class=\"yuzo__text--title\" style=\"font-size:13px;\">CNT\/MDA: 49,6% dizem que condena\u00e7\u00e3o de Bolsonaro \u00e9...<\/span>\n\t\t\t\t\t\t\t  \n\t\t\t\t\t\t\t  \n\t\t\t\t\t\t\t  <\/a>\n\n\t\t\t\t\t\t  <\/div>\n\t\t\t\t\t\t  <div class=\"relatedthumb \" style=\"width:125px;float:left;overflow:hidden;\">  \n\t\t\t\t\t\t\t  \n\t\t\t\t\t\t\t  <a  href=\"https:\/\/redept.com.br\/blogosfera\/mulheres-na-ciencia-ganham-impulso-com-nova-politica-do-governo\/\"  >\n\t\t\t\t\t\t\t\t\t  <div class=\"yuzo-img-wrap \" style=\"width: 125px;height:90px;\">\n\t\t\t\t\t\t\t\t\t\t\n\t\t\t\t\t\t\t\t\t\t<div class=\"yuzo-img\" style=\"background:url('https:\/\/redept.com.br\/blogosfera\/wp-content\/uploads\/2026\/03\/Luciana-santos-no-programa-Bom-dia-ministra-150x150.jpeg') 50% 50% no-repeat;width: 125px;height:90px;margin-bottom: 5px;background-size: cover; \"><\/div>\n\t\t\t\t\t\t\t\t\t  <\/div>\n\t\t\t\t\t\t\t\t\t  \n\t\t\t\t\t\t\t\t   <span class=\"yuzo__text--title\" style=\"font-size:13px;\">Mulheres na ci\u00eancia ganham impulso com nova pol\u00edti...<\/span>\n\t\t\t\t\t\t\t  \n\t\t\t\t\t\t\t  \n\t\t\t\t\t\t\t  <\/a>\n\n\t\t\t\t\t\t  <\/div>\n\t\t\t\t\t\t  <div class=\"relatedthumb \" style=\"width:125px;float:left;overflow:hidden;\">  \n\t\t\t\t\t\t\t  \n\t\t\t\t\t\t\t  <a  href=\"https:\/\/redept.com.br\/blogosfera\/raoni-lula-e-angelina-jolie-obras-na-amazonia-e-as-cartas-na-mesa-de-2026\/\"  >\n\t\t\t\t\t\t\t\t\t  <div class=\"yuzo-img-wrap \" style=\"width: 125px;height:90px;\">\n\t\t\t\t\t\t\t\t\t\t\n\t\t\t\t\t\t\t\t\t\t<div class=\"yuzo-img\" style=\"background:url('https:\/\/redept.org\/blogosfera\/wp-content\/plugins\/yuzo-related-post\/assets\/images\/default.png') 50% 50% no-repeat;width: 125px;height:90px;margin-bottom: 5px;background-size: cover; \"><\/div>\n\t\t\t\t\t\t\t\t\t  <\/div>\n\t\t\t\t\t\t\t\t\t  \n\t\t\t\t\t\t\t\t   <span class=\"yuzo__text--title\" style=\"font-size:13px;\">Raoni, Lula e Angelina Jolie: obras na Amaz\u00f4nia e ...<\/span>\n\t\t\t\t\t\t\t  \n\t\t\t\t\t\t\t  \n\t\t\t\t\t\t\t  <\/a>\n\n\t\t\t\t\t\t  <\/div>\n<\/div> <script>\n\t\t\t\t\t\t  jQuery(document).ready(function( $ ){\n\t\t\t\t\t\t\t\/\/jQuery('.yuzo_related_post').equalizer({ overflow : 'relatedthumb' });\n\t\t\t\t\t\t\tjQuery('.yuzo_related_post .yuzo_wraps').equalizer({ columns : '> div' });\n\t\t\t\t\t\t   })\n\t\t\t\t\t\t  <\/script> <!-- End Yuzo :) -->","protected":false},"excerpt":{"rendered":"<p>O encerramento da jornada internacional da Funda\u00e7\u00e3o Perseu Abramo, realizado neste domingo (25), durante o 8\u00ba Congresso do PT, consolidou-se como um espa\u00e7o estrat\u00e9gico de converg\u00eancia diplom\u00e1tica e defesa da soberania tecnol\u00f3gica. A roda de conversa sobre a China, coordenada por Valter Pomar, diretor de Coopera\u00e7\u00e3o Internacional da Funda\u00e7\u00e3o, trouxe \u00e0 mesa vozes centrais da [&hellip;]<\/p>\n","protected":false},"author":2,"featured_media":0,"comment_status":"open","ping_status":"closed","sticky":false,"template":"","format":"standard","meta":{"fifu_image_url":"","fifu_image_alt":"","footnotes":""},"categories":[292,40171,8620,1048],"tags":[],"class_list":["post-84969","post","type-post","status-publish","format-standard","hentry","category-china","category-congresso-do-pt","category-noticia","category-soberania"],"_links":{"self":[{"href":"https:\/\/redept.com.br\/blogosfera\/wp-json\/wp\/v2\/posts\/84969","targetHints":{"allow":["GET"]}}],"collection":[{"href":"https:\/\/redept.com.br\/blogosfera\/wp-json\/wp\/v2\/posts"}],"about":[{"href":"https:\/\/redept.com.br\/blogosfera\/wp-json\/wp\/v2\/types\/post"}],"author":[{"embeddable":true,"href":"https:\/\/redept.com.br\/blogosfera\/wp-json\/wp\/v2\/users\/2"}],"replies":[{"embeddable":true,"href":"https:\/\/redept.com.br\/blogosfera\/wp-json\/wp\/v2\/comments?post=84969"}],"version-history":[{"count":0,"href":"https:\/\/redept.com.br\/blogosfera\/wp-json\/wp\/v2\/posts\/84969\/revisions"}],"wp:attachment":[{"href":"https:\/\/redept.com.br\/blogosfera\/wp-json\/wp\/v2\/media?parent=84969"}],"wp:term":[{"taxonomy":"category","embeddable":true,"href":"https:\/\/redept.com.br\/blogosfera\/wp-json\/wp\/v2\/categories?post=84969"},{"taxonomy":"post_tag","embeddable":true,"href":"https:\/\/redept.com.br\/blogosfera\/wp-json\/wp\/v2\/tags?post=84969"}],"curies":[{"name":"wp","href":"https:\/\/api.w.org\/{rel}","templated":true}]}}