{"id":84973,"date":"2026-04-27T17:48:57","date_gmt":"2026-04-27T20:48:57","guid":{"rendered":"https:\/\/redept.com.br\/blogosfera\/ivan-cepeda-lidera-corrida-presidencial-na-colombia-com-44-aponta-pesquisa\/"},"modified":"2026-04-27T17:48:57","modified_gmt":"2026-04-27T20:48:57","slug":"ivan-cepeda-lidera-corrida-presidencial-na-colombia-com-44-aponta-pesquisa","status":"publish","type":"post","link":"https:\/\/redept.com.br\/blogosfera\/ivan-cepeda-lidera-corrida-presidencial-na-colombia-com-44-aponta-pesquisa\/","title":{"rendered":"Iv\u00e1n Cepeda lidera corrida presidencial na Col\u00f4mbia com 44%, aponta pesquisa"},"content":{"rendered":"<p>O candidato \u00e0 presid\u00eancia da Col\u00f4mbia Iv\u00e1n Cepeda, do Pacto Hist\u00f3rico, aparece na lideran\u00e7a das inten\u00e7\u00f5es de voto para as elei\u00e7\u00f5es presidenciais que acontecem no dia 31 de maio. A pesquisa foi divulgada neste domingo (26) e realizada pela empresa Invamer para a Caracol Televisi\u00f3n e a Blu Radio. Apoiado pelo presidente colombiano Gustavo Petro, [\u2026]<\/p>\n<p><a href=\"https:\/\/www.brasildefato.com.br\/2026\/04\/27\/ivan-cepeda-lidera-corrida-presidencial-na-colombia-com-44-aponta-pesquisa\/\" rel=\"nofollow\">Fonte<\/a><\/p>\n<!-- Begin Yuzo --><div class='yuzo_related_post style-1'  data-version='5.12.89'><!-- without result --><div class='yuzo_clearfixed yuzo__title yuzo__title'><h3>Related Post<\/h3><\/div>\n\t\t\t\t\t\t  <div class=\"relatedthumb \" style=\"width:125px;float:left;overflow:hidden;\">  \n\t\t\t\t\t\t\t  \n\t\t\t\t\t\t\t  <a  href=\"https:\/\/redept.com.br\/blogosfera\/a-portas-fechadas-e-com-gentilezas-trump-recebe-gustavo-petro-na-casa-branca\/\"  >\n\t\t\t\t\t\t\t\t\t  <div class=\"yuzo-img-wrap \" style=\"width: 125px;height:90px;\">\n\t\t\t\t\t\t\t\t\t\t\n\t\t\t\t\t\t\t\t\t\t<div class=\"yuzo-img\" style=\"background:url('https:\/\/redept.org\/blogosfera\/wp-content\/plugins\/yuzo-related-post\/assets\/images\/default.png') 50% 50% no-repeat;width: 125px;height:90px;margin-bottom: 5px;background-size: cover; \"><\/div>\n\t\t\t\t\t\t\t\t\t  <\/div>\n\t\t\t\t\t\t\t\t\t  \n\t\t\t\t\t\t\t\t   <span class=\"yuzo__text--title\" style=\"font-size:13px;\">A portas fechadas e com gentilezas, Trump recebe G...<\/span>\n\t\t\t\t\t\t\t  \n\t\t\t\t\t\t\t  \n\t\t\t\t\t\t\t  <\/a>\n\n\t\t\t\t\t\t  <\/div>\n\t\t\t\t\t\t  <div class=\"relatedthumb \" style=\"width:125px;float:left;overflow:hidden;\">  \n\t\t\t\t\t\t\t  \n\t\t\t\t\t\t\t  <a  href=\"https:\/\/redept.com.br\/blogosfera\/brics-o-guarda-chuva-global\/\"  >\n\t\t\t\t\t\t\t\t\t  <div class=\"yuzo-img-wrap \" style=\"width: 125px;height:90px;\">\n\t\t\t\t\t\t\t\t\t\t\n\t\t\t\t\t\t\t\t\t\t<div class=\"yuzo-img\" style=\"background:url('https:\/\/redept.com.br\/blogosfera\/wp-content\/uploads\/2026\/02\/bandeiras-paises-brics-150x150.jpeg') 50% 50% no-repeat;width: 125px;height:90px;margin-bottom: 5px;background-size: cover; \"><\/div>\n\t\t\t\t\t\t\t\t\t  <\/div>\n\t\t\t\t\t\t\t\t\t  \n\t\t\t\t\t\t\t\t   <span class=\"yuzo__text--title\" style=\"font-size:13px;\">BRICS \u2013 O \u201cGuarda-Chuva\u201d Global\u00a0<\/span>\n\t\t\t\t\t\t\t  \n\t\t\t\t\t\t\t  \n\t\t\t\t\t\t\t  <\/a>\n\n\t\t\t\t\t\t  <\/div>\n\t\t\t\t\t\t  <div class=\"relatedthumb \" style=\"width:125px;float:left;overflow:hidden;\">  \n\t\t\t\t\t\t\t  \n\t\t\t\t\t\t\t  <a  href=\"https:\/\/redept.com.br\/blogosfera\/brasil-apresenta-politicas-para-tv-3-0-em-feira-mundial-de-inovacao\/\"  >\n\t\t\t\t\t\t\t\t\t  <div class=\"yuzo-img-wrap \" style=\"width: 125px;height:90px;\">\n\t\t\t\t\t\t\t\t\t\t\n\t\t\t\t\t\t\t\t\t\t<div class=\"yuzo-img\" style=\"background:url('https:\/\/redept.org\/blogosfera\/wp-content\/plugins\/yuzo-related-post\/assets\/images\/default.png') 50% 50% no-repeat;width: 125px;height:90px;margin-bottom: 5px;background-size: cover; \"><\/div>\n\t\t\t\t\t\t\t\t\t  <\/div>\n\t\t\t\t\t\t\t\t\t  \n\t\t\t\t\t\t\t\t   <span class=\"yuzo__text--title\" style=\"font-size:13px;\">Brasil apresenta pol\u00edticas para TV 3.0 em feira mu...<\/span>\n\t\t\t\t\t\t\t  \n\t\t\t\t\t\t\t  \n\t\t\t\t\t\t\t  <\/a>\n\n\t\t\t\t\t\t  <\/div>\n\t\t\t\t\t\t  <div class=\"relatedthumb \" style=\"width:125px;float:left;overflow:hidden;\">  \n\t\t\t\t\t\t\t  \n\t\t\t\t\t\t\t  <a  href=\"https:\/\/redept.com.br\/blogosfera\/seminario-na-camara-discute-enfrentamento-a-violencia-politica-de-genero-e-raca\/\"  >\n\t\t\t\t\t\t\t\t\t  <div class=\"yuzo-img-wrap \" style=\"width: 125px;height:90px;\">\n\t\t\t\t\t\t\t\t\t\t\n\t\t\t\t\t\t\t\t\t\t<div class=\"yuzo-img\" style=\"background:url('https:\/\/redept.org\/blogosfera\/wp-content\/plugins\/yuzo-related-post\/assets\/images\/default.png') 50% 50% no-repeat;width: 125px;height:90px;margin-bottom: 5px;background-size: cover; \"><\/div>\n\t\t\t\t\t\t\t\t\t  <\/div>\n\t\t\t\t\t\t\t\t\t  \n\t\t\t\t\t\t\t\t   <span class=\"yuzo__text--title\" style=\"font-size:13px;\">Semin\u00e1rio na C\u00e2mara discute enfrentamento \u00e0 viol\u00ean...<\/span>\n\t\t\t\t\t\t\t  \n\t\t\t\t\t\t\t  \n\t\t\t\t\t\t\t  <\/a>\n\n\t\t\t\t\t\t  <\/div>\n<\/div> <script>\n\t\t\t\t\t\t  jQuery(document).ready(function( $ ){\n\t\t\t\t\t\t\t\/\/jQuery('.yuzo_related_post').equalizer({ overflow : 'relatedthumb' });\n\t\t\t\t\t\t\tjQuery('.yuzo_related_post .yuzo_wraps').equalizer({ columns : '> div' });\n\t\t\t\t\t\t   })\n\t\t\t\t\t\t  <\/script> <!-- End Yuzo :) -->","protected":false},"excerpt":{"rendered":"<p>O candidato \u00e0 presid\u00eancia da Col\u00f4mbia Iv\u00e1n Cepeda, do Pacto Hist\u00f3rico, aparece na lideran\u00e7a das inten\u00e7\u00f5es de voto para as elei\u00e7\u00f5es presidenciais que acontecem no dia 31 de maio. A pesquisa foi divulgada neste domingo (26) e realizada pela empresa Invamer para a Caracol Televisi\u00f3n e a Blu Radio. Apoiado pelo presidente colombiano Gustavo Petro, [&hellip;]<\/p>\n","protected":false},"author":2,"featured_media":0,"comment_status":"open","ping_status":"closed","sticky":false,"template":"","format":"standard","meta":{"fifu_image_url":"","fifu_image_alt":"","footnotes":""},"categories":[48720,48721,44876,6537,3818,51870,51871,51872,851,51873,51874,38412,51875,51876,51877,2953,4856,50,51878,26179,40350,7268,44878,3291,51879,51880,11856,923,13641,51881,51882],"tags":[],"class_list":["post-84973","post","type-post","status-publish","format-standard","hentry","category-21-de-junho","category-31-de-maio","category-abelardo-de-la-espriella","category-advogado","category-alvaro-uribe","category-apoio-presidencial","category-aprovacao-gestao-petro","category-blu-radio","category-campanha-eleitoral","category-candidatura-presidencial","category-caracol-television","category-centro-democratico","category-defensores-da-patria","category-eleicoes-presidenciais-colombia","category-extrema-direita-colombia","category-gustavo-petro","category-intencoes-de-voto","category-internacional","category-invamer","category-ivan-cepeda","category-margem-de-erro","category-pacto-historico","category-paloma-valencia","category-pesquisa-de-opiniao","category-pesquisa-invamer","category-politica-colombiana","category-primeiro-turno","category-segundo-turno","category-senador","category-senadora","category-votos-em-branco"],"_links":{"self":[{"href":"https:\/\/redept.com.br\/blogosfera\/wp-json\/wp\/v2\/posts\/84973","targetHints":{"allow":["GET"]}}],"collection":[{"href":"https:\/\/redept.com.br\/blogosfera\/wp-json\/wp\/v2\/posts"}],"about":[{"href":"https:\/\/redept.com.br\/blogosfera\/wp-json\/wp\/v2\/types\/post"}],"author":[{"embeddable":true,"href":"https:\/\/redept.com.br\/blogosfera\/wp-json\/wp\/v2\/users\/2"}],"replies":[{"embeddable":true,"href":"https:\/\/redept.com.br\/blogosfera\/wp-json\/wp\/v2\/comments?post=84973"}],"version-history":[{"count":0,"href":"https:\/\/redept.com.br\/blogosfera\/wp-json\/wp\/v2\/posts\/84973\/revisions"}],"wp:attachment":[{"href":"https:\/\/redept.com.br\/blogosfera\/wp-json\/wp\/v2\/media?parent=84973"}],"wp:term":[{"taxonomy":"category","embeddable":true,"href":"https:\/\/redept.com.br\/blogosfera\/wp-json\/wp\/v2\/categories?post=84973"},{"taxonomy":"post_tag","embeddable":true,"href":"https:\/\/redept.com.br\/blogosfera\/wp-json\/wp\/v2\/tags?post=84973"}],"curies":[{"name":"wp","href":"https:\/\/api.w.org\/{rel}","templated":true}]}}