{"id":84988,"date":"2026-04-27T19:07:37","date_gmt":"2026-04-27T22:07:37","guid":{"rendered":"https:\/\/redept.com.br\/blogosfera\/contra-politicas-de-tarcisio-e-nunes-professores-estaduais-e-municipais-de-sao-paulo-fazem-greve-na-terca-feira-28\/"},"modified":"2026-04-27T19:07:37","modified_gmt":"2026-04-27T22:07:37","slug":"contra-politicas-de-tarcisio-e-nunes-professores-estaduais-e-municipais-de-sao-paulo-fazem-greve-na-terca-feira-28","status":"publish","type":"post","link":"https:\/\/redept.com.br\/blogosfera\/contra-politicas-de-tarcisio-e-nunes-professores-estaduais-e-municipais-de-sao-paulo-fazem-greve-na-terca-feira-28\/","title":{"rendered":"Contra pol\u00edticas de Tarc\u00edsio e Nunes, professores estaduais e municipais de S\u00e3o Paulo fazem greve na ter\u00e7a-feira (28)"},"content":{"rendered":"<p>Docentes cobram reajuste salarial e devem se reunir em assembleia nesta ter\u00e7a-feira na Alesp e em ato na frente da Prefeitura<\/p>\n<p><a href=\"https:\/\/www.brasildefato.com.br\/2026\/04\/27\/contra-politicas-de-tarcisio-e-nunes-professores-estaduais-e-municipais-de-sao-paulo-fazem-greve-na-terca-feira-28\/\" rel=\"nofollow\">Fonte<\/a><\/p>\n<!-- Begin Yuzo --><div class='yuzo_related_post style-1'  data-version='5.12.89'><!-- without result --><div class='yuzo_clearfixed yuzo__title yuzo__title'><h3>Related Post<\/h3><\/div>\n\t\t\t\t\t\t  <div class=\"relatedthumb \" style=\"width:125px;float:left;overflow:hidden;\">  \n\t\t\t\t\t\t\t  \n\t\t\t\t\t\t\t  <a  href=\"https:\/\/redept.com.br\/blogosfera\/bad-bunny-em-sao-paulo-guia-para-acompanhar-o-show-no-allianz-parque\/\"  >\n\t\t\t\t\t\t\t\t\t  <div class=\"yuzo-img-wrap \" style=\"width: 125px;height:90px;\">\n\t\t\t\t\t\t\t\t\t\t\n\t\t\t\t\t\t\t\t\t\t<div class=\"yuzo-img\" style=\"background:url('https:\/\/redept.com.br\/blogosfera\/wp-content\/uploads\/2026\/02\/bad-bunny-em-sao-paulo-150x150.jpg') 50% 50% no-repeat;width: 125px;height:90px;margin-bottom: 5px;background-size: cover; \"><\/div>\n\t\t\t\t\t\t\t\t\t  <\/div>\n\t\t\t\t\t\t\t\t\t  \n\t\t\t\t\t\t\t\t   <span class=\"yuzo__text--title\" style=\"font-size:13px;\">Bad Bunny em S\u00e3o Paulo: guia para acompanhar o sho...<\/span>\n\t\t\t\t\t\t\t  \n\t\t\t\t\t\t\t  \n\t\t\t\t\t\t\t  <\/a>\n\n\t\t\t\t\t\t  <\/div>\n\t\t\t\t\t\t  <div class=\"relatedthumb \" style=\"width:125px;float:left;overflow:hidden;\">  \n\t\t\t\t\t\t\t  \n\t\t\t\t\t\t\t  <a  href=\"https:\/\/sul21.com.br\/opiniao\/2025\/11\/o-colete-invisivel-por-joao-gabriel-toledo-medeiros\/\"  >\n\t\t\t\t\t\t\t\t\t  <div class=\"yuzo-img-wrap \" style=\"width: 125px;height:90px;\">\n\t\t\t\t\t\t\t\t\t\t\n\t\t\t\t\t\t\t\t\t\t<div class=\"yuzo-img\" style=\"background:url('https:\/\/redept.org\/blogosfera\/wp-content\/plugins\/yuzo-related-post\/assets\/images\/default.png') 50% 50% no-repeat;width: 125px;height:90px;margin-bottom: 5px;background-size: cover; \"><\/div>\n\t\t\t\t\t\t\t\t\t  <\/div>\n\t\t\t\t\t\t\t\t\t  \n\t\t\t\t\t\t\t\t   <span class=\"yuzo__text--title\" style=\"font-size:13px;\">O colete invis\u00edvel (por Jo\u00e3o Gabriel Toledo Medeir...<\/span>\n\t\t\t\t\t\t\t  \n\t\t\t\t\t\t\t  \n\t\t\t\t\t\t\t  <\/a>\n\n\t\t\t\t\t\t  <\/div>\n\t\t\t\t\t\t  <div class=\"relatedthumb \" style=\"width:125px;float:left;overflow:hidden;\">  \n\t\t\t\t\t\t\t  \n\t\t\t\t\t\t\t  <a  href=\"https:\/\/redept.com.br\/blogosfera\/haddad-bets-ganham-fortuna-e-mandam-dinheiro-para-fora-do-pais\/\"  >\n\t\t\t\t\t\t\t\t\t  <div class=\"yuzo-img-wrap \" style=\"width: 125px;height:90px;\">\n\t\t\t\t\t\t\t\t\t\t\n\t\t\t\t\t\t\t\t\t\t<div class=\"yuzo-img\" style=\"background:url('https:\/\/redept.org\/blogosfera\/wp-content\/plugins\/yuzo-related-post\/assets\/images\/default.png') 50% 50% no-repeat;width: 125px;height:90px;margin-bottom: 5px;background-size: cover; \"><\/div>\n\t\t\t\t\t\t\t\t\t  <\/div>\n\t\t\t\t\t\t\t\t\t  \n\t\t\t\t\t\t\t\t   <span class=\"yuzo__text--title\" style=\"font-size:13px;\">Haddad: bets ganham fortuna e mandam dinheiro para...<\/span>\n\t\t\t\t\t\t\t  \n\t\t\t\t\t\t\t  \n\t\t\t\t\t\t\t  <\/a>\n\n\t\t\t\t\t\t  <\/div>\n\t\t\t\t\t\t  <div class=\"relatedthumb \" style=\"width:125px;float:left;overflow:hidden;\">  \n\t\t\t\t\t\t\t  \n\t\t\t\t\t\t\t  <a  href=\"https:\/\/redept.com.br\/blogosfera\/noticias-do-dia-com-o-jornal-tvt-news-segunda-edicao-30-06\/\"  >\n\t\t\t\t\t\t\t\t\t  <div class=\"yuzo-img-wrap \" style=\"width: 125px;height:90px;\">\n\t\t\t\t\t\t\t\t\t\t\n\t\t\t\t\t\t\t\t\t\t<div class=\"yuzo-img\" style=\"background:url('https:\/\/redept.com.br\/blogosfera\/wp-content\/uploads\/2025\/06\/jornal_tvt_new-32-150x150.jpeg') 50% 50% no-repeat;width: 125px;height:90px;margin-bottom: 5px;background-size: cover; \"><\/div>\n\t\t\t\t\t\t\t\t\t  <\/div>\n\t\t\t\t\t\t\t\t\t  \n\t\t\t\t\t\t\t\t   <span class=\"yuzo__text--title\" style=\"font-size:13px;\">Not\u00edcias do dia com o Jornal TVT News Segunda Edi\u00e7...<\/span>\n\t\t\t\t\t\t\t  \n\t\t\t\t\t\t\t  \n\t\t\t\t\t\t\t  <\/a>\n\n\t\t\t\t\t\t  <\/div>\n<\/div> <script>\n\t\t\t\t\t\t  jQuery(document).ready(function( $ ){\n\t\t\t\t\t\t\t\/\/jQuery('.yuzo_related_post').equalizer({ overflow : 'relatedthumb' });\n\t\t\t\t\t\t\tjQuery('.yuzo_related_post .yuzo_wraps').equalizer({ columns : '> div' });\n\t\t\t\t\t\t   })\n\t\t\t\t\t\t  <\/script> <!-- End Yuzo :) -->","protected":false},"excerpt":{"rendered":"<p>Docentes cobram reajuste salarial e devem se reunir em assembleia nesta ter\u00e7a-feira na Alesp e em ato na frente da Prefeitura Fonte Related Post Argentina pode reduzir maioridade penal para 14 an&#8230; Alckmin passa por exames em Hospital, ap\u00f3s mal-est&#8230; Fl\u00e1vio Dino envia recado indireto a Eduardo Bolson&#8230; China reafirma apoio ao Brasil e condena [&hellip;]<\/p>\n","protected":false},"author":2,"featured_media":0,"comment_status":"open","ping_status":"closed","sticky":false,"template":"","format":"standard","meta":{"fifu_image_url":"","fifu_image_alt":"","footnotes":""},"categories":[5406,186,1710,51927,51928,51929,5130,51930,95,7743,756,51931,51932,51933,51934,48801,51935,51936,2091,51937,3013,11887,2320,5168,51938,494,29,5134,5135,5136,254,19671],"tags":[],"class_list":["post-84988","post","type-post","status-publish","format-standard","hentry","category-acessibilidade","category-alesp","category-apeoesp","category-auxiliares-de-vida-escolar","category-avaliacao-de-desempenho","category-bonus","category-coeduc","category-contribuicao-previdenciaria","category-educacao","category-educacao-inclusiva","category-greve","category-greve-por-tempo-indeterminado","category-jornada-especial-integral-de-formacao","category-lei-18-221-2024","category-paee","category-piso-nacional","category-pl-1316-2025","category-premio-de-desempenho-educacional","category-professores","category-progressao-funcional","category-reajuste-salarial","category-rede-estadual","category-rede-municipal","category-reforma-administrativa","category-reformas-escolares","category-ricardo-nunes","category-sao-paulo","category-sedin","category-sinesp","category-sinpeem","category-tarcisio-de-freitas","category-tjsp"],"_links":{"self":[{"href":"https:\/\/redept.com.br\/blogosfera\/wp-json\/wp\/v2\/posts\/84988","targetHints":{"allow":["GET"]}}],"collection":[{"href":"https:\/\/redept.com.br\/blogosfera\/wp-json\/wp\/v2\/posts"}],"about":[{"href":"https:\/\/redept.com.br\/blogosfera\/wp-json\/wp\/v2\/types\/post"}],"author":[{"embeddable":true,"href":"https:\/\/redept.com.br\/blogosfera\/wp-json\/wp\/v2\/users\/2"}],"replies":[{"embeddable":true,"href":"https:\/\/redept.com.br\/blogosfera\/wp-json\/wp\/v2\/comments?post=84988"}],"version-history":[{"count":0,"href":"https:\/\/redept.com.br\/blogosfera\/wp-json\/wp\/v2\/posts\/84988\/revisions"}],"wp:attachment":[{"href":"https:\/\/redept.com.br\/blogosfera\/wp-json\/wp\/v2\/media?parent=84988"}],"wp:term":[{"taxonomy":"category","embeddable":true,"href":"https:\/\/redept.com.br\/blogosfera\/wp-json\/wp\/v2\/categories?post=84988"},{"taxonomy":"post_tag","embeddable":true,"href":"https:\/\/redept.com.br\/blogosfera\/wp-json\/wp\/v2\/tags?post=84988"}],"curies":[{"name":"wp","href":"https:\/\/api.w.org\/{rel}","templated":true}]}}