{"id":84993,"date":"2026-04-27T19:44:17","date_gmt":"2026-04-27T22:44:17","guid":{"rendered":"https:\/\/redept.com.br\/blogosfera\/ctb-promove-1o-de-maio-com-atos-nacionais-e-defesa-do-fim-da-escala-6x1\/"},"modified":"2026-04-27T19:44:17","modified_gmt":"2026-04-27T22:44:17","slug":"ctb-promove-1o-de-maio-com-atos-nacionais-e-defesa-do-fim-da-escala-6x1","status":"publish","type":"post","link":"https:\/\/redept.com.br\/blogosfera\/ctb-promove-1o-de-maio-com-atos-nacionais-e-defesa-do-fim-da-escala-6x1\/","title":{"rendered":"CTB promove 1\u00ba de Maio com atos nacionais e defesa do fim da escala 6\u00d71"},"content":{"rendered":"<p><img fetchpriority=\"high\" width=\"1024\" height=\"576\"src=\"https:\/\/redept.com.br\/blogosfera\/wp-content\/uploads\/2026\/04\/01-2.jpg\" alt=\"\" decoding=\"async\" srcset=\"https:\/\/vermelho.org.br\/wp-content\/uploads\/2026\/04\/01-2-1024x576.jpg 1024w, https:\/\/vermelho.org.br\/wp-content\/uploads\/2026\/04\/01-2-300x169.jpg 300w, https:\/\/vermelho.org.br\/wp-content\/uploads\/2026\/04\/01-2-768x432.jpg 768w, https:\/\/redept.com.br\/blogosfera\/wp-content\/uploads\/2026\/04\/01-2.jpg 1366w\" sizes=\"(max-width: 1024px) 100vw, 1024px\"><\/p>\n<p>O 1\u00ba de Maio \u2013 Dia Internacional dos Trabalhadores \u2013 de 2026 ser\u00e1 um momento de uni\u00e3o em torno de reivindica\u00e7\u00f5es urgentes para a popula\u00e7\u00e3o brasileira. A principal bandeira \u00e9 o fim da escala 6\u00d71, proposta que avan\u00e7a no Congresso Nacional e mobiliza a sociedade pela aprova\u00e7\u00e3o. Nesse sentido, a CTB (Central dos Trabalhadores e Trabalhadoras do Brasil) estar\u00e1 nas ruas e promover\u00e1 atos nacionais em conjunto com outras centrais sindicais e movimentos sociais para refor\u00e7ar a unidade na luta.<\/p>\n<p>As agendas neste ano ser\u00e3o descentralizadas, como forma de ampliar a mobiliza\u00e7\u00e3o nacional e demonstrar que em todos os cantos do Brasil os trabalhadores est\u00e3o na luta pelos seus direitos.<\/p>\n<p>Entre os atos j\u00e1 confirmados est\u00e1 o de S\u00e3o Paulo (SP), que ser\u00e1 realizado na Pra\u00e7a Franklin Roosevelt, na Rep\u00fablica, a partir das 9h. O presidente da CTB nacional, Ad\u00edlson Ara\u00fajo, estar\u00e1 presente e ir\u00e1 enfatizar a necessidade do fim da cruel escala de trabalho 6\u00d71, para que os trabalhadores tenham melhor qualidade de vida e n\u00e3o vivam somente para atender \u00e0s necessidades do capital. Estudos j\u00e1 comprovaram que escalas de trabalho com mais dias de descanso para os empregados favorecem tamb\u00e9m as empresas, com o aumento de produtividade e menor rotatividade dos funcion\u00e1rios.<\/p>\n<p><strong>Leia mais<\/strong>: <a href=\"https:\/\/vermelho.org.br\/2026\/04\/15\/centrais-sindicais-unidas-entregam-a-lula-pauta-com-horizonte-de-conquistas\/\">Centrais sindicais unidas entregam a Lula pauta com horizonte de conquistas<\/a><\/p>\n<p>Al\u00e9m dessa quest\u00e3o, outras pautas mant\u00eam status de primeira ordem entre as reivindica\u00e7\u00f5es, como: a redu\u00e7\u00e3o da jornada de trabalho para 40 horas ou menos; a garantia de direitos trabalhistas; a igualdade salarial entre os g\u00eaneros; a prote\u00e7\u00e3o aos trabalhadores de aplicativos; e a valoriza\u00e7\u00e3o salarial.<\/p>\n<p>Dado o momento dos acontecimentos internos e externos ao Brasil, tamb\u00e9m ganham destaque a reivindica\u00e7\u00e3o pela <a href=\"https:\/\/vermelho.org.br\/2026\/04\/27\/centrais-sindicais-convocam-ato-contra-a-insuportavel-politica-de-juros\/\">redu\u00e7\u00e3o dos juros<\/a>; por mais investimentos p\u00fablicos; no combate ao feminic\u00eddio; assim como pela defesa da soberania nacional e da paz internacional.<\/p>\n<p>Esses pontos fazem parte da <a href=\"https:\/\/vermelho.org.br\/wp-content\/uploads\/2026\/04\/Pauta-Classe-Trabalhadora-26.30.pdf\">Pauta da Classe Trabalhadora 2026-2030<\/a>, documento aprovado durante a Confer\u00eancia Nacional da Classe Trabalhadora (Conclat 2026), entregue ao presidente Lula.<\/p>\n<p>Como ressalta a CTB, o ato na capital paulista faz parte de uma agenda mais ampla de manifesta\u00e7\u00f5es que ir\u00e3o ocorrer em todo o pa\u00eds e reafirmam \u201co car\u00e1ter hist\u00f3rico do Dia do Trabalhador como espa\u00e7o de luta, resist\u00eancia e organiza\u00e7\u00e3o coletiva\u201d.<\/p>\n<p>Dessa maneira, tamb\u00e9m j\u00e1 est\u00e3o marcados atos em Bras\u00edlia (DF), a partir das 10h, no Eix\u00e3o do Lazer (altura da 106 Sul); em Fortaleza (CE), \u00e0s 15h, no Espig\u00e3o Rui Barbosa, na Praia de Iracema; em Belo Horizonte (MG), a partir das 9h, na Pra\u00e7a Raul Soares; e no Rio de Janeiro (RJ), \u00e0s 14h, no Posto 5, em Copacabana. Mais agendas ainda ser\u00e3o confirmadas.<\/p>\n<p>Na quarta-feira (29), a CTB Rio de Janeiro promover\u00e1 uma panfletagem para convocar a popula\u00e7\u00e3o para o 1\u00ba de Maio, na esta\u00e7\u00e3o Central do Brasil, no centro do Rio.<\/p>\n<p>Para acompanhar todas as agendas unificadas das centrais sindicais para o Dia Internacional dos Trabalhadores, foi criado um portal em que \u00e9 poss\u00edvel ver os eventos cadastrados que ir\u00e3o ocorrer pelo Brasil (<a href=\"https:\/\/centraissindicais.org.br\/1maio\/\">veja aqui<\/a>).<\/p>\n<p>Confira abaixo as agendas da CTB, que ser\u00e3o atualizadas conforme novos atos sejam confirmados:<\/p>\n<ul>\n<li>S\u00e3o Paulo (SP), a partir das 9h, na<a href=\"https:\/\/www.instagram.com\/movimento_vatsp\/p\/DXh5E8GkY14\/\"> Pra\u00e7a Franklin Roosevelt,<\/a> na Rep\u00fablica;<\/li>\n<li>Bras\u00edlia (DF), a partir das 10h, no <a href=\"https:\/\/www.instagram.com\/ctb.df\/p\/DXdBmdsDZdV\/\">Eix\u00e3o do Lazer (altura da 106 Sul)<\/a>;<\/li>\n<li>Fortaleza (CE), \u00e0s 15h, no Espig\u00e3o Rui Barbosa, na Praia de Iracema;<\/li>\n<li>Belo Horizonte (MG), a partir das 9h, na Pra\u00e7a Raul Soares;<\/li>\n<li>Rio de Janeiro (RJ), \u00e0s 14h, <a href=\"https:\/\/www.instagram.com\/p\/DXg6OMUESwv\/\">no Posto 5, em Copacabana<\/a>.<\/li>\n<\/ul>\n<p>O post <a href=\"https:\/\/vermelho.org.br\/2026\/04\/27\/ctb-promove-1o-de-maio-com-atos-nacionais-e-defesa-do-fim-da-escala-6x1\/\">CTB promove 1\u00ba de Maio com atos nacionais e defesa do fim da escala 6\u00d71<\/a> apareceu primeiro em <a href=\"https:\/\/vermelho.org.br\/\">Vermelho<\/a>.<\/p>\n<!-- Begin Yuzo --><div class='yuzo_related_post style-1'  data-version='5.12.89'><!-- without result --><div class='yuzo_clearfixed yuzo__title yuzo__title'><h3>Related Post<\/h3><\/div>\n\t\t\t\t\t\t  <div class=\"relatedthumb \" style=\"width:125px;float:left;overflow:hidden;\">  \n\t\t\t\t\t\t\t  \n\t\t\t\t\t\t\t  <a  href=\"https:\/\/redept.com.br\/blogosfera\/brasil-avanca-e-chega-ao-top-7-global-de-felicidade-aponta-ipsos\/\"  >\n\t\t\t\t\t\t\t\t\t  <div class=\"yuzo-img-wrap \" style=\"width: 125px;height:90px;\">\n\t\t\t\t\t\t\t\t\t\t\n\t\t\t\t\t\t\t\t\t\t<div class=\"yuzo-img\" style=\"background:url('https:\/\/redept.com.br\/blogosfera\/wp-content\/uploads\/2026\/03\/Design-sem-nome-10-1920x1000-1-150x150.jpg') 50% 50% no-repeat;width: 125px;height:90px;margin-bottom: 5px;background-size: cover; \"><\/div>\n\t\t\t\t\t\t\t\t\t  <\/div>\n\t\t\t\t\t\t\t\t\t  \n\t\t\t\t\t\t\t\t   <span class=\"yuzo__text--title\" style=\"font-size:13px;\">Brasil avan\u00e7a e chega ao top 7 global de felicidad...<\/span>\n\t\t\t\t\t\t\t  \n\t\t\t\t\t\t\t  \n\t\t\t\t\t\t\t  <\/a>\n\n\t\t\t\t\t\t  <\/div>\n\t\t\t\t\t\t  <div class=\"relatedthumb \" style=\"width:125px;float:left;overflow:hidden;\">  \n\t\t\t\t\t\t\t  \n\t\t\t\t\t\t\t  <a  href=\"https:\/\/redept.com.br\/blogosfera\/ongs-em-sao-paulo-recebem-emendas-de-tarcisio-sem-transparencia-aponta-levantamento\/\"  >\n\t\t\t\t\t\t\t\t\t  <div class=\"yuzo-img-wrap \" style=\"width: 125px;height:90px;\">\n\t\t\t\t\t\t\t\t\t\t\n\t\t\t\t\t\t\t\t\t\t<div class=\"yuzo-img\" style=\"background:url('https:\/\/redept.com.br\/blogosfera\/wp-content\/uploads\/2025\/02\/173860522467a102a86960c-1738605224-3x2-lg-150x150.jpg') 50% 50% no-repeat;width: 125px;height:90px;margin-bottom: 5px;background-size: cover; \"><\/div>\n\t\t\t\t\t\t\t\t\t  <\/div>\n\t\t\t\t\t\t\t\t\t  \n\t\t\t\t\t\t\t\t   <span class=\"yuzo__text--title\" style=\"font-size:13px;\">ONGs em S\u00e3o Paulo recebem emendas de Tarc\u00edsio sem ...<\/span>\n\t\t\t\t\t\t\t  \n\t\t\t\t\t\t\t  \n\t\t\t\t\t\t\t  <\/a>\n\n\t\t\t\t\t\t  <\/div>\n\t\t\t\t\t\t  <div class=\"relatedthumb \" style=\"width:125px;float:left;overflow:hidden;\">  \n\t\t\t\t\t\t\t  \n\t\t\t\t\t\t\t  <a  href=\"https:\/\/redept.com.br\/blogosfera\/produtora-de-cobre-paranapanema-teria-mantido-indigenas-em-semi-escravidao-na-ditadura\/\"  >\n\t\t\t\t\t\t\t\t\t  <div class=\"yuzo-img-wrap \" style=\"width: 125px;height:90px;\">\n\t\t\t\t\t\t\t\t\t\t\n\t\t\t\t\t\t\t\t\t\t<div class=\"yuzo-img\" style=\"background:url('https:\/\/redept.org\/blogosfera\/wp-content\/plugins\/yuzo-related-post\/assets\/images\/default.png') 50% 50% no-repeat;width: 125px;height:90px;margin-bottom: 5px;background-size: cover; \"><\/div>\n\t\t\t\t\t\t\t\t\t  <\/div>\n\t\t\t\t\t\t\t\t\t  \n\t\t\t\t\t\t\t\t   <span class=\"yuzo__text--title\" style=\"font-size:13px;\">Produtora de cobre Paranapanema teria mantido ind\u00ed...<\/span>\n\t\t\t\t\t\t\t  \n\t\t\t\t\t\t\t  \n\t\t\t\t\t\t\t  <\/a>\n\n\t\t\t\t\t\t  <\/div>\n\t\t\t\t\t\t  <div class=\"relatedthumb \" style=\"width:125px;float:left;overflow:hidden;\">  \n\t\t\t\t\t\t\t  \n\t\t\t\t\t\t\t  <a  href=\"https:\/\/redept.com.br\/blogosfera\/governo-estadual-mantem-aulas-da-rede-publica-durante-onda-de-calor-que-atinge-o-rs\/\"  >\n\t\t\t\t\t\t\t\t\t  <div class=\"yuzo-img-wrap \" style=\"width: 125px;height:90px;\">\n\t\t\t\t\t\t\t\t\t\t\n\t\t\t\t\t\t\t\t\t\t<div class=\"yuzo-img\" style=\"background:url('https:\/\/redept.org\/blogosfera\/wp-content\/plugins\/yuzo-related-post\/assets\/images\/default.png') 50% 50% no-repeat;width: 125px;height:90px;margin-bottom: 5px;background-size: cover; \"><\/div>\n\t\t\t\t\t\t\t\t\t  <\/div>\n\t\t\t\t\t\t\t\t\t  \n\t\t\t\t\t\t\t\t   <span class=\"yuzo__text--title\" style=\"font-size:13px;\">Governo estadual mant\u00e9m aulas da rede p\u00fablica dura...<\/span>\n\t\t\t\t\t\t\t  \n\t\t\t\t\t\t\t  \n\t\t\t\t\t\t\t  <\/a>\n\n\t\t\t\t\t\t  <\/div>\n<\/div> <script>\n\t\t\t\t\t\t  jQuery(document).ready(function( $ ){\n\t\t\t\t\t\t\t\/\/jQuery('.yuzo_related_post').equalizer({ overflow : 'relatedthumb' });\n\t\t\t\t\t\t\tjQuery('.yuzo_related_post .yuzo_wraps').equalizer({ columns : '> div' });\n\t\t\t\t\t\t   })\n\t\t\t\t\t\t  <\/script> <!-- End Yuzo :) -->","protected":false},"excerpt":{"rendered":"<p>O 1\u00ba de Maio \u2013 Dia Internacional dos Trabalhadores \u2013 de 2026 ser\u00e1 um momento de uni\u00e3o em torno de reivindica\u00e7\u00f5es urgentes para a popula\u00e7\u00e3o brasileira. A principal bandeira \u00e9 o fim da escala 6\u00d71, proposta que avan\u00e7a no Congresso Nacional e mobiliza a sociedade pela aprova\u00e7\u00e3o. Nesse sentido, a CTB (Central dos Trabalhadores e [&hellip;]<\/p>\n","protected":false},"author":2,"featured_media":0,"comment_status":"open","ping_status":"closed","sticky":false,"template":"","format":"standard","meta":{"fifu_image_url":"","fifu_image_alt":"","footnotes":""},"categories":[3936,8408,282,51942,278],"tags":[],"class_list":["post-84993","post","type-post","status-publish","format-standard","hentry","category-1o-de-maio","category-centrais-sindiais","category-ctb","category-dia-internacional-dos-trabalhadores","category-movimentos"],"_links":{"self":[{"href":"https:\/\/redept.com.br\/blogosfera\/wp-json\/wp\/v2\/posts\/84993","targetHints":{"allow":["GET"]}}],"collection":[{"href":"https:\/\/redept.com.br\/blogosfera\/wp-json\/wp\/v2\/posts"}],"about":[{"href":"https:\/\/redept.com.br\/blogosfera\/wp-json\/wp\/v2\/types\/post"}],"author":[{"embeddable":true,"href":"https:\/\/redept.com.br\/blogosfera\/wp-json\/wp\/v2\/users\/2"}],"replies":[{"embeddable":true,"href":"https:\/\/redept.com.br\/blogosfera\/wp-json\/wp\/v2\/comments?post=84993"}],"version-history":[{"count":0,"href":"https:\/\/redept.com.br\/blogosfera\/wp-json\/wp\/v2\/posts\/84993\/revisions"}],"wp:attachment":[{"href":"https:\/\/redept.com.br\/blogosfera\/wp-json\/wp\/v2\/media?parent=84993"}],"wp:term":[{"taxonomy":"category","embeddable":true,"href":"https:\/\/redept.com.br\/blogosfera\/wp-json\/wp\/v2\/categories?post=84993"},{"taxonomy":"post_tag","embeddable":true,"href":"https:\/\/redept.com.br\/blogosfera\/wp-json\/wp\/v2\/tags?post=84993"}],"curies":[{"name":"wp","href":"https:\/\/api.w.org\/{rel}","templated":true}]}}