{"id":84995,"date":"2026-04-27T20:12:07","date_gmt":"2026-04-27T23:12:07","guid":{"rendered":"https:\/\/redept.com.br\/blogosfera\/assassinos-de-mae-bernadete-sao-condenados-na-bahia\/"},"modified":"2026-04-27T20:12:07","modified_gmt":"2026-04-27T23:12:07","slug":"assassinos-de-mae-bernadete-sao-condenados-na-bahia","status":"publish","type":"post","link":"https:\/\/redept.com.br\/blogosfera\/assassinos-de-mae-bernadete-sao-condenados-na-bahia\/","title":{"rendered":"Assassinos de M\u00e3e Bernadete s\u00e3o condenados na Bahia"},"content":{"rendered":"<p><img fetchpriority=\"high\" width=\"1200\" height=\"800\"src=\"https:\/\/redept.com.br\/blogosfera\/wp-content\/uploads\/2026\/04\/Mae-Bernadete.jpg\" alt=\"\" link_thumbnail=\"\" decoding=\"async\" srcset=\"https:\/\/redept.com.br\/blogosfera\/wp-content\/uploads\/2026\/04\/Mae-Bernadete.jpg 1200w, https:\/\/averdade.org.br\/wp-content\/uploads\/2026\/04\/Mae-Bernadete-350x233.jpg 350w, https:\/\/averdade.org.br\/wp-content\/uploads\/2026\/04\/Mae-Bernadete-1024x683.jpg 1024w, https:\/\/averdade.org.br\/wp-content\/uploads\/2026\/04\/Mae-Bernadete-250x167.jpg 250w, https:\/\/averdade.org.br\/wp-content\/uploads\/2026\/04\/Mae-Bernadete-768x512.jpg 768w, https:\/\/averdade.org.br\/wp-content\/uploads\/2026\/04\/Mae-Bernadete-150x100.jpg 150w, https:\/\/averdade.org.br\/wp-content\/uploads\/2026\/04\/Mae-Bernadete-300x200.jpg 300w, https:\/\/averdade.org.br\/wp-content\/uploads\/2026\/04\/Mae-Bernadete-696x464.jpg 696w, https:\/\/averdade.org.br\/wp-content\/uploads\/2026\/04\/Mae-Bernadete-1068x712.jpg 1068w\" sizes=\"(max-width: 1200px) 100vw, 1200px\"><\/p>\n<p><strong>No \u00faltimo 14 de abril, dois dos seis acusados pelo assassinado de M\u00e3e Bernadete foram condenados na Bahia, ap\u00f3s quase tr\u00eas anos do assassinato da l\u00edder quilombola. O julgamento representa um avan\u00e7o nas lutas sociais no pa\u00eds, mas ainda precisa ser conclu\u00eddo na garantia dos direitos humanos no Brasil.<\/strong><\/p>\n<p><strong>Reda\u00e7\u00e3o<\/strong><\/p>\n<hr>\n<p><strong>SOCIEDADE-<\/strong> O Tribunal do j\u00fari popular em Salvador condenou no \u00faltimo 14 de abril dois dos seis acusados pelo assassinato da M\u00e3e Bernadete, Ialorix\u00e1 e l\u00edder do Quilombo Pitanga dos Palmares, em Sim\u00f5es Filho, regi\u00e3o metropolitana de Salvador. Mar\u00edlio dos Santos, considerado mandante do crime, foi condenado a 40 anos, 5 meses e 22 dias de pris\u00e3o, mesmo estando foragido, enquanto Arielson da Concei\u00e7\u00e3o Santos, executor, recebeu uma pena de 29 anos e 9 meses de pris\u00e3o em regime fechado.<\/p>\n<p>Coincidentemente, um dia ap\u00f3s ser condenado, Mar\u00edlio dos Santos foi supostamente morto em confronto com a pol\u00edcia, na madrugada da quinta (16\/04). Segundo a Secretaria de Seguran\u00e7a P\u00fablica da Bahia (SSP-BA), a morte ocorreu durante uma tentativa de cumprimento de um mandado de pris\u00e3o contra ele, ap\u00f3s uma troca de tiros com o Batalh\u00e3o de Opera\u00e7\u00f5es Policiais Especiais (BOPE) da Bahia.<\/p>\n<p>Segundo a justi\u00e7a, o motivo do assassinato de M\u00e3e Bernadete seria o conflito com o tr\u00e1fico local, vers\u00e3o que n\u00e3o \u00e9 aceita pelos familiares e movimento sociais. O motivo do assassinato foi o enfrentamento que a l\u00edder do Quilombo Pitanga dos Palmares vinha desenvolvendo contra a especula\u00e7\u00e3o imobili\u00e1ria e a grilagem de terras. O quilombo vinha lutando pelo reconhecimento oficial das terras desde 2004, quando o quilombo foi certificado, mas o processo de titula\u00e7\u00e3o das terras estava parado. S\u00f3 em abril de 2024, motivado pela como\u00e7\u00e3o e cobran\u00e7a dos familiares de M\u00e3e Bernadete e da sociedade, que o Instituto Nacional de Coloniza\u00e7\u00e3o e Reforma Agr\u00e1ria (Incra) apresentou a Portaria n\u00b0 445\/2024 reconhecendo o territ\u00f3rio.<\/p>\n<p>Esse conflito gerou o assassinato em 2017 de Fl\u00e1vio Pac\u00edfico, o Binho do Quilombo, filho de M\u00e3e Bernadete, com 12 tiros ap\u00f3s denunciar a instala\u00e7\u00e3o de um aterro de res\u00edduos da constru\u00e7\u00e3o civil pr\u00f3ximo ao quilombo. A mesma forma como mataram M\u00e3e Bernadete. Em fevereiro desse ano o Minist\u00e9rio P\u00fablico baiano solicitou o arquivamento do caso e em fevereiro de 2025 o Tribunal de Justi\u00e7a da Bahia (TJBA) mandou soltar um dos suspeitos de envolvimento no crime.<\/p>\n<p><strong>Justi\u00e7a por M\u00e3e Bernadete<\/strong><\/p>\n<p>O assassinato de M\u00e3e Bernadete ganhou repercuss\u00e3o em todo o mundo. A Anistia Internacional acompanhou o julgamento afirmou a import\u00e2ncia da decis\u00e3o da justi\u00e7a. Em nota a Anistia Internacional refor\u00e7ou que \u201cO Brasil figura entre os pa\u00edses que mais matam defensores de direitos humanos e registra elevados \u00edndices de impunidade nesses casos\u201d. Apesar disso, a pr\u00f3pria Anistia Internacional aponta a necessidade de \u2018garantir a responsabiliza\u00e7\u00e3o de todos os envolvidos no crime\u2019, isso fica evidente quando notamos o direcionamento que \u00e9 dado pela justi\u00e7a em n\u00e3o investigar a den\u00fancia do conflito pelo territ\u00f3rio, reivindica\u00e7\u00e3o dos familiares e dos movimentos sociais que exigem que a justi\u00e7a seja feita e que o caso n\u00e3o seja esquecido.<\/p>\n<p>O exemplo de luta de M\u00e3e Bernadete n\u00e3o vai ser esquecido, assim como a luta de Marielle Franco, Chico Mendes, Dorothy Stang, Bruno Pereira e Dom Phillips, Cacique Chic\u00e3o, Merong Kamak\u00e3, e tantos outros, s\u00e3o nomes que exigem justi\u00e7a. O Estado brasileiro tem que ser responsabilizado pelos crimes cometidos contra esse seus melhores filhos e filhas, do mesmo modo que diversos crimes cometidos ao longo de nossa hist\u00f3ria at\u00e9 os dias de hoje n\u00e3o foram resolvidos. Os crimes da ditadura militar, os mortos pela pol\u00edcia, a viol\u00eancia no campo, o genoc\u00eddio dos povos origin\u00e1rios e os mais de trezentos anos de escravid\u00e3o oficial no pa\u00eds at\u00e9 hoje n\u00e3o foram resolvidos. As elites que se beneficiaram com esses crimes permanecem impunes e n\u00f3s, enquanto sociedade, precisamos exigir justi\u00e7a e n\u00e3o deixar que esses crimes pol\u00edticos sejam solucionados. Por isso que exigir justi\u00e7a por M\u00e3e Bernadete n\u00e3o \u00e9 apenas uma palavra de ordem, \u00e9 uma bandeira de luta, e dizemos: M\u00e3e Bernadete, Presente!<\/p>\n<!-- Begin Yuzo --><div class='yuzo_related_post style-1'  data-version='5.12.89'><!-- without result --><div class='yuzo_clearfixed yuzo__title yuzo__title'><h3>Related Post<\/h3><\/div>\n\t\t\t\t\t\t  <div class=\"relatedthumb \" style=\"width:125px;float:left;overflow:hidden;\">  \n\t\t\t\t\t\t\t  \n\t\t\t\t\t\t\t  <a  href=\"https:\/\/redept.com.br\/blogosfera\/inelegivel-e-descartado-pela-elite-bolsonaro-e-carta-fora-do-baralho\/\"  >\n\t\t\t\t\t\t\t\t\t  <div class=\"yuzo-img-wrap \" style=\"width: 125px;height:90px;\">\n\t\t\t\t\t\t\t\t\t\t\n\t\t\t\t\t\t\t\t\t\t<div class=\"yuzo-img\" style=\"background:url('https:\/\/redept.org\/blogosfera\/wp-content\/plugins\/yuzo-related-post\/assets\/images\/default.png') 50% 50% no-repeat;width: 125px;height:90px;margin-bottom: 5px;background-size: cover; \"><\/div>\n\t\t\t\t\t\t\t\t\t  <\/div>\n\t\t\t\t\t\t\t\t\t  \n\t\t\t\t\t\t\t\t   <span class=\"yuzo__text--title\" style=\"font-size:13px;\">Ineleg\u00edvel e descartado pela elite, Bolsonaro \u00e9 \u2018c...<\/span>\n\t\t\t\t\t\t\t  \n\t\t\t\t\t\t\t  \n\t\t\t\t\t\t\t  <\/a>\n\n\t\t\t\t\t\t  <\/div>\n\t\t\t\t\t\t  <div class=\"relatedthumb \" style=\"width:125px;float:left;overflow:hidden;\">  \n\t\t\t\t\t\t\t  \n\t\t\t\t\t\t\t  <a  href=\"https:\/\/redept.com.br\/blogosfera\/pronara-e-passo-para-frear-uso-de-agrotoxicos-como-arma-de-guerra\/\"  >\n\t\t\t\t\t\t\t\t\t  <div class=\"yuzo-img-wrap \" style=\"width: 125px;height:90px;\">\n\t\t\t\t\t\t\t\t\t\t\n\t\t\t\t\t\t\t\t\t\t<div class=\"yuzo-img\" style=\"background:url('https:\/\/redept.org\/blogosfera\/wp-content\/plugins\/yuzo-related-post\/assets\/images\/default.png') 50% 50% no-repeat;width: 125px;height:90px;margin-bottom: 5px;background-size: cover; \"><\/div>\n\t\t\t\t\t\t\t\t\t  <\/div>\n\t\t\t\t\t\t\t\t\t  \n\t\t\t\t\t\t\t\t   <span class=\"yuzo__text--title\" style=\"font-size:13px;\">Pronara \u00e9 passo para frear uso de agrot\u00f3xicos como...<\/span>\n\t\t\t\t\t\t\t  \n\t\t\t\t\t\t\t  \n\t\t\t\t\t\t\t  <\/a>\n\n\t\t\t\t\t\t  <\/div>\n\t\t\t\t\t\t  <div class=\"relatedthumb \" style=\"width:125px;float:left;overflow:hidden;\">  \n\t\t\t\t\t\t\t  \n\t\t\t\t\t\t\t  <a  href=\"https:\/\/redept.com.br\/blogosfera\/apos-condenacao-de-ney-ferraz-por-corrupcao-e-lavagem-de-dinheiro-gdf-anuncia-novo-secretario-de-economia\/\"  >\n\t\t\t\t\t\t\t\t\t  <div class=\"yuzo-img-wrap \" style=\"width: 125px;height:90px;\">\n\t\t\t\t\t\t\t\t\t\t\n\t\t\t\t\t\t\t\t\t\t<div class=\"yuzo-img\" style=\"background:url('https:\/\/redept.org\/blogosfera\/wp-content\/plugins\/yuzo-related-post\/assets\/images\/default.png') 50% 50% no-repeat;width: 125px;height:90px;margin-bottom: 5px;background-size: cover; \"><\/div>\n\t\t\t\t\t\t\t\t\t  <\/div>\n\t\t\t\t\t\t\t\t\t  \n\t\t\t\t\t\t\t\t   <span class=\"yuzo__text--title\" style=\"font-size:13px;\">Ap\u00f3s condena\u00e7\u00e3o de Ney Ferraz por corrup\u00e7\u00e3o e lava...<\/span>\n\t\t\t\t\t\t\t  \n\t\t\t\t\t\t\t  \n\t\t\t\t\t\t\t  <\/a>\n\n\t\t\t\t\t\t  <\/div>\n\t\t\t\t\t\t  <div class=\"relatedthumb \" style=\"width:125px;float:left;overflow:hidden;\">  \n\t\t\t\t\t\t\t  \n\t\t\t\t\t\t\t  <a  href=\"https:\/\/redept.com.br\/blogosfera\/moraes-quer-pericia-em-heleno-por-alzheimer-coincidente-com-pena-doenca-nao-foi-citada-no-julgamento\/\"  >\n\t\t\t\t\t\t\t\t\t  <div class=\"yuzo-img-wrap \" style=\"width: 125px;height:90px;\">\n\t\t\t\t\t\t\t\t\t\t\n\t\t\t\t\t\t\t\t\t\t<div class=\"yuzo-img\" style=\"background:url('https:\/\/redept.org\/blogosfera\/wp-content\/plugins\/yuzo-related-post\/assets\/images\/default.png') 50% 50% no-repeat;width: 125px;height:90px;margin-bottom: 5px;background-size: cover; \"><\/div>\n\t\t\t\t\t\t\t\t\t  <\/div>\n\t\t\t\t\t\t\t\t\t  \n\t\t\t\t\t\t\t\t   <span class=\"yuzo__text--title\" style=\"font-size:13px;\">Moraes quer per\u00edcia em Heleno por Alzheimer coinci...<\/span>\n\t\t\t\t\t\t\t  \n\t\t\t\t\t\t\t  \n\t\t\t\t\t\t\t  <\/a>\n\n\t\t\t\t\t\t  <\/div>\n<\/div> <script>\n\t\t\t\t\t\t  jQuery(document).ready(function( $ ){\n\t\t\t\t\t\t\t\/\/jQuery('.yuzo_related_post').equalizer({ overflow : 'relatedthumb' });\n\t\t\t\t\t\t\tjQuery('.yuzo_related_post .yuzo_wraps').equalizer({ columns : '> div' });\n\t\t\t\t\t\t   })\n\t\t\t\t\t\t  <\/script> <!-- End Yuzo :) -->","protected":false},"excerpt":{"rendered":"<p><img decoding=\"async\" width=\"1200\" height=\"800\" src=\"https:\/\/averdade.org.br\/wp-content\/uploads\/2026\/04\/Mae-Bernadete.jpg\" alt=\"\">No \u00faltimo 14 de abril, dois dos seis acusados pelo assassinado de M\u00e3e Bernadete foram condenados na Bahia, ap\u00f3s quase tr\u00eas anos do assassinato da l\u00edder quilombola. O julgamento representa um avan\u00e7o nas lutas sociais no pa\u00eds, mas ainda precisa ser conclu\u00eddo na garantia dos direitos humanos no Brasil. Reda\u00e7\u00e3o SOCIEDADE- O Tribunal do j\u00fari [\u2026]<\/p>\n","protected":false},"author":2,"featured_media":84996,"comment_status":"open","ping_status":"closed","sticky":false,"template":"","format":"standard","meta":{"fifu_image_url":"","fifu_image_alt":"","footnotes":""},"categories":[7278,432,307,462,46990,61],"tags":[],"class_list":["post-84995","post","type-post","status-publish","format-standard","has-post-thumbnail","hentry","category-anistia-internacional","category-bahia","category-direitos-humanos","category-lutas-e-herois-do-povo","category-mae-bernadete","category-sociedade"],"_links":{"self":[{"href":"https:\/\/redept.com.br\/blogosfera\/wp-json\/wp\/v2\/posts\/84995","targetHints":{"allow":["GET"]}}],"collection":[{"href":"https:\/\/redept.com.br\/blogosfera\/wp-json\/wp\/v2\/posts"}],"about":[{"href":"https:\/\/redept.com.br\/blogosfera\/wp-json\/wp\/v2\/types\/post"}],"author":[{"embeddable":true,"href":"https:\/\/redept.com.br\/blogosfera\/wp-json\/wp\/v2\/users\/2"}],"replies":[{"embeddable":true,"href":"https:\/\/redept.com.br\/blogosfera\/wp-json\/wp\/v2\/comments?post=84995"}],"version-history":[{"count":0,"href":"https:\/\/redept.com.br\/blogosfera\/wp-json\/wp\/v2\/posts\/84995\/revisions"}],"wp:featuredmedia":[{"embeddable":true,"href":"https:\/\/redept.com.br\/blogosfera\/wp-json\/wp\/v2\/media\/84996"}],"wp:attachment":[{"href":"https:\/\/redept.com.br\/blogosfera\/wp-json\/wp\/v2\/media?parent=84995"}],"wp:term":[{"taxonomy":"category","embeddable":true,"href":"https:\/\/redept.com.br\/blogosfera\/wp-json\/wp\/v2\/categories?post=84995"},{"taxonomy":"post_tag","embeddable":true,"href":"https:\/\/redept.com.br\/blogosfera\/wp-json\/wp\/v2\/tags?post=84995"}],"curies":[{"name":"wp","href":"https:\/\/api.w.org\/{rel}","templated":true}]}}