{"id":84997,"date":"2026-04-27T20:49:28","date_gmt":"2026-04-27T23:49:28","guid":{"rendered":"https:\/\/redept.com.br\/blogosfera\/novo-desenrola-permitira-uso-do-fgts-para-renegociacao-de-dividas\/"},"modified":"2026-04-27T20:49:28","modified_gmt":"2026-04-27T23:49:28","slug":"novo-desenrola-permitira-uso-do-fgts-para-renegociacao-de-dividas","status":"publish","type":"post","link":"https:\/\/redept.com.br\/blogosfera\/novo-desenrola-permitira-uso-do-fgts-para-renegociacao-de-dividas\/","title":{"rendered":"Novo Desenrola permitir\u00e1 uso do FGTS para renegocia\u00e7\u00e3o de d\u00edvidas\u00a0"},"content":{"rendered":"<p>O novo programa Desenrola, que vem sendo chamado de Desenrola 2.0, deve ser anunciado esta semana pelo presidente Luiz In\u00e1cio Lula da Silva (PT) e vai permitir\u00a0o uso do Fundo de Garantia do Tempo de Servi\u00e7o\u00a0(FGTS) para a renegocia\u00e7\u00e3o das d\u00edvidas.\u00a0 A informa\u00e7\u00e3o foi confirmada nesta segunda-feira (27) pelo ministro da Fazenda, Dario Durigan, em [\u2026]<\/p>\n<p><a href=\"https:\/\/www.brasildefato.com.br\/2026\/04\/27\/novo-desenrola-permitira-uso-do-fgts-para-renegociacao-de-dividas\/\" rel=\"nofollow\">Fonte<\/a><\/p>\n<!-- Begin Yuzo --><div class='yuzo_related_post style-1'  data-version='5.12.89'><!-- without result --><div class='yuzo_clearfixed yuzo__title yuzo__title'><h3>Related Post<\/h3><\/div>\n\t\t\t\t\t\t  <div class=\"relatedthumb \" style=\"width:125px;float:left;overflow:hidden;\">  \n\t\t\t\t\t\t\t  \n\t\t\t\t\t\t\t  <a  href=\"https:\/\/redept.com.br\/blogosfera\/apoio-a-palestina-ganha-forca-no-mundial-de-clubes-da-fifa\/\"  >\n\t\t\t\t\t\t\t\t\t  <div class=\"yuzo-img-wrap \" style=\"width: 125px;height:90px;\">\n\t\t\t\t\t\t\t\t\t\t\n\t\t\t\t\t\t\t\t\t\t<div class=\"yuzo-img\" style=\"background:url('https:\/\/redept.com.br\/blogosfera\/wp-content\/uploads\/2025\/06\/062423_pridebanner-845x550-1-150x150.webp') 50% 50% no-repeat;width: 125px;height:90px;margin-bottom: 5px;background-size: cover; \"><\/div>\n\t\t\t\t\t\t\t\t\t  <\/div>\n\t\t\t\t\t\t\t\t\t  \n\t\t\t\t\t\t\t\t   <span class=\"yuzo__text--title\" style=\"font-size:13px;\">Apoio \u00e0 Palestina ganha for\u00e7a no Mundial de Clubes...<\/span>\n\t\t\t\t\t\t\t  \n\t\t\t\t\t\t\t  \n\t\t\t\t\t\t\t  <\/a>\n\n\t\t\t\t\t\t  <\/div>\n\t\t\t\t\t\t  <div class=\"relatedthumb \" style=\"width:125px;float:left;overflow:hidden;\">  \n\t\t\t\t\t\t\t  \n\t\t\t\t\t\t\t  <a  href=\"https:\/\/redept.com.br\/blogosfera\/jornal-ingles-chama-policia-militar-de-sp-de-forca-policial-mais-perigosa-do-mundo\/\"  >\n\t\t\t\t\t\t\t\t\t  <div class=\"yuzo-img-wrap \" style=\"width: 125px;height:90px;\">\n\t\t\t\t\t\t\t\t\t\t\n\t\t\t\t\t\t\t\t\t\t<div class=\"yuzo-img\" style=\"background:url('https:\/\/redept.org\/blogosfera\/wp-content\/plugins\/yuzo-related-post\/assets\/images\/default.png') 50% 50% no-repeat;width: 125px;height:90px;margin-bottom: 5px;background-size: cover; \"><\/div>\n\t\t\t\t\t\t\t\t\t  <\/div>\n\t\t\t\t\t\t\t\t\t  \n\t\t\t\t\t\t\t\t   <span class=\"yuzo__text--title\" style=\"font-size:13px;\">Jornal ingl\u00eas chama pol\u00edcia militar de SP de \u2018for\u00e7...<\/span>\n\t\t\t\t\t\t\t  \n\t\t\t\t\t\t\t  \n\t\t\t\t\t\t\t  <\/a>\n\n\t\t\t\t\t\t  <\/div>\n\t\t\t\t\t\t  <div class=\"relatedthumb \" style=\"width:125px;float:left;overflow:hidden;\">  \n\t\t\t\t\t\t\t  \n\t\t\t\t\t\t\t  <a  href=\"https:\/\/redept.com.br\/blogosfera\/breno-altman-brics-precisa-se-fortalecer-apos-ataques-contra-ira\/\"  >\n\t\t\t\t\t\t\t\t\t  <div class=\"yuzo-img-wrap \" style=\"width: 125px;height:90px;\">\n\t\t\t\t\t\t\t\t\t\t\n\t\t\t\t\t\t\t\t\t\t<div class=\"yuzo-img\" style=\"background:url('https:\/\/redept.org\/blogosfera\/wp-content\/plugins\/yuzo-related-post\/assets\/images\/default.png') 50% 50% no-repeat;width: 125px;height:90px;margin-bottom: 5px;background-size: cover; \"><\/div>\n\t\t\t\t\t\t\t\t\t  <\/div>\n\t\t\t\t\t\t\t\t\t  \n\t\t\t\t\t\t\t\t   <span class=\"yuzo__text--title\" style=\"font-size:13px;\">Breno Altman: BRICS precisa se fortalecer ap\u00f3s ata...<\/span>\n\t\t\t\t\t\t\t  \n\t\t\t\t\t\t\t  \n\t\t\t\t\t\t\t  <\/a>\n\n\t\t\t\t\t\t  <\/div>\n\t\t\t\t\t\t  <div class=\"relatedthumb \" style=\"width:125px;float:left;overflow:hidden;\">  \n\t\t\t\t\t\t\t  \n\t\t\t\t\t\t\t  <a  href=\"https:\/\/redept.com.br\/blogosfera\/bolsa-bate-recorde-e-dolar-cai-apos-reuniao-entre-lula-e-trump\/\"  >\n\t\t\t\t\t\t\t\t\t  <div class=\"yuzo-img-wrap \" style=\"width: 125px;height:90px;\">\n\t\t\t\t\t\t\t\t\t\t\n\t\t\t\t\t\t\t\t\t\t<div class=\"yuzo-img\" style=\"background:url('https:\/\/redept.org\/blogosfera\/wp-content\/plugins\/yuzo-related-post\/assets\/images\/default.png') 50% 50% no-repeat;width: 125px;height:90px;margin-bottom: 5px;background-size: cover; \"><\/div>\n\t\t\t\t\t\t\t\t\t  <\/div>\n\t\t\t\t\t\t\t\t\t  \n\t\t\t\t\t\t\t\t   <span class=\"yuzo__text--title\" style=\"font-size:13px;\">Bolsa bate recorde e d\u00f3lar cai ap\u00f3s reuni\u00e3o entre ...<\/span>\n\t\t\t\t\t\t\t  \n\t\t\t\t\t\t\t  \n\t\t\t\t\t\t\t  <\/a>\n\n\t\t\t\t\t\t  <\/div>\n<\/div> <script>\n\t\t\t\t\t\t  jQuery(document).ready(function( $ ){\n\t\t\t\t\t\t\t\/\/jQuery('.yuzo_related_post').equalizer({ overflow : 'relatedthumb' });\n\t\t\t\t\t\t\tjQuery('.yuzo_related_post .yuzo_wraps').equalizer({ columns : '> div' });\n\t\t\t\t\t\t   })\n\t\t\t\t\t\t  <\/script> <!-- End Yuzo :) -->","protected":false},"excerpt":{"rendered":"<p>O novo programa Desenrola, que vem sendo chamado de Desenrola 2.0, deve ser anunciado esta semana pelo presidente Luiz In\u00e1cio Lula da Silva (PT) e vai permitir\u00a0o uso do Fundo de Garantia do Tempo de Servi\u00e7o\u00a0(FGTS) para a renegocia\u00e7\u00e3o das d\u00edvidas.\u00a0 A informa\u00e7\u00e3o foi confirmada nesta segunda-feira (27) pelo ministro da Fazenda, Dario Durigan, em [&hellip;]<\/p>\n","protected":false},"author":2,"featured_media":0,"comment_status":"open","ping_status":"closed","sticky":false,"template":"","format":"standard","meta":{"fifu_image_url":"","fifu_image_alt":"","footnotes":""},"categories":[1308,11820,26513,45497,47200,51943,51944,5911,51945,8002,51921,221,815,14898,1460,44946,1378,161,1831,19309,47001,112,51946,15875,21266,4992,47436,51947,3959,26055,548],"tags":[],"class_list":["post-84997","post","type-post","status-publish","format-standard","hentry","category-banqueiros","category-bradesco","category-btg-pactual","category-cartao-de-credito","category-cheque-especial","category-citibank","category-credito-direto-ao-consumidor","category-dario-durigan","category-descontos-de-ate-90","category-desenrola","category-desenrola-2-0","category-economia","category-economia-brasileira","category-febraban","category-fgts","category-fundo-de-garantia-do-tempo-de-servico","category-fundo-garantidor-de-operacoes","category-governo-federal","category-inadimplencia","category-itau-unibanco","category-juros-elevados","category-lula","category-medida-excepcional","category-ministro-da-fazenda","category-nubank","category-politica-economica","category-refis","category-renegociacao-de-debitos","category-renegociacao-de-dividas","category-santander","category-taxa-de-juros"],"_links":{"self":[{"href":"https:\/\/redept.com.br\/blogosfera\/wp-json\/wp\/v2\/posts\/84997","targetHints":{"allow":["GET"]}}],"collection":[{"href":"https:\/\/redept.com.br\/blogosfera\/wp-json\/wp\/v2\/posts"}],"about":[{"href":"https:\/\/redept.com.br\/blogosfera\/wp-json\/wp\/v2\/types\/post"}],"author":[{"embeddable":true,"href":"https:\/\/redept.com.br\/blogosfera\/wp-json\/wp\/v2\/users\/2"}],"replies":[{"embeddable":true,"href":"https:\/\/redept.com.br\/blogosfera\/wp-json\/wp\/v2\/comments?post=84997"}],"version-history":[{"count":0,"href":"https:\/\/redept.com.br\/blogosfera\/wp-json\/wp\/v2\/posts\/84997\/revisions"}],"wp:attachment":[{"href":"https:\/\/redept.com.br\/blogosfera\/wp-json\/wp\/v2\/media?parent=84997"}],"wp:term":[{"taxonomy":"category","embeddable":true,"href":"https:\/\/redept.com.br\/blogosfera\/wp-json\/wp\/v2\/categories?post=84997"},{"taxonomy":"post_tag","embeddable":true,"href":"https:\/\/redept.com.br\/blogosfera\/wp-json\/wp\/v2\/tags?post=84997"}],"curies":[{"name":"wp","href":"https:\/\/api.w.org\/{rel}","templated":true}]}}