{"id":84998,"date":"2026-04-27T20:59:25","date_gmt":"2026-04-27T23:59:25","guid":{"rendered":"https:\/\/redept.com.br\/blogosfera\/apoio-da-russia-ao-ira-marca-fim-de-periodo-de-onipresenca-e-medo-que-eua-impoem-ao-mundo-afirma-especialista\/"},"modified":"2026-04-27T20:59:25","modified_gmt":"2026-04-27T23:59:25","slug":"apoio-da-russia-ao-ira-marca-fim-de-periodo-de-onipresenca-e-medo-que-eua-impoem-ao-mundo-afirma-especialista","status":"publish","type":"post","link":"https:\/\/redept.com.br\/blogosfera\/apoio-da-russia-ao-ira-marca-fim-de-periodo-de-onipresenca-e-medo-que-eua-impoem-ao-mundo-afirma-especialista\/","title":{"rendered":"Apoio da R\u00fassia ao Ir\u00e3 marca \u2018fim de per\u00edodo de onipresen\u00e7a e medo que EUA imp\u00f5em ao mundo\u2019, afirma especialista"},"content":{"rendered":"<p>A Casa Branca confirmou na tarde desta segunda-feira (27) que o presidente dos Estados Unidos, Donald Trump, junto a assessores, est\u00e1 avaliando uma proposta de reabertura do Estreito de Ormuz do governo iraniano condicionada ao fim do bloqueio naval estadunidense na regi\u00e3o. O programa nuclear iraniano ficou fora do documento. Para Amauri Chamorro, especialista em [\u2026]<\/p>\n<p><a href=\"https:\/\/www.brasildefato.com.br\/2026\/04\/27\/apoio-da-russia-ao-ira-marca-fim-de-periodo-de-onipresenca-e-medo-que-eua-impoem-ao-mundo-afirma-especialista\/\" rel=\"nofollow\">Fonte<\/a><\/p>\n<!-- Begin Yuzo --><div class='yuzo_related_post style-1'  data-version='5.12.89'><!-- without result --><div class='yuzo_clearfixed yuzo__title yuzo__title'><h3>Related Post<\/h3><\/div>\n\t\t\t\t\t\t  <div class=\"relatedthumb \" style=\"width:125px;float:left;overflow:hidden;\">  \n\t\t\t\t\t\t\t  \n\t\t\t\t\t\t\t  <a  href=\"https:\/\/redept.com.br\/blogosfera\/gaza-os-campos-de-concentracao-biometricos\/\"  >\n\t\t\t\t\t\t\t\t\t  <div class=\"yuzo-img-wrap \" style=\"width: 125px;height:90px;\">\n\t\t\t\t\t\t\t\t\t\t\n\t\t\t\t\t\t\t\t\t\t<div class=\"yuzo-img\" style=\"background:url('https:\/\/redept.com.br\/blogosfera\/wp-content\/uploads\/2025\/06\/Sem-titulo-1-150x150.png') 50% 50% no-repeat;width: 125px;height:90px;margin-bottom: 5px;background-size: cover; \"><\/div>\n\t\t\t\t\t\t\t\t\t  <\/div>\n\t\t\t\t\t\t\t\t\t  \n\t\t\t\t\t\t\t\t   <span class=\"yuzo__text--title\" style=\"font-size:13px;\">Gaza: Os campos de concentra\u00e7\u00e3o biom\u00e9tricos<\/span>\n\t\t\t\t\t\t\t  \n\t\t\t\t\t\t\t  \n\t\t\t\t\t\t\t  <\/a>\n\n\t\t\t\t\t\t  <\/div>\n\t\t\t\t\t\t  <div class=\"relatedthumb \" style=\"width:125px;float:left;overflow:hidden;\">  \n\t\t\t\t\t\t\t  \n\t\t\t\t\t\t\t  <a  href=\"https:\/\/redept.com.br\/blogosfera\/sob-lula-3-avaliacao-positiva-do-sus-ultrapassa-media-da-america-latina-segundo-relatorio-ocde\/\"  >\n\t\t\t\t\t\t\t\t\t  <div class=\"yuzo-img-wrap \" style=\"width: 125px;height:90px;\">\n\t\t\t\t\t\t\t\t\t\t\n\t\t\t\t\t\t\t\t\t\t<div class=\"yuzo-img\" style=\"background:url('https:\/\/redept.org\/blogosfera\/wp-content\/plugins\/yuzo-related-post\/assets\/images\/default.png') 50% 50% no-repeat;width: 125px;height:90px;margin-bottom: 5px;background-size: cover; \"><\/div>\n\t\t\t\t\t\t\t\t\t  <\/div>\n\t\t\t\t\t\t\t\t\t  \n\t\t\t\t\t\t\t\t   <span class=\"yuzo__text--title\" style=\"font-size:13px;\">Sob Lula 3, avalia\u00e7\u00e3o positiva do SUS ultrapassa m...<\/span>\n\t\t\t\t\t\t\t  \n\t\t\t\t\t\t\t  \n\t\t\t\t\t\t\t  <\/a>\n\n\t\t\t\t\t\t  <\/div>\n\t\t\t\t\t\t  <div class=\"relatedthumb \" style=\"width:125px;float:left;overflow:hidden;\">  \n\t\t\t\t\t\t\t  \n\t\t\t\t\t\t\t  <a  href=\"https:\/\/redept.com.br\/blogosfera\/v-exa-esta-dando-um-golpe-imagens-de-paulo-pimenta-denunciando-manipulacao-na-votacao-que-aprovou-quebra-de-sigilo-de-lulinha-video\/\"  >\n\t\t\t\t\t\t\t\t\t  <div class=\"yuzo-img-wrap \" style=\"width: 125px;height:90px;\">\n\t\t\t\t\t\t\t\t\t\t\n\t\t\t\t\t\t\t\t\t\t<div class=\"yuzo-img\" style=\"background:url('https:\/\/redept.org\/blogosfera\/wp-content\/plugins\/yuzo-related-post\/assets\/images\/default.png') 50% 50% no-repeat;width: 125px;height:90px;margin-bottom: 5px;background-size: cover; \"><\/div>\n\t\t\t\t\t\t\t\t\t  <\/div>\n\t\t\t\t\t\t\t\t\t  \n\t\t\t\t\t\t\t\t   <span class=\"yuzo__text--title\" style=\"font-size:13px;\">\u201cV. Exa. est\u00e1 dando um golpe\u201d: imagens de Paulo Pi...<\/span>\n\t\t\t\t\t\t\t  \n\t\t\t\t\t\t\t  \n\t\t\t\t\t\t\t  <\/a>\n\n\t\t\t\t\t\t  <\/div>\n\t\t\t\t\t\t  <div class=\"relatedthumb \" style=\"width:125px;float:left;overflow:hidden;\">  \n\t\t\t\t\t\t\t  \n\t\t\t\t\t\t\t  <a  href=\"https:\/\/redept.com.br\/blogosfera\/metanol-camara-aprova-urgencia-para-tornar-crime-hediondo-a-falsificacao-de-bebidas\/\"  >\n\t\t\t\t\t\t\t\t\t  <div class=\"yuzo-img-wrap \" style=\"width: 125px;height:90px;\">\n\t\t\t\t\t\t\t\t\t\t\n\t\t\t\t\t\t\t\t\t\t<div class=\"yuzo-img\" style=\"background:url('https:\/\/redept.org\/blogosfera\/wp-content\/plugins\/yuzo-related-post\/assets\/images\/default.png') 50% 50% no-repeat;width: 125px;height:90px;margin-bottom: 5px;background-size: cover; \"><\/div>\n\t\t\t\t\t\t\t\t\t  <\/div>\n\t\t\t\t\t\t\t\t\t  \n\t\t\t\t\t\t\t\t   <span class=\"yuzo__text--title\" style=\"font-size:13px;\">Metanol: C\u00e2mara aprova urg\u00eancia para tornar crime ...<\/span>\n\t\t\t\t\t\t\t  \n\t\t\t\t\t\t\t  \n\t\t\t\t\t\t\t  <\/a>\n\n\t\t\t\t\t\t  <\/div>\n<\/div> <script>\n\t\t\t\t\t\t  jQuery(document).ready(function( $ ){\n\t\t\t\t\t\t\t\/\/jQuery('.yuzo_related_post').equalizer({ overflow : 'relatedthumb' });\n\t\t\t\t\t\t\tjQuery('.yuzo_related_post .yuzo_wraps').equalizer({ columns : '> div' });\n\t\t\t\t\t\t   })\n\t\t\t\t\t\t  <\/script> <!-- End Yuzo :) -->","protected":false},"excerpt":{"rendered":"<p>A Casa Branca confirmou na tarde desta segunda-feira (27) que o presidente dos Estados Unidos, Donald Trump, junto a assessores, est\u00e1 avaliando uma proposta de reabertura do Estreito de Ormuz do governo iraniano condicionada ao fim do bloqueio naval estadunidense na regi\u00e3o. O programa nuclear iraniano ficou fora do documento. Para Amauri Chamorro, especialista em [&hellip;]<\/p>\n","protected":false},"author":2,"featured_media":0,"comment_status":"open","ping_status":"closed","sticky":false,"template":"","format":"standard","meta":{"fifu_image_url":"","fifu_image_alt":"","footnotes":""},"categories":[8250,51948,46947,22079,6773,1793,51949,292,4813,51950,9943,10075,1023,6991,379,394,8650,1312,41243,50,41,238,33578,8824,42,4704,51951,43,1048,2599],"tags":[],"class_list":["post-84998","post","type-post","status-publish","format-standard","hentry","category-acordo-nuclear","category-alianca-ira-russia-china","category-amauri-chamorro","category-bloqueio-naval","category-brasil-de-fato","category-casa-branca","category-centralidade-do-oriente","category-china","category-conexao-bdf","category-correlacao-de-forcas-global","category-crise-diplomatica","category-desenvolvimento-tecnologico","category-donald-trump","category-enriquecimento-de-uranio","category-entrevista","category-estados-unidos","category-estreito-de-ormuz","category-geopolitica","category-hegemonia-estadunidense","category-internacional","category-ira","category-oriente-medio","category-poder-militar","category-programa-nuclear-iraniano","category-putin","category-radio-brasil-de-fato","category-reabertura-do-estreito","category-russia","category-soberania","category-turquia"],"_links":{"self":[{"href":"https:\/\/redept.com.br\/blogosfera\/wp-json\/wp\/v2\/posts\/84998","targetHints":{"allow":["GET"]}}],"collection":[{"href":"https:\/\/redept.com.br\/blogosfera\/wp-json\/wp\/v2\/posts"}],"about":[{"href":"https:\/\/redept.com.br\/blogosfera\/wp-json\/wp\/v2\/types\/post"}],"author":[{"embeddable":true,"href":"https:\/\/redept.com.br\/blogosfera\/wp-json\/wp\/v2\/users\/2"}],"replies":[{"embeddable":true,"href":"https:\/\/redept.com.br\/blogosfera\/wp-json\/wp\/v2\/comments?post=84998"}],"version-history":[{"count":0,"href":"https:\/\/redept.com.br\/blogosfera\/wp-json\/wp\/v2\/posts\/84998\/revisions"}],"wp:attachment":[{"href":"https:\/\/redept.com.br\/blogosfera\/wp-json\/wp\/v2\/media?parent=84998"}],"wp:term":[{"taxonomy":"category","embeddable":true,"href":"https:\/\/redept.com.br\/blogosfera\/wp-json\/wp\/v2\/categories?post=84998"},{"taxonomy":"post_tag","embeddable":true,"href":"https:\/\/redept.com.br\/blogosfera\/wp-json\/wp\/v2\/tags?post=84998"}],"curies":[{"name":"wp","href":"https:\/\/api.w.org\/{rel}","templated":true}]}}