{"id":84999,"date":"2026-04-27T20:56:40","date_gmt":"2026-04-27T23:56:40","guid":{"rendered":"https:\/\/redept.com.br\/blogosfera\/cuba-resistira-a-todas-as-ameacas-do-imperialismo\/"},"modified":"2026-04-27T20:56:40","modified_gmt":"2026-04-27T23:56:40","slug":"cuba-resistira-a-todas-as-ameacas-do-imperialismo","status":"publish","type":"post","link":"https:\/\/redept.com.br\/blogosfera\/cuba-resistira-a-todas-as-ameacas-do-imperialismo\/","title":{"rendered":"\u201cCuba resistir\u00e1 a todas as amea\u00e7as do imperialismo\u201d"},"content":{"rendered":"<p><img fetchpriority=\"high\" width=\"1258\" height=\"1600\"src=\"https:\/\/redept.com.br\/blogosfera\/wp-content\/uploads\/2026\/04\/IMG-20260320-WA0040.jpg\" alt=\"\" link_thumbnail=\"\" decoding=\"async\" srcset=\"https:\/\/redept.com.br\/blogosfera\/wp-content\/uploads\/2026\/04\/IMG-20260320-WA0040.jpg 1258w, https:\/\/averdade.org.br\/wp-content\/uploads\/2026\/04\/IMG-20260320-WA0040-275x350.jpg 275w, https:\/\/averdade.org.br\/wp-content\/uploads\/2026\/04\/IMG-20260320-WA0040-805x1024.jpg 805w, https:\/\/averdade.org.br\/wp-content\/uploads\/2026\/04\/IMG-20260320-WA0040-197x250.jpg 197w, https:\/\/averdade.org.br\/wp-content\/uploads\/2026\/04\/IMG-20260320-WA0040-768x977.jpg 768w, https:\/\/averdade.org.br\/wp-content\/uploads\/2026\/04\/IMG-20260320-WA0040-1208x1536.jpg 1208w, https:\/\/averdade.org.br\/wp-content\/uploads\/2026\/04\/IMG-20260320-WA0040-150x191.jpg 150w, https:\/\/averdade.org.br\/wp-content\/uploads\/2026\/04\/IMG-20260320-WA0040-300x382.jpg 300w, https:\/\/averdade.org.br\/wp-content\/uploads\/2026\/04\/IMG-20260320-WA0040-696x885.jpg 696w, https:\/\/averdade.org.br\/wp-content\/uploads\/2026\/04\/IMG-20260320-WA0040-1068x1358.jpg 1068w\" sizes=\"(max-width: 1258px) 100vw, 1258px\"><\/p>\n<p><strong>O Jornal A Verdade entrevistou Hans Lisboa, membro do Comit\u00ea Pernambucano de Solidariedade com Cuba e apoiador das brigadas de solidariedade com o pa\u00eds caribenho. Hans esteve em Cuba em 11 ocasi\u00f5es diferentes e, nessa entrevista, fala sobre as suas impress\u00f5es sobre a ilha e as mobiliza\u00e7\u00f5es que tem sido realizadas em todo o Brasil para denunciar as atuais amea\u00e7as dos EUA, que \u00e9 culpado diretamente pela atual crise energ\u00e9tica que enfrentam os cubanos. <\/strong><\/p>\n<p><strong>Cl\u00f3vis Maia | Reda\u00e7\u00e3o Pernambuco<\/strong><\/p>\n<hr>\n<p><strong>ENTREVISTA \u2013 <\/strong>As recentes amea\u00e7as promovidas pelo governo fascista de Donald Trump contra Cuba representam um dos momentos mais delicados na hist\u00f3ria do pa\u00eds socialista. A crise energ\u00e9tica foi agravada ainda mais pelo bloqueio econ\u00f4mico que j\u00e1 dura mais de 60 anos. Hans Lisboa \u00e9 membro do Comit\u00ea Pernambucano de Solidariedade com Cuba e participa das brigadas de solidariedade com Cuba. Para o jornal A Verdade ele fala um pouco dessa experi\u00eancia de solidariedade e da urg\u00eancia de denunciar a pol\u00edtica do Estado americano contra o pa\u00eds caribenho.<\/p>\n<p><strong>Jornal A Verdade \u2013 Quando se fala de Cuba, geralmente fala-se mal. A propaganda contra o pa\u00eds \u00e9 terr\u00edvel. O que te motivou ir at\u00e9 a ilha e como foi tua primeira impress\u00e3o ao chegar l\u00e1?<\/strong><\/p>\n<p><strong>Hans Lisboa \u2013<\/strong> Eu fui 11 vezes a Cuba. Na primeira vez eu tinha apenas 20 anos. Cuba passava por um momento muito bom, antes do chamado \u201cper\u00edodo especial\u201d. E o que me instigava a ir a Cuba foi justamente por ser um pa\u00eds diferenciado de todos os pa\u00edses aqui da Am\u00e9rica Latina. Claro que vivemos algumas experi\u00eancias boas com Allende, no Chile, o \u00c1rbenz\u00b9 na Guatemala, mas a hist\u00f3ria viva de um pa\u00eds socialista, verdadeiramente socialista, era Cuba. Isso me instigou a querer conhecer um pouco mais dessa realidade.<\/p>\n<p>A primeira vez que estive l\u00e1, in\u00edcio dos anos 80, Cuba passava por um momento muito bom, ainda em plena vig\u00eancia da Uni\u00e3o Sovi\u00e9tica. L\u00e1 eu vi uma Cuba que era uma que eu gostaria que existisse at\u00e9 hoje.\u00a0 O pa\u00eds produzindo tudo, o sistema de transporte fluindo bem. Eu lembro que peguei trem para ir ao interior de Cuba, tudo funcionava a contento na \u00e9poca, foi maravilhoso. Passei 10 dias l\u00e1 nessa primeira visita, inclusive no Hotel Copacabana, em Havana, que anos mais tarde sofreria um atentado promovido pelos grupos anticastristas, onde houve at\u00e9 a morte de um turista italiano.<\/p>\n<p>Eu posso dizer que me apaixonei por Cuba. Jurei amor eterno. Na segunda vez que eu fui, a ilha j\u00e1 passava por um momento mais delicado. Foram duas viagens que eu fiz durante o chamado \u2018Per\u00edodo especial\u2019, de 90 a 2000. Nessas duas viagens eu vi uma outra realidade de Cuba, especialmente com o fim da Uni\u00e3o Sovi\u00e9tica, o fim do subs\u00eddio ao pa\u00eds, a troca de a\u00e7\u00facar por mantimentos entre os dois pa\u00edses, tudo isso tinha ru\u00eddo. E Cuba precisou sobreviver como podia na \u00e9poca, al\u00e9m de passar por muita dificuldade. O pa\u00eds tinha que se adaptar \u00e0 nova realidade.<\/p>\n<p><strong>Quer dizer, o bloqueio econ\u00f4mico \u00e9 um inimigo feroz dos cubanos. N\u00e3o \u00e9 de hoje. Como eles faziam para enfrentar essas dificuldades, especialmente depois do fim da Uni\u00e3o Sovi\u00e9tica?<\/strong><\/p>\n<p>Nesse per\u00edodo a\u00ed eu pude ver o qu\u00e3o o povo cubano \u00e9 resiliente. Era muito dif\u00edcil sobreviver naqueles tempos. Eu acho que um fator que fez com que as pessoas ainda acreditassem no pa\u00eds naquele per\u00edodo, isso por volta dos anos 2000, mais ou menos, eu pude notar duas coisas: Primeiro os ensinamentos que a revolu\u00e7\u00e3o tinha passado para o seu povo. As pessoas viam que tinham que defender a Revolu\u00e7\u00e3o. Era verdadeiramente <em>p\u00e1tria ou morte<\/em>. As pessoas entendiam que n\u00e3o dava para voltar ao capitalismo. Se voltasse ao capitalismo, voltava toda aquela realidade anterior \u00e0 Revolu\u00e7\u00e3o. E um outro fator que impulsionou era Fidel Castro. Fidel Castro, como a maior lideran\u00e7a de Cuba, transmitia muita confian\u00e7a, dava muita seguran\u00e7a para os cubanos naquela \u00e9poca. Ent\u00e3o, era muito comum encontrar as pessoas fazendo a defesa de Fidel naquele tempo.<\/p>\n<p>Mesmo com todas as dificuldades, ningu\u00e9m esmorecia, e todos, era quase unanimidade, defendia a necessidade de manter o projeto da revolu\u00e7\u00e3o. Evidentemente que o cubano, em algum momento, falava mal da situa\u00e7\u00e3o, reclamava, ficava preocupado com o dia a dia, como \u00e9 comum das pessoas. Mas, voltar para o sistema capitalista? A maioria dos cubanos n\u00e3o queriam de maneira nenhuma. E eram taxativos. \u2018Melhoras as coisas? Sim. A gente tem que fazer a cr\u00edtica para que as coisas melhorem, mas, voltar ao que era antes? Isso nunca!\u201d era esse o sentimento que a gente sempre ouvia nas ruas.<\/p>\n<p><strong>Quando se fala de Cuba a imprensa s\u00f3 fala de pobreza, de mis\u00e9ria, esse papo batido da m\u00eddia hegem\u00f4nica. Nesse conflito atual praticamente n\u00e3o se fala em nenhum ve\u00edculo de comunica\u00e7\u00e3o sobre o bloqueio econ\u00f4mico, que dura mais de seis d\u00e9cadas. Essa nova ofensiva de Trump est\u00e1 agravando ainda mais a situa\u00e7\u00e3o do bloqueio, sobretudo ap\u00f3s a pandemia de covid. Como \u00e9 que voc\u00ea enxerga essa manuten\u00e7\u00e3o do discurso anti-cuba e o agravamento dessa crise humanit\u00e1ria por l\u00e1?<\/strong><\/p>\n<p>Como eu disse, a situa\u00e7\u00e3o de Cuba era muito boa. Com o fim da Uni\u00e3o Sovi\u00e9tica acabaram aquelas trocas entre os pa\u00edses e Cuba teve que se adaptar \u00e0 nova realidade. Foi a\u00ed que veio a quest\u00e3o do turismo, com a permiss\u00e3o de que algumas empresas estrangeiras instalassem seus hot\u00e9is em Cuba. A\u00ed o pa\u00eds voltou a respirar. Foi um momento bom. Parecia que a partir da\u00ed a m\u00eddia iria, como se diz, maneirar mais na propaganda contra a ilha. Mas a\u00ed \u00e9 que t\u00e1: o problema de Cuba \u00e9 o bloqueio que o pa\u00eds vive, n\u00e3o o seu regime. E \u00e9 isso que n\u00e3o querem que os povos mais humildes saibam. A m\u00eddia pensava que o socialismo iria acabar depois da morte de Fidel ou que o povo de l\u00e1 \u00e9 ref\u00e9m de seu governo. Essa \u00e9 a ideia que a m\u00eddia tenta passar para a gente. Mas o que se v\u00ea em Cuba \u00c9 uma coisa assim que transcende essa mentira.<\/p>\n<p>Mesmo no \u2018per\u00edodo especial\u2019 eu tive a oportunidade de ir l\u00e1 duas vezes, e n\u00e3o se via ningu\u00e9m na rua, por exemplo, ningu\u00e9m pedindo esmola, ningu\u00e9m passando necessidades. Hoje, infelizmente, estive ano passado l\u00e1, e pude encontrar alguns pedintes, ver mais dificuldades, especialmente pela continuidade do bloqueio e pela pandemia que passamos, na qual Cuba enfrentou sozinha e corajosamente. No in\u00edcio dos anos 2000 ou na d\u00e9cada de 90 isso era uma coisa que eu n\u00e3o vi. No in\u00edcio dos anos 2000, por exemplo, as pessoas nem dependiam mais da <em>Libreta, <\/em>aquela caderneta que marcava os produtos que as fam\u00edlias recebiam.<\/p>\n<p>Agora, mesmo com as dificuldades, em todo tempo sempre vi todo mundo na escola, todo mundo alfabetizado, as crian\u00e7as em escolas e creches integrais, praticamente nenhuma viol\u00eancia no pa\u00eds inteiro, seguran\u00e7a, energia e \u00e1gua gratuitos. Isso a m\u00eddia nunca mostrou. E os turistas veem isso l\u00e1. E voltam para seus pa\u00edses fazendo essa propaganda, desmentindo as mentiras do imperialismo.<\/p>\n<p><strong>Voc\u00ea falou do \u201cper\u00edodo especial\u201d. E voc\u00ea pode observar o pa\u00eds em v\u00e1rios momentos distintos. A situa\u00e7\u00e3o atual de Cuba \u00e9 a mais delicada na hist\u00f3ria da ilha?<\/strong><\/p>\n<p>O per\u00edodo especial foi porque Cuba fazia trocas com a Uni\u00e3o Sovi\u00e9tica. Vendia a\u00e7\u00facar para a Uni\u00e3o Sovi\u00e9tica e para os pa\u00edses do bloco socialista. Al\u00e9m do a\u00e7\u00facar, vendia rum, outros produtos minerais como o n\u00edquel, o cobalto e mais alguns. Em contrapartida Cuba recebia petr\u00f3leo da Uni\u00e3o Sovi\u00e9tica e todo o suporte para a implementa\u00e7\u00e3o das cooperativas em Cuba para do transporte, recebia trens da Uni\u00e3o Sovi\u00e9tica, do Leste Europeu como um todo, ent\u00e3o isso ajudava muito para a economia cubana. Tudo isso deixou de existir quando os pa\u00edses voltaram a ser capitalistas. Voltaram para Cuba essa vis\u00e3o do capitalismo selvagem.<\/p>\n<p>Ent\u00e3o, como o bloqueio persiste at\u00e9 hoje, n\u00e3o permitem que Cuba fa\u00e7a neg\u00f3cios utilizando o sistema SWIFT, por exemplo, obrigando o uso do d\u00f3lar em esp\u00e9cie. Nessa \u00e9poca os cubanos tiveram que de readaptar para poder sobreviver. Com o sequestro de Maduro, realmente a situa\u00e7\u00e3o escalonou de uma forma muito terr\u00edvel. Se eu for comparar com o per\u00edodo especial, acredito que hoje seja bem pior.<\/p>\n<p><strong>Esse apoio que a Venezuela dispensava para Cuba e que foi cortada ap\u00f3s o sequestro de Maduro ficou mais escancarada quando o Trump afirmou que deseja invadir a ilha. Mas em janeiro desse ano Trump declarou emerg\u00eancia nacional contra a ilha, classificando Cuba como um pa\u00eds terrorista. Essa n\u00e3o \u00e9 s\u00f3 uma amea\u00e7a, como estamos vendo no caso do Ir\u00e3, n\u00e9?<\/strong><\/p>\n<p>Eu enxergo com muita preocupa\u00e7\u00e3o esse momento, porque essas a\u00e7\u00f5es tresloucadas do presidente americano, de sequestro de um presidente da rep\u00fablica, de tentativa de tomada de poder no Ir\u00e3, e avisos constantes de que vai invadir Cuba tem que nos preocupar. Ningu\u00e9m sabe o que pode sair da cabe\u00e7a daquele maluco l\u00e1. Muita gente n\u00e3o sabe, mas Cuba s\u00f3 produz 40% do petr\u00f3leo que necessita. Ent\u00e3o precisa de outros 60%. Os pain\u00e9is solares e toda a solidariedade que o mundo tem demonstrado com Cuba tem ajudado, mas com esses sucessivos apag\u00f5es, evidentemente que a economia sofre bastante.<\/p>\n<p>Eu vejo que a possibilidade de invas\u00e3o \u00e0 ilha, ou um poss\u00edvel sequestro do presidente Miguel D\u00edaz-Canel, \u00e9 muito dif\u00edcil. N\u00e3o que o Trump n\u00e3o possa fazer, n\u00e3o \u00e9 isso. Mas eu n\u00e3o vejo que ele vai conseguir implementar isso sem haver resist\u00eancia, primeiro pelos ideais cubanos, que est\u00e3o enraizados no povo. O inconsciente coletivo, nessa hora, fala mais alto. Segundo, as for\u00e7as armadas cubanas s\u00e3o muito, muito bem treinadas. Evidentemente que, se for comparar a for\u00e7a b\u00e9lica dos Estados Unidos com a de Cuba, a dos EUA \u00e9 infinitamente superior. Mas eu vejo a\u00ed uma guerra de guerrilha dentro de Cuba, onde muitos americanos iriam ter que voltar para suas casas dentro de um caix\u00e3o. E ser\u00e1 que a opini\u00e3o p\u00fablica americana iria querer assistir um novo Vietn\u00e3? Mas, como eu disse, se tratando desse fascista que est\u00e1 na presid\u00eancia hoje, tudo \u00e9 poss\u00edvel. Ainda mais agora que ele precisa desesperadamente de apoio interno para vencer as elei\u00e7\u00f5es que se avizinham. Se ele n\u00e3o conseguir maioria, pode at\u00e9 ser impichado.<\/p>\n<p><strong>Por \u00faltimo, apesar das dificuldades, temos visto que a solidariedade com Cuba se mant\u00e9m e tem crescido. Fala um pouco de como tu enxerga essas movimenta\u00e7\u00f5es de solidariedade e tua experiencia com as brigadas solid\u00e1rias ao longo desses anos. <\/strong><\/p>\n<p>Olha eu participo de um grupo nacional de solidariedade a Cuba, voltados para as brigadas. A cada dois anos h\u00e1 um encontro nacional de solidariedade, pessoas ligadas ao Centro Cultural Jos\u00e9 Mart\u00ed, os comit\u00eas regionais de solidariedade como o daqui de Pernambuco. Apraz muito conhecer essas pessoas e ver como que eles se dedicam \u00e0 causa cubana. Tudo por conta da solidariedade que Cuba presta n\u00e3o s\u00f3 ao Brasil como ao mundo. Vejo sempre com bons olhos, a disposi\u00e7\u00e3o dos companheiros Brasil afora em sair em defesa de Cuba. Isso \u00e9 que nos d\u00e1 esperan\u00e7a de que cuba vai sair dessa situa\u00e7\u00e3o, inclusive \u00e9 importante tamb\u00e9m a press\u00e3o que acontece todos os anos na ONU pelo fim do bloqueio. A resolu\u00e7\u00e3o \u00e9 un\u00e2nime. Tirando os pa\u00edses de sempre, Estados Unidos e Israel, a maioria vota favoravelmente ao fim do bloqueio, ent\u00e3o com todas essas a\u00e7\u00f5es de solidariedade a Cuba feitas no Brasil e no mundo Cuba h\u00e1 de vencer e seguir firme com o socialismo para que seja espelho para o mundo e espelho para o Brasil.<\/p>\n<p>Vejo sempre com muitos bons olhos todo esse trabalho feito pelos grupos de solidariedade com Cuba aqui. Eu tenho que s\u00f3 parabenizar a todos os que participam, direta e indiretamente nessa luta. Lembrando que n\u00f3s estamos com duas grandes campanhas agora, uma para levar pain\u00e9is solares, com a conta da C\u00e2mara de Com\u00e9rcio Brasil-Cuba, e a outra para compra de medicamentos e alimentos e outros mantimentos para Cuba. Ent\u00e3o vamos seguir nessa solidariedade e agrade\u00e7o muito aos brasileiros que apoiam essa causa. Viva Cuba!<\/p>\n<p>A colabora\u00e7\u00e3o na campanha para doa\u00e7\u00e3o de rem\u00e9dios para Cuba est\u00e1 sendo feita no Pix:<\/p>\n<p>CNPJ: 11.586.301\/0001-65<\/p>\n<p>Ag\u00eancia: 1231<\/p>\n<p>Opera\u00e7\u00e3o: 1292<\/p>\n<p>Conta Corrente: 000577559399-1<\/p>\n<p><strong>Instituto Cultivar<\/strong><\/p>\n<p>Caixa Econ\u00f4mica Federal<\/p>\n<hr>\n<p>Para a compra dos pain\u00e9is solares \u00e9 no Pix:<\/p>\n<p>CNPJ: 34.131.511\/0001-64 (<strong>C\u00e2mara Empresarial Brasil-Cuba<\/strong>)<\/p>\n<p>Banco do Brasil<\/p>\n<p>Ag\u00eancia 4770<\/p>\n<p>Conta corrente: 13844-4<\/p>\n<hr>\n<p>\u00b9<strong>Jacobo \u00c1rbenz Guzm\u00e1n<\/strong> foi presidente da Guatemala. Sofreu um golpe militar em 1954, apoiado diretamente pela CIA ap\u00f3s iniciar uma reforma agr\u00e1ria, sobretudo contra o monop\u00f3lio de terras da empresa americana <em>United Fruit.<\/em><\/p>\n<p>\u00b2 <strong>O Sistema SWIFT <\/strong>\u00e9 uma rede global que conecta institui\u00e7\u00f5es banc\u00e1rias de mais de 200 pa\u00edses. \u00c9 uma forma segura de transferir recursos, muito usado para o turismo, por exemplo, mas Cuba, por conta do bloqueio econ\u00f4mico, sempre enfrentou dificuldade para acessar esse sistema, uma forma de dificultar o turismo na ilha.<\/p>\n<p>\u00b3 <strong>O Per\u00edodo Especial em Cuba <\/strong>come\u00e7ou em 1989, com o fim da URSS e o fim do bloco sovi\u00e9tico em 1991. O incentivo ao turismo internacional e o apoio da Venezuela com Hugo Ch\u00e1vez no in\u00edcio dos anos 2000 ajudou a mitigar a crise.<\/p>\n<figure aria-describedby=\"caption-attachment-61458\"><img decoding=\"async\"src=\"https:\/\/redept.com.br\/blogosfera\/wp-content\/uploads\/2026\/04\/IMG-20260322-WA0008.jpg\" alt=\"\" width=\"1280\" height=\"960\" srcset=\"https:\/\/redept.com.br\/blogosfera\/wp-content\/uploads\/2026\/04\/IMG-20260322-WA0008.jpg 1280w, https:\/\/averdade.org.br\/wp-content\/uploads\/2026\/04\/IMG-20260322-WA0008-350x263.jpg 350w, https:\/\/averdade.org.br\/wp-content\/uploads\/2026\/04\/IMG-20260322-WA0008-1024x768.jpg 1024w, https:\/\/averdade.org.br\/wp-content\/uploads\/2026\/04\/IMG-20260322-WA0008-250x188.jpg 250w, https:\/\/averdade.org.br\/wp-content\/uploads\/2026\/04\/IMG-20260322-WA0008-768x576.jpg 768w, https:\/\/averdade.org.br\/wp-content\/uploads\/2026\/04\/IMG-20260322-WA0008-150x113.jpg 150w, https:\/\/averdade.org.br\/wp-content\/uploads\/2026\/04\/IMG-20260322-WA0008-300x225.jpg 300w, https:\/\/averdade.org.br\/wp-content\/uploads\/2026\/04\/IMG-20260322-WA0008-696x522.jpg 696w, https:\/\/averdade.org.br\/wp-content\/uploads\/2026\/04\/IMG-20260322-WA0008-1068x801.jpg 1068w\" sizes=\"(max-width: 1280px) 100vw, 1280px\"><figcaption>Ato em frente ao Memorial Jos\u00e9 Mart\u00ed, localizado na Plaza de la Revoluc\u00edon, Havana. Foto: Hans Lisboa.<\/figcaption><\/figure>\n<figure aria-describedby=\"caption-attachment-61459\"><img decoding=\"async\"src=\"https:\/\/redept.com.br\/blogosfera\/wp-content\/uploads\/2026\/04\/IMG-20260322-WA0009-1.jpg\" alt=\"\" width=\"1280\" height=\"960\" srcset=\"https:\/\/redept.com.br\/blogosfera\/wp-content\/uploads\/2026\/04\/IMG-20260322-WA0009-1.jpg 1280w, https:\/\/averdade.org.br\/wp-content\/uploads\/2026\/04\/IMG-20260322-WA0009-1-350x263.jpg 350w, https:\/\/averdade.org.br\/wp-content\/uploads\/2026\/04\/IMG-20260322-WA0009-1-1024x768.jpg 1024w, https:\/\/averdade.org.br\/wp-content\/uploads\/2026\/04\/IMG-20260322-WA0009-1-250x188.jpg 250w, https:\/\/averdade.org.br\/wp-content\/uploads\/2026\/04\/IMG-20260322-WA0009-1-768x576.jpg 768w, https:\/\/averdade.org.br\/wp-content\/uploads\/2026\/04\/IMG-20260322-WA0009-1-150x113.jpg 150w, https:\/\/averdade.org.br\/wp-content\/uploads\/2026\/04\/IMG-20260322-WA0009-1-300x225.jpg 300w, https:\/\/averdade.org.br\/wp-content\/uploads\/2026\/04\/IMG-20260322-WA0009-1-696x522.jpg 696w, https:\/\/averdade.org.br\/wp-content\/uploads\/2026\/04\/IMG-20260322-WA0009-1-1068x801.jpg 1068w\" sizes=\"(max-width: 1280px) 100vw, 1280px\"><figcaption>Hans Liosboa em frente ao Centro de Estudos Fidel Castro. O pr\u00e9dio era antes uma mans\u00e3o de uma fam\u00edlia aristocr\u00e1tica e tornou-se um espa\u00e7o voltado a preservar e divulgar o pensamento do l\u00edder da revolu\u00e7\u00e3o.<\/figcaption><\/figure>\n<!-- Begin Yuzo --><div class='yuzo_related_post style-1'  data-version='5.12.89'><!-- without result --><div class='yuzo_clearfixed yuzo__title yuzo__title'><h3>Related Post<\/h3><\/div>\n\t\t\t\t\t\t  <div class=\"relatedthumb \" style=\"width:125px;float:left;overflow:hidden;\">  \n\t\t\t\t\t\t\t  \n\t\t\t\t\t\t\t  <a  href=\"https:\/\/redept.com.br\/blogosfera\/mercado-reduz-perspectiva-de-inflacao-em-2025-pela-3a-vez-seguida\/\"  >\n\t\t\t\t\t\t\t\t\t  <div class=\"yuzo-img-wrap \" style=\"width: 125px;height:90px;\">\n\t\t\t\t\t\t\t\t\t\t\n\t\t\t\t\t\t\t\t\t\t<div class=\"yuzo-img\" style=\"background:url('https:\/\/redept.com.br\/blogosfera\/wp-content\/uploads\/2025\/12\/inflacao-Tania-Rego_Agencia-Brasil-150x150.jpg') 50% 50% no-repeat;width: 125px;height:90px;margin-bottom: 5px;background-size: cover; \"><\/div>\n\t\t\t\t\t\t\t\t\t  <\/div>\n\t\t\t\t\t\t\t\t\t  \n\t\t\t\t\t\t\t\t   <span class=\"yuzo__text--title\" style=\"font-size:13px;\">Mercado reduz perspectiva de infla\u00e7\u00e3o em 2025 pela...<\/span>\n\t\t\t\t\t\t\t  \n\t\t\t\t\t\t\t  \n\t\t\t\t\t\t\t  <\/a>\n\n\t\t\t\t\t\t  <\/div>\n\t\t\t\t\t\t  <div class=\"relatedthumb \" style=\"width:125px;float:left;overflow:hidden;\">  \n\t\t\t\t\t\t\t  \n\t\t\t\t\t\t\t  <a  href=\"https:\/\/redept.com.br\/blogosfera\/defesa-civil-nao-trabalha-na-perspectiva-de-se-antecipar-ao-problema-aponta-geografo-sobre-eventos-climaticos-extremos\/\"  >\n\t\t\t\t\t\t\t\t\t  <div class=\"yuzo-img-wrap \" style=\"width: 125px;height:90px;\">\n\t\t\t\t\t\t\t\t\t\t\n\t\t\t\t\t\t\t\t\t\t<div class=\"yuzo-img\" style=\"background:url('https:\/\/redept.org\/blogosfera\/wp-content\/plugins\/yuzo-related-post\/assets\/images\/default.png') 50% 50% no-repeat;width: 125px;height:90px;margin-bottom: 5px;background-size: cover; \"><\/div>\n\t\t\t\t\t\t\t\t\t  <\/div>\n\t\t\t\t\t\t\t\t\t  \n\t\t\t\t\t\t\t\t   <span class=\"yuzo__text--title\" style=\"font-size:13px;\">\u2018Defesa Civil n\u00e3o trabalha na perspectiva de se an...<\/span>\n\t\t\t\t\t\t\t  \n\t\t\t\t\t\t\t  \n\t\t\t\t\t\t\t  <\/a>\n\n\t\t\t\t\t\t  <\/div>\n\t\t\t\t\t\t  <div class=\"relatedthumb \" style=\"width:125px;float:left;overflow:hidden;\">  \n\t\t\t\t\t\t\t  \n\t\t\t\t\t\t\t  <a  href=\"https:\/\/redept.com.br\/blogosfera\/o-que-e-noticia-no-jornal-tvt-news-primeira-edicao-14-01-2026\/\"  >\n\t\t\t\t\t\t\t\t\t  <div class=\"yuzo-img-wrap \" style=\"width: 125px;height:90px;\">\n\t\t\t\t\t\t\t\t\t\t\n\t\t\t\t\t\t\t\t\t\t<div class=\"yuzo-img\" style=\"background:url('https:\/\/redept.com.br\/blogosfera\/wp-content\/uploads\/2026\/01\/jornal_tvt_news-13-150x150.jpeg') 50% 50% no-repeat;width: 125px;height:90px;margin-bottom: 5px;background-size: cover; \"><\/div>\n\t\t\t\t\t\t\t\t\t  <\/div>\n\t\t\t\t\t\t\t\t\t  \n\t\t\t\t\t\t\t\t   <span class=\"yuzo__text--title\" style=\"font-size:13px;\">O que \u00e9 not\u00edcia no Jornal TVT News Primeira Edi\u00e7\u00e3o...<\/span>\n\t\t\t\t\t\t\t  \n\t\t\t\t\t\t\t  \n\t\t\t\t\t\t\t  <\/a>\n\n\t\t\t\t\t\t  <\/div>\n\t\t\t\t\t\t  <div class=\"relatedthumb \" style=\"width:125px;float:left;overflow:hidden;\">  \n\t\t\t\t\t\t\t  \n\t\t\t\t\t\t\t  <a  href=\"https:\/\/redept.com.br\/blogosfera\/em-bh-exposicao-feita-por-mulheres-com-trajetoria-de-rua-escancara-violencia-e-invisibilizacao\/\"  >\n\t\t\t\t\t\t\t\t\t  <div class=\"yuzo-img-wrap \" style=\"width: 125px;height:90px;\">\n\t\t\t\t\t\t\t\t\t\t\n\t\t\t\t\t\t\t\t\t\t<div class=\"yuzo-img\" style=\"background:url('https:\/\/redept.com.br\/blogosfera\/wp-content\/uploads\/2025\/05\/bdf-20250520-171540-ccb061-2048x1536-1-150x150.jpg') 50% 50% no-repeat;width: 125px;height:90px;margin-bottom: 5px;background-size: cover; \"><\/div>\n\t\t\t\t\t\t\t\t\t  <\/div>\n\t\t\t\t\t\t\t\t\t  \n\t\t\t\t\t\t\t\t   <span class=\"yuzo__text--title\" style=\"font-size:13px;\">Em BH, exposi\u00e7\u00e3o feita por mulheres com trajet\u00f3ria...<\/span>\n\t\t\t\t\t\t\t  \n\t\t\t\t\t\t\t  \n\t\t\t\t\t\t\t  <\/a>\n\n\t\t\t\t\t\t  <\/div>\n<\/div> <script>\n\t\t\t\t\t\t  jQuery(document).ready(function( $ ){\n\t\t\t\t\t\t\t\/\/jQuery('.yuzo_related_post').equalizer({ overflow : 'relatedthumb' });\n\t\t\t\t\t\t\tjQuery('.yuzo_related_post .yuzo_wraps').equalizer({ columns : '> div' });\n\t\t\t\t\t\t   })\n\t\t\t\t\t\t  <\/script> <!-- End Yuzo :) -->","protected":false},"excerpt":{"rendered":"<p><img loading=\"lazy\" decoding=\"async\" width=\"1258\" height=\"1600\" src=\"https:\/\/averdade.org.br\/wp-content\/uploads\/2026\/04\/IMG-20260320-WA0040.jpg\" alt=\"\">O Jornal A Verdade entrevistou Hans Lisboa, membro do Comit\u00ea Pernambucano de Solidariedade com Cuba e apoiador das brigadas de solidariedade com o pa\u00eds caribenho. Hans esteve em Cuba em 11 ocasi\u00f5es diferentes e, nessa entrevista, fala sobre as suas impress\u00f5es sobre a ilha e as mobiliza\u00e7\u00f5es que tem sido realizadas em todo o Brasil [\u2026]<\/p>\n","protected":false},"author":2,"featured_media":85000,"comment_status":"open","ping_status":"closed","sticky":false,"template":"","format":"standard","meta":{"fifu_image_url":"","fifu_image_alt":"","footnotes":""},"categories":[6906,45,35403,41756,1185,379],"tags":[],"class_list":["post-84999","post","type-post","status-publish","format-standard","has-post-thumbnail","hentry","category-anti-imperialismo","category-brasil","category-combate-ao-imperialismo","category-comite-de-solidariedade-com-cuba","category-cuba","category-entrevista"],"_links":{"self":[{"href":"https:\/\/redept.com.br\/blogosfera\/wp-json\/wp\/v2\/posts\/84999","targetHints":{"allow":["GET"]}}],"collection":[{"href":"https:\/\/redept.com.br\/blogosfera\/wp-json\/wp\/v2\/posts"}],"about":[{"href":"https:\/\/redept.com.br\/blogosfera\/wp-json\/wp\/v2\/types\/post"}],"author":[{"embeddable":true,"href":"https:\/\/redept.com.br\/blogosfera\/wp-json\/wp\/v2\/users\/2"}],"replies":[{"embeddable":true,"href":"https:\/\/redept.com.br\/blogosfera\/wp-json\/wp\/v2\/comments?post=84999"}],"version-history":[{"count":0,"href":"https:\/\/redept.com.br\/blogosfera\/wp-json\/wp\/v2\/posts\/84999\/revisions"}],"wp:featuredmedia":[{"embeddable":true,"href":"https:\/\/redept.com.br\/blogosfera\/wp-json\/wp\/v2\/media\/85000"}],"wp:attachment":[{"href":"https:\/\/redept.com.br\/blogosfera\/wp-json\/wp\/v2\/media?parent=84999"}],"wp:term":[{"taxonomy":"category","embeddable":true,"href":"https:\/\/redept.com.br\/blogosfera\/wp-json\/wp\/v2\/categories?post=84999"},{"taxonomy":"post_tag","embeddable":true,"href":"https:\/\/redept.com.br\/blogosfera\/wp-json\/wp\/v2\/tags?post=84999"}],"curies":[{"name":"wp","href":"https:\/\/api.w.org\/{rel}","templated":true}]}}