{"id":85003,"date":"2026-04-27T21:32:18","date_gmt":"2026-04-28T00:32:18","guid":{"rendered":"https:\/\/redept.com.br\/blogosfera\/congresso-extraordinario-da-up-fortalece-lutas-em-pernambuco\/"},"modified":"2026-04-27T21:32:18","modified_gmt":"2026-04-28T00:32:18","slug":"congresso-extraordinario-da-up-fortalece-lutas-em-pernambuco","status":"publish","type":"post","link":"https:\/\/redept.com.br\/blogosfera\/congresso-extraordinario-da-up-fortalece-lutas-em-pernambuco\/","title":{"rendered":"Congresso extraordin\u00e1rio da UP fortalece lutas em Pernambuco"},"content":{"rendered":"<p><img fetchpriority=\"high\" width=\"1523\" height=\"894\"src=\"https:\/\/redept.com.br\/blogosfera\/wp-content\/uploads\/2026\/04\/congresso-UP-PE.jpg\" alt=\"\" link_thumbnail=\"\" decoding=\"async\" srcset=\"https:\/\/redept.com.br\/blogosfera\/wp-content\/uploads\/2026\/04\/congresso-UP-PE.jpg 1523w, https:\/\/averdade.org.br\/wp-content\/uploads\/2026\/04\/congresso-UP-PE-350x205.jpg 350w, https:\/\/averdade.org.br\/wp-content\/uploads\/2026\/04\/congresso-UP-PE-1024x601.jpg 1024w, https:\/\/averdade.org.br\/wp-content\/uploads\/2026\/04\/congresso-UP-PE-250x147.jpg 250w, https:\/\/averdade.org.br\/wp-content\/uploads\/2026\/04\/congresso-UP-PE-768x451.jpg 768w, https:\/\/averdade.org.br\/wp-content\/uploads\/2026\/04\/congresso-UP-PE-150x88.jpg 150w, https:\/\/averdade.org.br\/wp-content\/uploads\/2026\/04\/congresso-UP-PE-300x176.jpg 300w, https:\/\/averdade.org.br\/wp-content\/uploads\/2026\/04\/congresso-UP-PE-696x409.jpg 696w, https:\/\/averdade.org.br\/wp-content\/uploads\/2026\/04\/congresso-UP-PE-1068x627.jpg 1068w\" sizes=\"(max-width: 1523px) 100vw, 1523px\"><\/p>\n<p><strong>Realizado no \u00faltimo domingo (26), o congresso da Unidade Popular contou com um ato de lan\u00e7amento da pr\u00e9-candidatura de Samara Martins para a presid\u00eancia da rep\u00fablica e de Camila Falc\u00e3o, para disputar a governadoria do estado esse ano. <\/strong><\/p>\n<p><strong>Reda\u00e7\u00e3o Pernambuco<\/strong><\/p>\n<hr>\n<p><strong>\u00a0<\/strong><strong>Brasil- <\/strong>No \u00faltimo domingo (26\/04) a Unidade Popular em Pernambuco realizou seu congresso extraordin\u00e1rio. A atividade ocorreu na sede do Movimento de Trabalhadores Crist\u00e3o (MTC), no centro do Recife. Antecedido por congressos municipais em Petrolina, Caruaru, Carpina, Jaboat\u00e3o e Recife, o congresso discutiu a conjuntura, lan\u00e7ou a nova edi\u00e7\u00e3o da revista da CIPOML Unidade e Luta, elegeu um novo diret\u00f3rio estadual da UP e apresentou a sociedade pernambucana as pr\u00e9-candidaturas de Samara Martins para a presid\u00eancia da rep\u00fablica e de Camila Falc\u00e3o para o governo do estado. Com cerca de 70 delegados eleitos nos n\u00facleos e congressos municipais em todo o estado, a necessidade de aumentar as lutas e a organiza\u00e7\u00e3o dos pernambucanos em Pernambuco foi t\u00f4nica de todo o encontro.<\/p>\n<p>Em um dos momentos mais emocionantes do encontro, Samara Martins assinou a ficha de filia\u00e7\u00e3o de diversas lideran\u00e7as e novos filiados, entre eles, Edival Nunes Caj\u00e1, do Centro Cultural Manoel Lisboa, Nadja Mendes, filha de Jo\u00e3o Mendes Ara\u00fajo, militante da A\u00e7\u00e3o Libertadora Nacional- ALN, desaparecido pol\u00edtico assassinado em 1972 pelo regime militar, e Amaro Ara\u00fajo, que foi militante da ALN e hoje \u00e9 uma das refer\u00eancias na luta pelos direitos humanos no Brasil. Amparo fez quest\u00e3o de lembrar: Eu me desfiliei do PSB depois que ele votou pelo impeachment da Dilma. E eu tinha jurado que nunca mais me filiaria a nenhum partido. Mas a pr\u00e1tica da Unidade Popular me fez mudar de ideia. Eu comecei a miliar com 14 anos e n\u00e3o tenho vontade nenhuma de parar de lutar\u201d.<\/p>\n<p><strong>\u201cMulheres de luta em a\u00e7\u00e3o\u201d<\/strong><\/p>\n<p>Samara Martins, vice-presidente nacional da UP e coordenadora nacional da Frente Negra Revolucion\u00e1ria (FNR) participou de todo o congresso. Visitando o estado desde o an\u00fancio de sua pr\u00e9-candidatura, apresentou o informe sobre a conjuntura e refor\u00e7ou o car\u00e1ter coletivo das pr\u00f3ximas batalhas a serem enfrentadas no Brasil: \u201creclamaram quando falamos que os pol\u00edticos deveriam colocar seus filhos nas escolas p\u00fablicas e se consultar no SUS. Reclamaram quando dizemos que o vestibular tem que acabar. E \u00e9 isso que a Unidade Popular tem defendido, e n\u00e3o \u00e9 de hoje. A nossa luta \u00e9 para transformar de vez a nossa sociedade. E disso n\u00e3o abrimos m\u00e3o\u201d.<\/p>\n<p>J\u00e1 Camila Falc\u00e3o \u00e9 professora, membra da coordena\u00e7\u00e3o nacional do Movimento de Mulheres Olga Benario e do diret\u00f3rio nacional da UP, foi apresentada como pr\u00e9-candidata ao governo do estado em Pernambuco. Camila, que foi presidente do DCE da UFRPE e da Uni\u00e3o dos Estudantes de Pernambuco (UEP) apresentou as principais pautas da Unidade Popular no estado, como o enfrentamento ao feminic\u00eddio e a viol\u00eancia contra as mulheres, o combate \u00e0s privatiza\u00e7\u00f5es como a da Compesa e do metr\u00f4, bem como o apoio \u00e0s lutas dos trabalhadores pelo fim da escala 6\u00d71 e a defesa de uma educa\u00e7\u00e3o p\u00fablica de qualidade. Camila tamb\u00e9m destacou que um grande desafio \u00e9 fortalecer os movimentos sociais no estado e crescer ainda mais a UP no estado. \u201cOs ricos tem partido. A classe trabalhadora tamb\u00e9m tem o seu. E esse partido \u00e9 a unidade Popular. Hoje n\u00f3s temos duas mulheres na governadoria e nada \u00e9 feito para resolver o problema do feminic\u00eddio no estado. Porque essas duas mulheres representam os ricos e os empres\u00e1rios. N\u00e3o basta ser mulher. Tem que ser mulher trabalhadora\u2019, afirmou Camila.<\/p>\n<p>Ao final do congresso, al\u00e9m do novo Diret\u00f3rio Estadual, foram aprovadas as propostas de organiza\u00e7\u00e3o e um calend\u00e1rio de luta para o pr\u00f3ximo per\u00edodo.<\/p>\n<figure aria-describedby=\"caption-attachment-61463\"><img decoding=\"async\"src=\"https:\/\/redept.com.br\/blogosfera\/wp-content\/uploads\/2026\/04\/UP-congresso-plenaria.jpg\" alt=\"\" width=\"1280\" height=\"634\" srcset=\"https:\/\/redept.com.br\/blogosfera\/wp-content\/uploads\/2026\/04\/UP-congresso-plenaria.jpg 1280w, https:\/\/averdade.org.br\/wp-content\/uploads\/2026\/04\/UP-congresso-plenaria-350x173.jpg 350w, https:\/\/averdade.org.br\/wp-content\/uploads\/2026\/04\/UP-congresso-plenaria-1024x507.jpg 1024w, https:\/\/averdade.org.br\/wp-content\/uploads\/2026\/04\/UP-congresso-plenaria-250x124.jpg 250w, https:\/\/averdade.org.br\/wp-content\/uploads\/2026\/04\/UP-congresso-plenaria-768x380.jpg 768w, https:\/\/averdade.org.br\/wp-content\/uploads\/2026\/04\/UP-congresso-plenaria-150x74.jpg 150w, https:\/\/averdade.org.br\/wp-content\/uploads\/2026\/04\/UP-congresso-plenaria-300x149.jpg 300w, https:\/\/averdade.org.br\/wp-content\/uploads\/2026\/04\/UP-congresso-plenaria-696x345.jpg 696w, https:\/\/averdade.org.br\/wp-content\/uploads\/2026\/04\/UP-congresso-plenaria-1068x529.jpg 1068w\" sizes=\"(max-width: 1280px) 100vw, 1280px\"><figcaption>Audit\u00f3rio do MTC lotado durante a abertura do congresso extraordin\u00e1rio da UP. Foto: Vit\u00f3ria Pereira (JAV\/PE).<\/figcaption><\/figure>\n<figure aria-describedby=\"caption-attachment-61471\"><img decoding=\"async\"src=\"https:\/\/redept.com.br\/blogosfera\/wp-content\/uploads\/2026\/04\/IMG-20260427-WA0049.jpg\" alt=\"\" width=\"1600\" height=\"1200\" srcset=\"https:\/\/redept.com.br\/blogosfera\/wp-content\/uploads\/2026\/04\/IMG-20260427-WA0049.jpg 1600w, https:\/\/averdade.org.br\/wp-content\/uploads\/2026\/04\/IMG-20260427-WA0049-350x263.jpg 350w, https:\/\/averdade.org.br\/wp-content\/uploads\/2026\/04\/IMG-20260427-WA0049-1024x768.jpg 1024w, https:\/\/averdade.org.br\/wp-content\/uploads\/2026\/04\/IMG-20260427-WA0049-250x188.jpg 250w, https:\/\/averdade.org.br\/wp-content\/uploads\/2026\/04\/IMG-20260427-WA0049-768x576.jpg 768w, https:\/\/averdade.org.br\/wp-content\/uploads\/2026\/04\/IMG-20260427-WA0049-1536x1152.jpg 1536w, https:\/\/averdade.org.br\/wp-content\/uploads\/2026\/04\/IMG-20260427-WA0049-150x113.jpg 150w, https:\/\/averdade.org.br\/wp-content\/uploads\/2026\/04\/IMG-20260427-WA0049-300x225.jpg 300w, https:\/\/averdade.org.br\/wp-content\/uploads\/2026\/04\/IMG-20260427-WA0049-696x522.jpg 696w, https:\/\/averdade.org.br\/wp-content\/uploads\/2026\/04\/IMG-20260427-WA0049-1068x801.jpg 1068w\" sizes=\"(max-width: 1600px) 100vw, 1600px\"><figcaption>Samara Martins assina ficha de filia\u00e7\u00e3o de militantes hist\u00f3ricos dos movimentos sociais durante a abertura do congresso estadual extraordin\u00e1rio da UP em Pernambuco. Foto: Vit\u00f3ria Pereira (JAV\/PE).<\/figcaption><\/figure>\n<figure aria-describedby=\"caption-attachment-61473\"><img loading=\"lazy\" decoding=\"async\"src=\"https:\/\/redept.com.br\/blogosfera\/wp-content\/uploads\/2026\/04\/Camila-e-samara.jpg\" alt=\"\" width=\"1600\" height=\"900\" srcset=\"https:\/\/redept.com.br\/blogosfera\/wp-content\/uploads\/2026\/04\/Camila-e-samara.jpg 1600w, https:\/\/averdade.org.br\/wp-content\/uploads\/2026\/04\/Camila-e-samara-350x197.jpg 350w, https:\/\/averdade.org.br\/wp-content\/uploads\/2026\/04\/Camila-e-samara-1024x576.jpg 1024w, https:\/\/averdade.org.br\/wp-content\/uploads\/2026\/04\/Camila-e-samara-250x141.jpg 250w, https:\/\/averdade.org.br\/wp-content\/uploads\/2026\/04\/Camila-e-samara-768x432.jpg 768w, https:\/\/averdade.org.br\/wp-content\/uploads\/2026\/04\/Camila-e-samara-1536x864.jpg 1536w, https:\/\/averdade.org.br\/wp-content\/uploads\/2026\/04\/Camila-e-samara-150x84.jpg 150w, https:\/\/averdade.org.br\/wp-content\/uploads\/2026\/04\/Camila-e-samara-300x169.jpg 300w, https:\/\/averdade.org.br\/wp-content\/uploads\/2026\/04\/Camila-e-samara-696x392.jpg 696w, https:\/\/averdade.org.br\/wp-content\/uploads\/2026\/04\/Camila-e-samara-1068x601.jpg 1068w\" sizes=\"(max-width: 1600px) 100vw, 1600px\"><figcaption>Camila e Samara fazendo agita\u00e7\u00e3o durante o ato de apresenta\u00e7\u00e3o das pr\u00e9-candidaturas da UP. Foto: Vit\u00f3ria Pereira (JAV\/PE).<\/figcaption><\/figure>\n<!-- Begin Yuzo --><div class='yuzo_related_post style-1'  data-version='5.12.89'><!-- without result --><div class='yuzo_clearfixed yuzo__title yuzo__title'><h3>Related Post<\/h3><\/div>\n\t\t\t\t\t\t  <div class=\"relatedthumb \" style=\"width:125px;float:left;overflow:hidden;\">  \n\t\t\t\t\t\t\t  \n\t\t\t\t\t\t\t  <a  href=\"https:\/\/redept.com.br\/blogosfera\/e-a-vez-do-agronegocio-cooptar-a-cop-do-clima-no-brasil\/\"  >\n\t\t\t\t\t\t\t\t\t  <div class=\"yuzo-img-wrap \" style=\"width: 125px;height:90px;\">\n\t\t\t\t\t\t\t\t\t\t\n\t\t\t\t\t\t\t\t\t\t<div class=\"yuzo-img\" style=\"background:url('https:\/\/redept.com.br\/blogosfera\/wp-content\/uploads\/2025\/11\/image_processing20230523-15602-1azddfg-750x479-1-150x150.jpeg') 50% 50% no-repeat;width: 125px;height:90px;margin-bottom: 5px;background-size: cover; \"><\/div>\n\t\t\t\t\t\t\t\t\t  <\/div>\n\t\t\t\t\t\t\t\t\t  \n\t\t\t\t\t\t\t\t   <span class=\"yuzo__text--title\" style=\"font-size:13px;\">\u00c9 a vez do agroneg\u00f3cio cooptar a COP do clima no B...<\/span>\n\t\t\t\t\t\t\t  \n\t\t\t\t\t\t\t  \n\t\t\t\t\t\t\t  <\/a>\n\n\t\t\t\t\t\t  <\/div>\n\t\t\t\t\t\t  <div class=\"relatedthumb \" style=\"width:125px;float:left;overflow:hidden;\">  \n\t\t\t\t\t\t\t  \n\t\t\t\t\t\t\t  <a  href=\"https:\/\/redept.com.br\/blogosfera\/stj-mantem-condenacao-do-prefeito-de-canoas-por-improbidade-administrativa\/\"  >\n\t\t\t\t\t\t\t\t\t  <div class=\"yuzo-img-wrap \" style=\"width: 125px;height:90px;\">\n\t\t\t\t\t\t\t\t\t\t\n\t\t\t\t\t\t\t\t\t\t<div class=\"yuzo-img\" style=\"background:url('https:\/\/redept.org\/blogosfera\/wp-content\/plugins\/yuzo-related-post\/assets\/images\/default.png') 50% 50% no-repeat;width: 125px;height:90px;margin-bottom: 5px;background-size: cover; \"><\/div>\n\t\t\t\t\t\t\t\t\t  <\/div>\n\t\t\t\t\t\t\t\t\t  \n\t\t\t\t\t\t\t\t   <span class=\"yuzo__text--title\" style=\"font-size:13px;\">STJ mant\u00e9m condena\u00e7\u00e3o do prefeito de Canoas por im...<\/span>\n\t\t\t\t\t\t\t  \n\t\t\t\t\t\t\t  \n\t\t\t\t\t\t\t  <\/a>\n\n\t\t\t\t\t\t  <\/div>\n\t\t\t\t\t\t  <div class=\"relatedthumb \" style=\"width:125px;float:left;overflow:hidden;\">  \n\t\t\t\t\t\t\t  \n\t\t\t\t\t\t\t  <a  href=\"https:\/\/redept.com.br\/blogosfera\/veja-a-lista-de-feriados-nacionais-de-2025\/\"  >\n\t\t\t\t\t\t\t\t\t  <div class=\"yuzo-img-wrap \" style=\"width: 125px;height:90px;\">\n\t\t\t\t\t\t\t\t\t\t\n\t\t\t\t\t\t\t\t\t\t<div class=\"yuzo-img\" style=\"background:url('https:\/\/redept.com.br\/blogosfera\/wp-content\/uploads\/2025\/01\/27J-Lancamento-da-Fotobiografia-Exposicao-do-Avervo-Marielle-150x150.jpg') 50% 50% no-repeat;width: 125px;height:90px;margin-bottom: 5px;background-size: cover; \"><\/div>\n\t\t\t\t\t\t\t\t\t  <\/div>\n\t\t\t\t\t\t\t\t\t  \n\t\t\t\t\t\t\t\t   <span class=\"yuzo__text--title\" style=\"font-size:13px;\">Veja a lista de feriados nacionais de 2025<\/span>\n\t\t\t\t\t\t\t  \n\t\t\t\t\t\t\t  \n\t\t\t\t\t\t\t  <\/a>\n\n\t\t\t\t\t\t  <\/div>\n\t\t\t\t\t\t  <div class=\"relatedthumb \" style=\"width:125px;float:left;overflow:hidden;\">  \n\t\t\t\t\t\t\t  \n\t\t\t\t\t\t\t  <a  href=\"https:\/\/redept.com.br\/blogosfera\/essa-gente-nao-vai-brincar-com-o-brasil-diz-lula-sobre-bravatas-de-trump\/\"  >\n\t\t\t\t\t\t\t\t\t  <div class=\"yuzo-img-wrap \" style=\"width: 125px;height:90px;\">\n\t\t\t\t\t\t\t\t\t\t\n\t\t\t\t\t\t\t\t\t\t<div class=\"yuzo-img\" style=\"background:url('https:\/\/redept.com.br\/blogosfera\/wp-content\/uploads\/2025\/07\/ok-lula-positivo_Foto-Ricardo-Stuckert-PR-150x150.jpg') 50% 50% no-repeat;width: 125px;height:90px;margin-bottom: 5px;background-size: cover; \"><\/div>\n\t\t\t\t\t\t\t\t\t  <\/div>\n\t\t\t\t\t\t\t\t\t  \n\t\t\t\t\t\t\t\t   <span class=\"yuzo__text--title\" style=\"font-size:13px;\">\u201cEssa gente n\u00e3o vai brincar com o Brasil\u201d, diz Lul...<\/span>\n\t\t\t\t\t\t\t  \n\t\t\t\t\t\t\t  \n\t\t\t\t\t\t\t  <\/a>\n\n\t\t\t\t\t\t  <\/div>\n<\/div> <script>\n\t\t\t\t\t\t  jQuery(document).ready(function( $ ){\n\t\t\t\t\t\t\t\/\/jQuery('.yuzo_related_post').equalizer({ overflow : 'relatedthumb' });\n\t\t\t\t\t\t\tjQuery('.yuzo_related_post .yuzo_wraps').equalizer({ columns : '> div' });\n\t\t\t\t\t\t   })\n\t\t\t\t\t\t  <\/script> <!-- End Yuzo :) -->","protected":false},"excerpt":{"rendered":"<p><img loading=\"lazy\" decoding=\"async\" width=\"1523\" height=\"894\" src=\"https:\/\/averdade.org.br\/wp-content\/uploads\/2026\/04\/congresso-UP-PE.jpg\" alt=\"\">Realizado no \u00faltimo domingo (26), o congresso da Unidade Popular contou com um ato de lan\u00e7amento da pr\u00e9-candidatura de Samara Martins para a presid\u00eancia da rep\u00fablica e de Camila Falc\u00e3o, para disputar a governadoria do estado esse ano. Reda\u00e7\u00e3o Pernambuco \u00a0Brasil- No \u00faltimo domingo (26\/04) a Unidade Popular em Pernambuco realizou seu congresso extraordin\u00e1rio. A [\u2026]<\/p>\n","protected":false},"author":2,"featured_media":85004,"comment_status":"open","ping_status":"closed","sticky":false,"template":"","format":"standard","meta":{"fifu_image_url":"","fifu_image_alt":"","footnotes":""},"categories":[45,51952,60,369,179,754],"tags":[],"class_list":["post-85003","post","type-post","status-publish","format-standard","has-post-thumbnail","hentry","category-brasil","category-congresso-da-up-em-pernambuco","category-luta-popular","category-movimento-de-mulheres-olga-benario","category-pernambuco","category-unidade-popular"],"_links":{"self":[{"href":"https:\/\/redept.com.br\/blogosfera\/wp-json\/wp\/v2\/posts\/85003","targetHints":{"allow":["GET"]}}],"collection":[{"href":"https:\/\/redept.com.br\/blogosfera\/wp-json\/wp\/v2\/posts"}],"about":[{"href":"https:\/\/redept.com.br\/blogosfera\/wp-json\/wp\/v2\/types\/post"}],"author":[{"embeddable":true,"href":"https:\/\/redept.com.br\/blogosfera\/wp-json\/wp\/v2\/users\/2"}],"replies":[{"embeddable":true,"href":"https:\/\/redept.com.br\/blogosfera\/wp-json\/wp\/v2\/comments?post=85003"}],"version-history":[{"count":0,"href":"https:\/\/redept.com.br\/blogosfera\/wp-json\/wp\/v2\/posts\/85003\/revisions"}],"wp:featuredmedia":[{"embeddable":true,"href":"https:\/\/redept.com.br\/blogosfera\/wp-json\/wp\/v2\/media\/85004"}],"wp:attachment":[{"href":"https:\/\/redept.com.br\/blogosfera\/wp-json\/wp\/v2\/media?parent=85003"}],"wp:term":[{"taxonomy":"category","embeddable":true,"href":"https:\/\/redept.com.br\/blogosfera\/wp-json\/wp\/v2\/categories?post=85003"},{"taxonomy":"post_tag","embeddable":true,"href":"https:\/\/redept.com.br\/blogosfera\/wp-json\/wp\/v2\/tags?post=85003"}],"curies":[{"name":"wp","href":"https:\/\/api.w.org\/{rel}","templated":true}]}}