{"id":85012,"date":"2026-04-27T21:50:36","date_gmt":"2026-04-28T00:50:36","guid":{"rendered":"https:\/\/redept.com.br\/blogosfera\/sheinbaum-critica-atuacao-dos-eua-em-operacao-antidrogas-no-mexico\/"},"modified":"2026-04-27T21:50:36","modified_gmt":"2026-04-28T00:50:36","slug":"sheinbaum-critica-atuacao-dos-eua-em-operacao-antidrogas-no-mexico","status":"publish","type":"post","link":"https:\/\/redept.com.br\/blogosfera\/sheinbaum-critica-atuacao-dos-eua-em-operacao-antidrogas-no-mexico\/","title":{"rendered":"Sheinbaum critica atua\u00e7\u00e3o dos EUA em opera\u00e7\u00e3o antidrogas no M\u00e9xico"},"content":{"rendered":"<p>A presidente do M\u00e9xico, Claudia Sheinbaum, comunicou em nota diplom\u00e1tica nesta segunda-feira (27) que a participa\u00e7\u00e3o de autoridades estadunidenses em uma opera\u00e7\u00e3o antidrogas no estado de Chihuahua, no norte do pa\u00eds, n\u00e3o deve se repetir. O incidente ganhou repercuss\u00e3o ap\u00f3s a morte de dois funcion\u00e1rios norte-americanos e dois mexicanos em um acidente de carro em [\u2026]<\/p>\n<p><a href=\"https:\/\/www.brasildefato.com.br\/2026\/04\/27\/sheinbaum-critica-atuacao-dos-eua-em-operacao-antidrogas-no-mexico\/\" rel=\"nofollow\">Fonte<\/a><\/p>\n<!-- Begin Yuzo --><div class='yuzo_related_post style-1'  data-version='5.12.89'><!-- without result --><div class='yuzo_clearfixed yuzo__title yuzo__title'><h3>Related Post<\/h3><\/div>\n\t\t\t\t\t\t  <div class=\"relatedthumb \" style=\"width:125px;float:left;overflow:hidden;\">  \n\t\t\t\t\t\t\t  \n\t\t\t\t\t\t\t  <a  href=\"https:\/\/redept.com.br\/blogosfera\/a-era-da-ciberguerra-neoliberal\/\"  >\n\t\t\t\t\t\t\t\t\t  <div class=\"yuzo-img-wrap \" style=\"width: 125px;height:90px;\">\n\t\t\t\t\t\t\t\t\t\t\n\t\t\t\t\t\t\t\t\t\t<div class=\"yuzo-img\" style=\"background:url('https:\/\/redept.com.br\/blogosfera\/wp-content\/uploads\/2025\/03\/5078264353655992212-1024x629-1-150x150.jpg') 50% 50% no-repeat;width: 125px;height:90px;margin-bottom: 5px;background-size: cover; \"><\/div>\n\t\t\t\t\t\t\t\t\t  <\/div>\n\t\t\t\t\t\t\t\t\t  \n\t\t\t\t\t\t\t\t   <span class=\"yuzo__text--title\" style=\"font-size:13px;\">A era da ciberguerra neoliberal<\/span>\n\t\t\t\t\t\t\t  \n\t\t\t\t\t\t\t  \n\t\t\t\t\t\t\t  <\/a>\n\n\t\t\t\t\t\t  <\/div>\n\t\t\t\t\t\t  <div class=\"relatedthumb \" style=\"width:125px;float:left;overflow:hidden;\">  \n\t\t\t\t\t\t\t  \n\t\t\t\t\t\t\t  <a  href=\"https:\/\/redept.com.br\/blogosfera\/como-brasileiros-se-preparam-para-a-politica-de-deportacao-de-imigrantes-da-nova-era-trump\/\"  >\n\t\t\t\t\t\t\t\t\t  <div class=\"yuzo-img-wrap \" style=\"width: 125px;height:90px;\">\n\t\t\t\t\t\t\t\t\t\t\n\t\t\t\t\t\t\t\t\t\t<div class=\"yuzo-img\" style=\"background:url('https:\/\/redept.org\/blogosfera\/wp-content\/plugins\/yuzo-related-post\/assets\/images\/default.png') 50% 50% no-repeat;width: 125px;height:90px;margin-bottom: 5px;background-size: cover; \"><\/div>\n\t\t\t\t\t\t\t\t\t  <\/div>\n\t\t\t\t\t\t\t\t\t  \n\t\t\t\t\t\t\t\t   <span class=\"yuzo__text--title\" style=\"font-size:13px;\">Como brasileiros se preparam para a pol\u00edtica de de...<\/span>\n\t\t\t\t\t\t\t  \n\t\t\t\t\t\t\t  \n\t\t\t\t\t\t\t  <\/a>\n\n\t\t\t\t\t\t  <\/div>\n\t\t\t\t\t\t  <div class=\"relatedthumb \" style=\"width:125px;float:left;overflow:hidden;\">  \n\t\t\t\t\t\t\t  \n\t\t\t\t\t\t\t  <a  href=\"https:\/\/redept.com.br\/blogosfera\/programa-de-formacao-paul-singer-sera-lancado-em-porto-alegre-no-dia-28-de-julho\/\"  >\n\t\t\t\t\t\t\t\t\t  <div class=\"yuzo-img-wrap \" style=\"width: 125px;height:90px;\">\n\t\t\t\t\t\t\t\t\t\t\n\t\t\t\t\t\t\t\t\t\t<div class=\"yuzo-img\" style=\"background:url('https:\/\/redept.com.br\/blogosfera\/wp-content\/uploads\/2025\/07\/238bbb7f5224bf3f2c5cee6f4a148fff-9-150x92.jpg') 50% 50% no-repeat;width: 125px;height:90px;margin-bottom: 5px;background-size: cover; \"><\/div>\n\t\t\t\t\t\t\t\t\t  <\/div>\n\t\t\t\t\t\t\t\t\t  \n\t\t\t\t\t\t\t\t   <span class=\"yuzo__text--title\" style=\"font-size:13px;\">Programa de Forma\u00e7\u00e3o Paul Singer ser\u00e1 lan\u00e7ado em P...<\/span>\n\t\t\t\t\t\t\t  \n\t\t\t\t\t\t\t  \n\t\t\t\t\t\t\t  <\/a>\n\n\t\t\t\t\t\t  <\/div>\n\t\t\t\t\t\t  <div class=\"relatedthumb \" style=\"width:125px;float:left;overflow:hidden;\">  \n\t\t\t\t\t\t\t  \n\t\t\t\t\t\t\t  <a  href=\"https:\/\/redept.com.br\/blogosfera\/no-ceara-tiktok-aprofunda-o-imperialismo-e-transforma-o-estado-em-zona-de-sacrificio-com-a-instalacao-do-colossal-data-center\/\"  >\n\t\t\t\t\t\t\t\t\t  <div class=\"yuzo-img-wrap \" style=\"width: 125px;height:90px;\">\n\t\t\t\t\t\t\t\t\t\t\n\t\t\t\t\t\t\t\t\t\t<div class=\"yuzo-img\" style=\"background:url('https:\/\/redept.com.br\/blogosfera\/wp-content\/uploads\/2025\/11\/WhatsApp-Image-2025-09-17-at-161647-1-150x150.jpeg') 50% 50% no-repeat;width: 125px;height:90px;margin-bottom: 5px;background-size: cover; \"><\/div>\n\t\t\t\t\t\t\t\t\t  <\/div>\n\t\t\t\t\t\t\t\t\t  \n\t\t\t\t\t\t\t\t   <span class=\"yuzo__text--title\" style=\"font-size:13px;\">No Cear\u00e1, TikTok aprofunda o imperialismo e transf...<\/span>\n\t\t\t\t\t\t\t  \n\t\t\t\t\t\t\t  \n\t\t\t\t\t\t\t  <\/a>\n\n\t\t\t\t\t\t  <\/div>\n<\/div> <script>\n\t\t\t\t\t\t  jQuery(document).ready(function( $ ){\n\t\t\t\t\t\t\t\/\/jQuery('.yuzo_related_post').equalizer({ overflow : 'relatedthumb' });\n\t\t\t\t\t\t\tjQuery('.yuzo_related_post .yuzo_wraps').equalizer({ columns : '> div' });\n\t\t\t\t\t\t   })\n\t\t\t\t\t\t  <\/script> <!-- End Yuzo :) -->","protected":false},"excerpt":{"rendered":"<p>A presidente do M\u00e9xico, Claudia Sheinbaum, comunicou em nota diplom\u00e1tica nesta segunda-feira (27) que a participa\u00e7\u00e3o de autoridades estadunidenses em uma opera\u00e7\u00e3o antidrogas no estado de Chihuahua, no norte do pa\u00eds, n\u00e3o deve se repetir. O incidente ganhou repercuss\u00e3o ap\u00f3s a morte de dois funcion\u00e1rios norte-americanos e dois mexicanos em um acidente de carro em [&hellip;]<\/p>\n","protected":false},"author":2,"featured_media":0,"comment_status":"open","ping_status":"closed","sticky":false,"template":"","format":"standard","meta":{"fifu_image_url":"","fifu_image_alt":"","footnotes":""},"categories":[51987,35609,51988,51989,1273,762,32239,51990,51991,51992,1026,1023,394,32604,4198,51993,50,16839,35457,726,3542,51994,51995,6098,3577,3132,47939,9165,77],"tags":[],"class_list":["post-85012","post","type-post","status-publish","format-standard","hentry","category-acidente-de-carro","category-agentes-estrangeiros","category-carteis-mexicanos","category-chihuahua","category-cia","category-claudia-sheinbaum","category-coletiva-de-imprensa","category-combate-ao-narcotrafico","category-cooperacao-em-seguranca","category-credenciamento-oficial","category-diplomacia","category-donald-trump","category-estados-unidos","category-forcas-militares","category-governo-americano","category-governo-mexicano","category-internacional","category-intervencao","category-lei-de-seguranca-nacional","category-mexico","category-narcotrafico","category-nota-diplomatica","category-operacao-antidrogas","category-relacoes-bilaterais","category-seguranca-nacional","category-soberania-nacional","category-tensoes-bilaterais","category-turista","category-violencia"],"_links":{"self":[{"href":"https:\/\/redept.com.br\/blogosfera\/wp-json\/wp\/v2\/posts\/85012","targetHints":{"allow":["GET"]}}],"collection":[{"href":"https:\/\/redept.com.br\/blogosfera\/wp-json\/wp\/v2\/posts"}],"about":[{"href":"https:\/\/redept.com.br\/blogosfera\/wp-json\/wp\/v2\/types\/post"}],"author":[{"embeddable":true,"href":"https:\/\/redept.com.br\/blogosfera\/wp-json\/wp\/v2\/users\/2"}],"replies":[{"embeddable":true,"href":"https:\/\/redept.com.br\/blogosfera\/wp-json\/wp\/v2\/comments?post=85012"}],"version-history":[{"count":0,"href":"https:\/\/redept.com.br\/blogosfera\/wp-json\/wp\/v2\/posts\/85012\/revisions"}],"wp:attachment":[{"href":"https:\/\/redept.com.br\/blogosfera\/wp-json\/wp\/v2\/media?parent=85012"}],"wp:term":[{"taxonomy":"category","embeddable":true,"href":"https:\/\/redept.com.br\/blogosfera\/wp-json\/wp\/v2\/categories?post=85012"},{"taxonomy":"post_tag","embeddable":true,"href":"https:\/\/redept.com.br\/blogosfera\/wp-json\/wp\/v2\/tags?post=85012"}],"curies":[{"name":"wp","href":"https:\/\/api.w.org\/{rel}","templated":true}]}}