{"id":85034,"date":"2026-04-28T05:30:00","date_gmt":"2026-04-28T08:30:00","guid":{"rendered":"https:\/\/redept.com.br\/blogosfera\/integra-das-respostas-do-escritorio-mudrovitsch\/"},"modified":"2026-04-28T05:30:00","modified_gmt":"2026-04-28T08:30:00","slug":"integra-das-respostas-do-escritorio-mudrovitsch","status":"publish","type":"post","link":"https:\/\/redept.com.br\/blogosfera\/integra-das-respostas-do-escritorio-mudrovitsch\/","title":{"rendered":"\u00cdntegra das respostas do escrit\u00f3rio Mudrovitsch"},"content":{"rendered":"<p>Leia os posicionamentos completos enviados para a reportagem \u201cEscrit\u00f3rio do presidente da Corte Interamericana de Direitos Humanos defendeu fazendeiros em disputa com sem-terra no MT\u201d<\/p>\n<h2>Nota de 1 de abril de 2026<\/h2>\n<p>O escrit\u00f3rio Mudrovitsch Advogados esclarece que o s\u00f3cio Rodrigo Mudrovitsch n\u00e3o atua como advogado de nenhuma das partes, nem possui qualquer participa\u00e7\u00e3o, direta ou indireta, no processo mencionado.<\/p>\n<p>A atua\u00e7\u00e3o no caso \u00e9 conduzida exclusivamente pelos s\u00f3cios Alex Jesus Augusto Filho e Rita Anselmo, no \u00e2mbito de lit\u00edgio possess\u00f3rio contra a Uni\u00e3o Federal, atualmente em grau recursal. At\u00e9 o momento, a atua\u00e7\u00e3o se restringe \u00e0 interposi\u00e7\u00e3o de agravo de instrumento no cumprimento provis\u00f3rio de senten\u00e7a, discutindo objetivamente os limites legais da execu\u00e7\u00e3o provis\u00f3ria, a desocupa\u00e7\u00e3o e a forma adequada de sua eventual implementa\u00e7\u00e3o.<\/p>\n<p>O escrit\u00f3rio representa os atuais ocupantes da \u00e1rea, que n\u00e3o possuem qualquer rela\u00e7\u00e3o com fatos pret\u00e9ritos atribu\u00eddos a terceiros, tampouco com eventuais viola\u00e7\u00f5es de direitos humanos mencionadas.<\/p>\n<h2>Nota de 23 de abril de 2026<\/h2>\n<p>Prezado Daniel, boa tarde.<\/p>\n<p>Agrade\u00e7o o retorno e a defer\u00eancia de submeter os novos pontos antes da publica\u00e7\u00e3o.<\/p>\n<p>Reitero, inicialmente, o que j\u00e1 havia sido transmitido a essa reportagem quanto \u00e0 aus\u00eancia de atua\u00e7\u00e3o do Rodrigo Mudrovitsch no processo. Registro, ademais, que o escrit\u00f3rio tamb\u00e9m n\u00e3o det\u00e9m, atualmente, qualquer v\u00ednculo profissional com o caso.<\/p>\n<p>Nesse contexto, n\u00e3o temos conhecimento dos fatos narrados quanto \u00e0 seguran\u00e7a na \u00e1rea, tampouco inger\u00eancia sobre decis\u00f5es operacionais no local ou sobre a condu\u00e7\u00e3o processual \u2014 mat\u00e9rias que competem, exclusivamente, aos advogados constitu\u00eddos pelas partes, a quem, respeitosamente, os questionamentos devem ser endere\u00e7ados.<\/p>\n<p>Permane\u00e7o \u00e0 disposi\u00e7\u00e3o para quaisquer esclarecimentos adicionais que estejam ao nosso alcance.<\/p>\n<p>Atenciosamente,<\/p>\n<p>Alex Jesus Augusto Filho<\/p>\n<p>The post \u00cdntegra das respostas do escrit\u00f3rio Mudrovitsch appeared first on Rep\u00f3rter Brasil.<\/p>\n<!-- Begin Yuzo --><div class='yuzo_related_post style-1'  data-version='5.12.89'><!-- without result --><div class='yuzo_clearfixed yuzo__title yuzo__title'><h3>Related Post<\/h3><\/div>\n\t\t\t\t\t\t  <div class=\"relatedthumb \" style=\"width:125px;float:left;overflow:hidden;\">  \n\t\t\t\t\t\t\t  \n\t\t\t\t\t\t\t  <a  href=\"https:\/\/www.pragmatismopolitico.com.br\/2025\/11\/como-criar-um-bio-site-e-fortalecer-sua-presenca-digital.html\"  >\n\t\t\t\t\t\t\t\t\t  <div class=\"yuzo-img-wrap \" style=\"width: 125px;height:90px;\">\n\t\t\t\t\t\t\t\t\t\t\n\t\t\t\t\t\t\t\t\t\t<div class=\"yuzo-img\" style=\"background:url('https:\/\/www.pragmatismopolitico.com.br\/wp-content\/uploads\/2025\/11\/pexels-olly-3811600.jpg') 50% 50% no-repeat;width: 125px;height:90px;margin-bottom: 5px;background-size: cover; \"><\/div>\n\t\t\t\t\t\t\t\t\t  <\/div>\n\t\t\t\t\t\t\t\t\t  \n\t\t\t\t\t\t\t\t   <span class=\"yuzo__text--title\" style=\"font-size:13px;\">Como criar um bio site e fortalecer sua presen\u00e7a d...<\/span>\n\t\t\t\t\t\t\t  \n\t\t\t\t\t\t\t  \n\t\t\t\t\t\t\t  <\/a>\n\n\t\t\t\t\t\t  <\/div>\n\t\t\t\t\t\t  <div class=\"relatedthumb \" style=\"width:125px;float:left;overflow:hidden;\">  \n\t\t\t\t\t\t\t  \n\t\t\t\t\t\t\t  <a  href=\"https:\/\/redept.com.br\/blogosfera\/pf-deflagra-nova-operacao-para-apurar-irregularidades-no-rioprevidencia-por-aplicacoes-no-banco-master\/\"  >\n\t\t\t\t\t\t\t\t\t  <div class=\"yuzo-img-wrap \" style=\"width: 125px;height:90px;\">\n\t\t\t\t\t\t\t\t\t\t\n\t\t\t\t\t\t\t\t\t\t<div class=\"yuzo-img\" style=\"background:url('https:\/\/redept.org\/blogosfera\/wp-content\/plugins\/yuzo-related-post\/assets\/images\/default.png') 50% 50% no-repeat;width: 125px;height:90px;margin-bottom: 5px;background-size: cover; \"><\/div>\n\t\t\t\t\t\t\t\t\t  <\/div>\n\t\t\t\t\t\t\t\t\t  \n\t\t\t\t\t\t\t\t   <span class=\"yuzo__text--title\" style=\"font-size:13px;\">PF deflagra nova opera\u00e7\u00e3o para apurar irregularida...<\/span>\n\t\t\t\t\t\t\t  \n\t\t\t\t\t\t\t  \n\t\t\t\t\t\t\t  <\/a>\n\n\t\t\t\t\t\t  <\/div>\n\t\t\t\t\t\t  <div class=\"relatedthumb \" style=\"width:125px;float:left;overflow:hidden;\">  \n\t\t\t\t\t\t\t  \n\t\t\t\t\t\t\t  <a  href=\"https:\/\/redept.com.br\/blogosfera\/o-caso-de-trump-que-envolve-uma-rede-asquerosa-de-pedofilia-e-serio-e-deve-lhe-custar-o-mandado-e-cadeia\/\"  >\n\t\t\t\t\t\t\t\t\t  <div class=\"yuzo-img-wrap \" style=\"width: 125px;height:90px;\">\n\t\t\t\t\t\t\t\t\t\t\n\t\t\t\t\t\t\t\t\t\t<div class=\"yuzo-img\" style=\"background:url('https:\/\/redept.org\/blogosfera\/wp-content\/plugins\/yuzo-related-post\/assets\/images\/default.png') 50% 50% no-repeat;width: 125px;height:90px;margin-bottom: 5px;background-size: cover; \"><\/div>\n\t\t\t\t\t\t\t\t\t  <\/div>\n\t\t\t\t\t\t\t\t\t  \n\t\t\t\t\t\t\t\t   <span class=\"yuzo__text--title\" style=\"font-size:13px;\">O caso de Trump, que envolve uma rede asquerosa de...<\/span>\n\t\t\t\t\t\t\t  \n\t\t\t\t\t\t\t  \n\t\t\t\t\t\t\t  <\/a>\n\n\t\t\t\t\t\t  <\/div>\n\t\t\t\t\t\t  <div class=\"relatedthumb \" style=\"width:125px;float:left;overflow:hidden;\">  \n\t\t\t\t\t\t\t  \n\t\t\t\t\t\t\t  <a  href=\"https:\/\/www.pragmatismopolitico.com.br\/2025\/09\/video-influenciador-de-extrema-direita-que-pediu-guerra-racial-nos-eua-e-baleado-durante-discurso.html\"  >\n\t\t\t\t\t\t\t\t\t  <div class=\"yuzo-img-wrap \" style=\"width: 125px;height:90px;\">\n\t\t\t\t\t\t\t\t\t\t\n\t\t\t\t\t\t\t\t\t\t<div class=\"yuzo-img\" style=\"background:url('https:\/\/www.pragmatismopolitico.com.br\/wp-content\/uploads\/2025\/09\/charlie-baleado.jpg') 50% 50% no-repeat;width: 125px;height:90px;margin-bottom: 5px;background-size: cover; \"><\/div>\n\t\t\t\t\t\t\t\t\t  <\/div>\n\t\t\t\t\t\t\t\t\t  \n\t\t\t\t\t\t\t\t   <span class=\"yuzo__text--title\" style=\"font-size:13px;\">V\u00cdDEO: Influenciador de extrema-direita que pediu ...<\/span>\n\t\t\t\t\t\t\t  \n\t\t\t\t\t\t\t  \n\t\t\t\t\t\t\t  <\/a>\n\n\t\t\t\t\t\t  <\/div>\n<\/div> <script>\n\t\t\t\t\t\t  jQuery(document).ready(function( $ ){\n\t\t\t\t\t\t\t\/\/jQuery('.yuzo_related_post').equalizer({ overflow : 'relatedthumb' });\n\t\t\t\t\t\t\tjQuery('.yuzo_related_post .yuzo_wraps').equalizer({ columns : '> div' });\n\t\t\t\t\t\t   })\n\t\t\t\t\t\t  <\/script> <!-- End Yuzo :) -->","protected":false},"excerpt":{"rendered":"<p>Leia os posicionamentos completos enviados para a reportagem \u201cEscrit\u00f3rio do presidente da Corte Interamericana de Direitos Humanos defendeu fazendeiros em disputa com sem-terra no MT\u201d Nota de 1 de abril de 2026 O escrit\u00f3rio Mudrovitsch Advogados esclarece que o s\u00f3cio Rodrigo Mudrovitsch n\u00e3o atua como advogado de nenhuma das partes, nem possui qualquer participa\u00e7\u00e3o, direta [\u2026]<\/p>\n<p>The post <a href=\"https:\/\/reporterbrasil.org.br\/2026\/04\/integra-das-respostas-do-escritorio-mudrovitsch\/\">\u00cdntegra das respostas do escrit\u00f3rio Mudrovitsch<\/a> appeared first on <a href=\"https:\/\/reporterbrasil.org.br\/\">Rep\u00f3rter Brasil<\/a>.<\/p>\n","protected":false},"author":2,"featured_media":0,"comment_status":"open","ping_status":"closed","sticky":false,"template":"","format":"standard","meta":{"fifu_image_url":"","fifu_image_alt":"","footnotes":""},"categories":[5803,5879],"tags":[],"class_list":["post-85034","post","type-post","status-publish","format-standard","hentry","category-anexos-posicionamentos","category-conteudo-original-em-portugues"],"_links":{"self":[{"href":"https:\/\/redept.com.br\/blogosfera\/wp-json\/wp\/v2\/posts\/85034","targetHints":{"allow":["GET"]}}],"collection":[{"href":"https:\/\/redept.com.br\/blogosfera\/wp-json\/wp\/v2\/posts"}],"about":[{"href":"https:\/\/redept.com.br\/blogosfera\/wp-json\/wp\/v2\/types\/post"}],"author":[{"embeddable":true,"href":"https:\/\/redept.com.br\/blogosfera\/wp-json\/wp\/v2\/users\/2"}],"replies":[{"embeddable":true,"href":"https:\/\/redept.com.br\/blogosfera\/wp-json\/wp\/v2\/comments?post=85034"}],"version-history":[{"count":0,"href":"https:\/\/redept.com.br\/blogosfera\/wp-json\/wp\/v2\/posts\/85034\/revisions"}],"wp:attachment":[{"href":"https:\/\/redept.com.br\/blogosfera\/wp-json\/wp\/v2\/media?parent=85034"}],"wp:term":[{"taxonomy":"category","embeddable":true,"href":"https:\/\/redept.com.br\/blogosfera\/wp-json\/wp\/v2\/categories?post=85034"},{"taxonomy":"post_tag","embeddable":true,"href":"https:\/\/redept.com.br\/blogosfera\/wp-json\/wp\/v2\/tags?post=85034"}],"curies":[{"name":"wp","href":"https:\/\/api.w.org\/{rel}","templated":true}]}}