{"id":85035,"date":"2026-04-28T05:30:00","date_gmt":"2026-04-28T08:30:00","guid":{"rendered":"https:\/\/redept.com.br\/blogosfera\/escritorio-do-presidente-da-corte-interamericana-de-direitos-humanos-defendeu-fazendeiros-em-disputa-com-sem-terra-no-mt\/"},"modified":"2026-04-28T05:30:00","modified_gmt":"2026-04-28T08:30:00","slug":"escritorio-do-presidente-da-corte-interamericana-de-direitos-humanos-defendeu-fazendeiros-em-disputa-com-sem-terra-no-mt","status":"publish","type":"post","link":"https:\/\/redept.com.br\/blogosfera\/escritorio-do-presidente-da-corte-interamericana-de-direitos-humanos-defendeu-fazendeiros-em-disputa-com-sem-terra-no-mt\/","title":{"rendered":"Escrit\u00f3rio do presidente da Corte Interamericana de Direitos Humanos defendeu fazendeiros em disputa com sem-terra no MT"},"content":{"rendered":"<p><strong>UMA<\/strong> disputa por terra p\u00fablica no norte de Mato Grosso envolveu o escrit\u00f3rio fundado pelo atual presidente da CIDH (Corte Interamericana de Direitos Humanos), o advogado e professor brasileiro Rodrigo Mudrovitsch.\u00a0<\/p>\n<p>At\u00e9 a \u00faltima quinta-feira (23), a banca era respons\u00e1vel pela defesa de fazendeiros que reivindicam a posse da Fazenda Cinco Estrelas, no munic\u00edpio de Novo Mundo. O escrit\u00f3rio havia assumido o caso ap\u00f3s uma decis\u00e3o da Justi\u00e7a Federal, publicada em 19 de fevereiro, determinar a desocupa\u00e7\u00e3o de parte da \u00e1rea para a cria\u00e7\u00e3o de um assentamento para fam\u00edlias sem terra.<\/p>\n<p>Mudrovitsch foi indicado \u00e0 Corte pelo ex-presidente Jair Bolsonaro (PL), em 2021 \u2014 o \u00f3rg\u00e3o tem como miss\u00e3o julgar viola\u00e7\u00f5es de direitos humanos nas Am\u00e9ricas. Ele atuou como juiz at\u00e9 assumir, em janeiro, a presid\u00eancia para o bi\u00eanio 2026-2027. A CIDH, contudo, n\u00e3o exige que os magistrados, nem mesmo o presidente, afastem-se de seus escrit\u00f3rios no per\u00edodo em que exercem o cargo.<\/p>\n<p>O escrit\u00f3rio fundado por Mudrovitsch atuou na defesa de membros da fam\u00edlia Rodrigues da Cunha, que\u00a0 tentam manter a posse da Fazenda Cinco Estrelas, \u00e1rea considerada p\u00fablica pela Justi\u00e7a e marcada por uma disputa com fam\u00edlias sem terra h\u00e1 mais de duas d\u00e9cadas.\u00a0<\/p>\n<div data-elementor-type=\"section\" data-elementor-id=\"77670\" data-elementor-post-type=\"elementor_library\">\n<div data-id=\"17a659f\" data-element_type=\"container\" data-e-type=\"container\" data-settings='{\"background_background\":\"classic\"}'>\n<div>\n<div data-id=\"386385d\" data-element_type=\"widget\" data-e-type=\"widget\" data-widget_type=\"heading.default\">\n<div>\n<h2>ASSINE NOSSA NEWSLETTER<\/h2>\n<\/p><\/div>\n<\/p><\/div>\n<div data-id=\"6546917\" data-element_type=\"widget\" data-e-type=\"widget\" data-widget_type=\"html.default\">\n<div>\n\t\t\t\t\t\t\t\t\t<\/div>\n<\/p><\/div>\n<div data-id=\"8c2e333\" data-element_type=\"widget\" data-e-type=\"widget\" data-settings='{\"button_width\":\"20\",\"step_next_label\":\"Next\",\"step_previous_label\":\"Previous\",\"button_width_mobile\":\"20\",\"step_type\":\"number_text\",\"step_icon_shape\":\"circle\"}' data-widget_type=\"form.default\">\n<div>\n<div>\n<div>\n\t\t\t\t\t\t\t\t\t\t\t\t<label for=\"form-field-email\"><br \/>\n\t\t\t\t\t\t\t\tEmail\t\t\t\t\t\t\t<\/label><\/p><\/div>\n<div>\n\t\t\t\t\t<button type=\"submit\"><br \/>\n\t\t\t\t\t\t<span><br \/>\n\t\t\t\t\t\t\t\t\t\t\t\t\t\t\t<span><br \/>\n\t\t\t\t\t\t\t\t\t<i aria-hidden=\"true\"><\/i>\t\t\t\t\t\t\t\t\t\t\t\t\t\t\t\t\t\t\t<span>Submit<\/span><br \/>\n\t\t\t\t\t\t\t\t\t\t\t\t\t\t\t\t\t<\/span><br \/>\n\t\t\t\t\t\t\t\t\t\t\t\t\t\t\t\t\t\t\t\t<\/span><br \/>\n\t\t\t\t\t<\/button>\n\t\t\t\t<\/div>\n<\/p><\/div>\n<\/p><\/div>\n<\/p><\/div>\n<\/p><\/div>\n<\/p><\/div>\n<\/p><\/div>\n<p>Na fazenda, tamb\u00e9m foi registrado um dos maiores casos de trabalho escravo da hist\u00f3ria do Mato Grosso, antes de o local ser administrado pelos Rodrigues da Cunha. Em 2003, 140 trabalhadores foram resgatados em condi\u00e7\u00f5es degradantes na Fazenda Cinco Estrelas em uma fiscaliza\u00e7\u00e3o do MTE (Minist\u00e9rio do Trabalho e Emprego).<\/p>\n<p>Uma decis\u00e3o favor\u00e1vel aos sem-terra foi proferida em mar\u00e7o deste ano depois de o TRF-1 (Tribunal Regional Federal da 1\u00aa Regi\u00e3o) confirmar que a fazenda integra o patrim\u00f4nio da Uni\u00e3o desde 1977. A ordem determinou a sa\u00edda dos ocupantes de cerca de 2 mil hectares, que foram destinados \u00e0 reforma agr\u00e1ria.\u00a0O processo, no entanto, encontrava-se parado h\u00e1 meses no tribunal, enquanto dezenas de fam\u00edlias sem terra permaneciam acampadas \u00e0 espera da execu\u00e7\u00e3o, como mostrou a <strong>Rep\u00f3rter Brasil <\/strong>em setembro de 2025.<\/p>\n<p>Integrantes da fam\u00edlia Rodrigues da Cunha contrataram o escrit\u00f3rio Mudrovitsch Advogados, que apresentou um agravo de instrumento para suspender a decis\u00e3o que determina a entrega da \u00e1rea \u00e0 Uni\u00e3o. Na \u00faltima sexta-feira (24), o TRF-1 manteve a ordem, mas ampliou de 30 para 180 dias o prazo para que os fazendeiros desocupem o local.<\/p>\n<p>\u201cProvoca profunda indigna\u00e7\u00e3o, sob os prismas \u00e9tico e pol\u00edtico, o fato de que o escrit\u00f3rio respons\u00e1vel pela defesa dos detentores ilegais da \u00e1rea tenha como fundador o atual presidente da Corte Interamericana de Direitos Humanos\u201d, afirma a CPT (Comiss\u00e3o Pastoral da Terra). A entidade ligada \u00e0 Igreja Cat\u00f3lica diz \u201crepudiar\u201d a atua\u00e7\u00e3o do escrit\u00f3rio Mudrovitsch Advogados na defesa dos ocupantes da Fazenda Cinco Estrelas.<\/p>\n<p>Para a CPT, ainda que a atua\u00e7\u00e3o jur\u00eddica seja formalmente poss\u00edvel, a defesa da manuten\u00e7\u00e3o da ocupa\u00e7\u00e3o privada sobre uma \u00e1rea p\u00fablica com hist\u00f3rico de trabalho escravo \u201cevidencia uma contradi\u00e7\u00e3o grave e preocupante\u201d.<\/p>\n<figure><img fetchpriority=\"high\" fetchpriority=\"high\" decoding=\"async\" width=\"1024\" height=\"768\"src=\"https:\/\/redept.com.br\/blogosfera\/wp-content\/uploads\/2026\/04\/comunidade-uniao-cinco-estrelas.jpeg\" alt=\"Mais de 70 fam\u00edlias acampadas \u00e0 beira de uma estrada de terra aguardavam uma defini\u00e7\u00e3o sobre a disputa (Foto: Divulga\u00e7\u00e3o\/ Comunidade Uni\u00e3o Cinco Estrelas)\" srcset=\"https:\/\/redept.com.br\/blogosfera\/wp-content\/uploads\/2026\/04\/comunidade-uniao-cinco-estrelas.jpeg 1024w, https:\/\/reporterbrasil.org.br\/wp-content\/uploads\/2026\/03\/comunidade-uniao-cinco-estrelas-300x225.jpeg 300w, https:\/\/reporterbrasil.org.br\/wp-content\/uploads\/2026\/03\/comunidade-uniao-cinco-estrelas-768x576.jpeg 768w\" sizes=\"(max-width: 1024px) 100vw, 1024px\"><figcaption>Mais de 70 fam\u00edlias acampadas \u00e0 beira de uma estrada de terra aguardavam uma defini\u00e7\u00e3o sobre a disputa envolvendo a Fazenda Cinco Estrelas (Foto: Divulga\u00e7\u00e3o\/ Comunidade Uni\u00e3o Cinco Estrelas)<\/figcaption><\/figure>\n<h2>O que diz o escrit\u00f3rio fundado pelo presidente da CIDH<\/h2>\n<p>Rodrigo Mudrovitsch e o escrit\u00f3rio foram procurados pela <strong>Rep\u00f3rter Brasil<\/strong> no in\u00edcio de abril. Em nota, a banca afirmou que ele n\u00e3o atuava como advogado de nenhuma das partes, nem tinha participa\u00e7\u00e3o, direta ou indireta, no processo. O posicionamento informou ainda que o caso foi conduzido exclusivamente pelos s\u00f3cios Alex Jesus Augusto Filho e Rita Anselmo.\u00a0<\/p>\n<p>\u201cAt\u00e9 o momento, a atua\u00e7\u00e3o se restringe \u00e0 interposi\u00e7\u00e3o de agravo de instrumento no cumprimento provis\u00f3rio de senten\u00e7a, discutindo objetivamente os limites legais da execu\u00e7\u00e3o provis\u00f3ria, a desocupa\u00e7\u00e3o e a forma adequada de sua eventual implementa\u00e7\u00e3o\u201d, explicava a nota.\u00a0<\/p>\n<p>O escrit\u00f3rio argumentou tamb\u00e9m que representava os atuais ocupantes da \u00e1rea e que eles, segundo entendimento da banca, \u201cn\u00e3o possuem qualquer rela\u00e7\u00e3o com fatos pret\u00e9ritos atribu\u00eddos a terceiros, tampouco com eventuais viola\u00e7\u00f5es de direitos humanos mencionadas\u201d. Leia a \u00edntegra da resposta.<\/p>\n<p>Na quinta-feira passada (23), ap\u00f3s sem-terra relatarem que o n\u00famero de seguran\u00e7as armados na fazenda teria aumentado e que drones estariam sobrevoando o acampamento do lado de fora da propriedade, a <strong>Rep\u00f3rter Brasil<\/strong> procurou novamente o escrit\u00f3rio de advocacia.<\/p>\n<p>A banca respondeu, ent\u00e3o, que havia deixado \u201cqualquer v\u00ednculo profissional com o caso\u201d. A nota assinada pelo advogado Alex Jesus Augusto Filho afirma ainda que \u201cnesse contexto, n\u00e3o temos conhecimento dos fatos narrados quanto \u00e0 seguran\u00e7a na \u00e1rea, tampouco inger\u00eancia sobre decis\u00f5es operacionais no local ou sobre a condu\u00e7\u00e3o processual\u201d. Leia a \u00edntegra do posicionamento. <\/p>\n<p>O pedido feito pela <strong>Rep\u00f3rter Brasil <\/strong>para que o escrit\u00f3rio se manifestasse foi enviado \u00e0s 12h25. A resposta do escrit\u00f3rio, por sua vez, foi remetida \u00e0s 17h28. Segundo os autos do processo, o pedido formal de sa\u00edda do caso registrado pelo escrit\u00f3rio deu-se \u00e0s 17h17 \u2014 11 minutos antes da nota enviada \u00e0 reportagem.<\/p>\n<p>Um dia depois, na sexta-feira (24), a desembargadora federal do TRF-1 K\u00e1tia Balbino assinou decis\u00e3o acolhendo parcialmente o agravo de instrumento apresentado pelos fazendeiros e ampliando de 30 para 180 dias o prazo para a desocupa\u00e7\u00e3o da \u00e1rea. O prazo anterior para a devolu\u00e7\u00e3o \u00e0 Uni\u00e3o\u00a0 seria o pr\u00f3ximo s\u00e1bado, 2 de maio.<\/p>\n<figure><img decoding=\"async\" width=\"1024\" height=\"768\"src=\"https:\/\/redept.com.br\/blogosfera\/wp-content\/uploads\/2026\/04\/Fazenda-Cinco-Estrelas.jpg\" alt=\"Incra j\u00e1 elaborou plano para assentar as fam\u00edlias, mas condiciona a execu\u00e7\u00e3o \u00e0 decis\u00e3o judicial que destrava a destina\u00e7\u00e3o da fazenda para reforma agr\u00e1ria (Foto: CPT\/Divulga\u00e7\u00e3o)\n\" srcset=\"https:\/\/redept.com.br\/blogosfera\/wp-content\/uploads\/2026\/04\/Fazenda-Cinco-Estrelas.jpg 1024w, https:\/\/reporterbrasil.org.br\/wp-content\/uploads\/2026\/04\/Fazenda-Cinco-Estrelas-300x225.jpg 300w, https:\/\/reporterbrasil.org.br\/wp-content\/uploads\/2026\/04\/Fazenda-Cinco-Estrelas-768x576.jpg 768w\" sizes=\"(max-width: 1024px) 100vw, 1024px\"><figcaption>Incra j\u00e1 elaborou plano para assentar as fam\u00edlias, mas condiciona a execu\u00e7\u00e3o \u00e0 decis\u00e3o judicial que destrava a destina\u00e7\u00e3o da fazenda para reforma agr\u00e1ria (Foto: CPT\/Divulga\u00e7\u00e3o)<br \/><\/figcaption><\/figure>\n<h2>Escrit\u00f3rio de Mudrovitsch tem hist\u00f3rico de advogar para ruralistas<\/h2>\n<p>A atua\u00e7\u00e3o do escrit\u00f3rio em disputas fundi\u00e1rias e temas sens\u00edveis de direitos territoriais n\u00e3o \u00e9 in\u00e9dita. Em reportagem publicada em 2021, a Ag\u00eancia P\u00fablica mostrou que o Mudrovitsch Advogados j\u00e1 representou entidades ruralistas no processo do marco temporal no Supremo Tribunal Federal \u2014 entre elas, a Aprosoja (Associa\u00e7\u00e3o dos Produtores de Soja).<\/p>\n<p>O marco temporal determina que ind\u00edgenas s\u00f3 teriam direito \u00e0 demarca\u00e7\u00e3o das \u00e1reas que estivessem sob sua posse ou em disputa judicial na data da promulga\u00e7\u00e3o da Constitui\u00e7\u00e3o Federal, em 5 de outubro de 1988. O argumento \u00e9 usado por ruralistas para impedir a destina\u00e7\u00e3o de novos territ\u00f3rios a povos origin\u00e1rios e para contestar territ\u00f3rios j\u00e1 delimitados.\u00a0<\/p>\n<p>Na \u00e9poca, Mudrovitsch disse \u00e0 P\u00fablica que n\u00e3o atuava diretamente no caso e que, embora seu nome tamb\u00e9m constasse de procura\u00e7\u00e3o apresentada ao STF, seu s\u00f3cio conduzia o caso \u201ccom plena autonomia\u201d.\u00a0<\/p>\n<p>A mesma reportagem registrou que, em entrevista de 2014 ao Canal Rural, ele havia defendido a tese do marco temporal ao comentar um julgamento sobre a Terra Ind\u00edgena Guyrarok\u00e1, no Mato Grosso do Sul.<\/p>\n<p>Mudrovitsch tamb\u00e9m atuou como advogado do ministro do STF, Gilmar Mendes, defendendo o magistrado em causas contra jornalistas. Tamb\u00e9m j\u00e1 representou empres\u00e1rios como Eike Batista e Era\u00ed Maggi, o \u201cRei da Soja\u201d, primo do ex-governador do Mato Grosso Blairo Maggi, que tamb\u00e9m \u00e9 seu cliente.\u00a0<\/p>\n<p>Outra reportagem da P\u00fablica tratou da indica\u00e7\u00e3o de Mudrovitsch, feita por Jair Bolsonaro, para a Corte Interamericana de Direitos Humanos.\u00a0<\/p>\n<p>Segundo a mat\u00e9ria, um painel independente formado por seis especialistas de M\u00e9xico, Argentina, Peru, Venezuela e Chile concluiu que ele n\u00e3o tinha \u201cexperi\u00eancia em direito internacional p\u00fablico e direitos humanos internacionais\u201d.\u00a0<\/p>\n<p>Ainda de acordo com a reportagem, o painel afirmou n\u00e3o ter encontrado refer\u00eancias a esses campos do conhecimento em a\u00e7\u00f5es ajuizadas por ele no STF, em suas publica\u00e7\u00f5es acad\u00eamicas ou jur\u00eddicas, nem na entrevista concedida ao grupo.\u00a0<\/p>\n<p>Na carta de apresenta\u00e7\u00e3o de sua candidatura \u00e0 Corte, Mudrovitsch afirmou que a indica\u00e7\u00e3o era \u201ccongruente com a minha trajet\u00f3ria como advogado e professor com relevante atua\u00e7\u00e3o na \u00e1rea de Direitos Humanos no Brasil\u201d.\u00a0<\/p>\n<p>No documento, tamb\u00e9m sustenta ter buscado \u201ccontribuir para a consolida\u00e7\u00e3o e amadurecimento dos mecanismos de defesa dos Direitos Humanos e das garantias fundamentais no Brasil\u201d.<\/p>\n<h2>O hist\u00f3rico de trabalho escravo da Fazenda Cinco Estrelas<\/h2>\n<p>O resgate de trabalhadores em condi\u00e7\u00f5es an\u00e1logas \u00e0 escravid\u00e3o na Fazenda Cinco Estrelas ocorreu em 2003, quando uma equipe do Minist\u00e9rio do Trabalho e Emprego encontrou 140 trabalhadores vivendo em barracos de lona e galp\u00f5es improvisados, sem registro em carteira e sob vigil\u00e2ncia armada. <\/p>\n<p>Segundo os auditores fiscais, a \u00e1gua bebida pelos funcion\u00e1rios vinha de c\u00f3rregos e a alimenta\u00e7\u00e3o era prec\u00e1ria.\u00a0O relat\u00f3rio de fiscaliza\u00e7\u00e3o aponta ainda um sistema de d\u00edvidas que impediria a sa\u00edda dos trabalhadores. Pessoas que tentaram fugir relataram ter sido perseguidas e agredidas com pauladas e golpes de fac\u00e3o. Durante a opera\u00e7\u00e3o, quatro trabalhadores teriam sido escondidos em outra propriedade para evitar depoimento \u00e0 Pol\u00edcia Federal, de acordo com os servidores do MTE.<\/p>\n<p>O impacto da opera\u00e7\u00e3o foi registrado pelo auditor-fiscal Raimundo Barbosa da Silva, que escreveu o poema \u201cUm soneto com quinteto\u201d, anexado ao relat\u00f3rio de fiscaliza\u00e7\u00e3o. No texto, ele associa o nome do munic\u00edpio, Novo Mundo, a pr\u00e1ticas hist\u00f3ricas de explora\u00e7\u00e3o: \u201cNovo mundo, velhas a\u00e7\u00f5es \/ Vi em ti a col\u00f4nia de outrora \/ Do imp\u00e9rio, da escravid\u00e3o\u201d.<\/p>\n<p>Ap\u00f3s a fiscaliza\u00e7\u00e3o, a Uni\u00e3o entrou com uma a\u00e7\u00e3o na Justi\u00e7a Federal para retomar a \u00e1rea que, anos depois do flagrante de trabalho escravo, passaria a ser ocupada por Osmar Rodrigues da Cunha. Em 2003, quando ocorreu o resgate dos trabalhadores, o respons\u00e1vel era outro, j\u00e1 falecido.<\/p>\n<p>A Uni\u00e3o sustenta no processo que a transfer\u00eancia da posse para Cunha n\u00e3o teria sido comprovada pelos antigos donos da Fazenda Cinco Estrelas, e teria servido para dar apar\u00eancia de legalidade \u00e0 ocupa\u00e7\u00e3o de terra p\u00fablica.\u00a0<\/p>\n<p>Em 2010, ao ser abordado por um oficial de Justi\u00e7a na pr\u00f3pria fazenda, Cunha afirmou que a \u00e1rea teria sido adquirida por sua fam\u00edlia com recursos da venda de outra propriedade, em S\u00e3o F\u00e9lix do Xingu (PA).<\/p>\n<p>Nessa fazenda, no sul do Par\u00e1, Cunha tamb\u00e9m foi responsabilizado administrativamente por manter trabalhadores em condi\u00e7\u00f5es an\u00e1logas \u00e0 escravid\u00e3o em 2005. O epis\u00f3dio levou \u00e0 inclus\u00e3o de seu nome na chamada Lista Suja, cadastro federal de empregadores autuados por essa pr\u00e1tica.<\/p>\n<p>No Mato Grosso, Cunha tamb\u00e9m foi denunciado pelo Minist\u00e9rio P\u00fablico Federal por tentativa de homic\u00eddio contra 26 sem-terra ap\u00f3s um confronto em 2010. Segundo a a\u00e7\u00e3o, uma das v\u00edtimas relatou ter levado mais de 20 pauladas na cabe\u00e7a e no corpo. A den\u00fancia foi remetida \u00e0 Justi\u00e7a Estadual, onde ainda tramita a a\u00e7\u00e3o penal, mas a punibilidade ser\u00e1 extinta em raz\u00e3o da morte de Cunha, em setembro de 2023.\u00a0<\/p>\n<p>Em 2024, o acampado Claudinei Martelo foi assassinado na \u00e1rea ap\u00f3s meses de amea\u00e7as de garimpeiros. Em outro epis\u00f3dio, durante um despejo realizado sem ordem judicial, a Pol\u00edcia Militar prendeu a defensora p\u00fablica Gabriela Beck e o padre Lu\u00eds Cl\u00e1udio da Silva, da CPT.\u00a0<\/p>\n<p>A defensora disse ter sido v\u00edtima de agress\u00e3o ficando com marcas no rosto e no pesco\u00e7o. Trabalhadores afirmaram que celulares teriam sido apreendidos e que agentes homens teriam revistado mulheres.<\/p>\n<h2>Fam\u00edlias sem terra mant\u00eam acampamento h\u00e1 mais de 20 anos<\/h2>\n<p>Mais de duas d\u00e9cadas depois do resgate de escravizados, a \u00e1rea segue no centro de conflitos fundi\u00e1rios e disputas judiciais. <\/p>\n<p>As 74 fam\u00edlias vivem em barracos de lona montados \u00e0 beira de uma estrada de terra, diante da porteira da fazenda. N\u00e3o h\u00e1 acesso regular a \u00e1gua pot\u00e1vel \u2014 a que eles recebem de caminh\u00f5es-pipa da prefeitura \u00e9 considerada impr\u00f3pria para beber.\u00a0Moradores do acampamento relatam caminhadas de cerca de seis quil\u00f4metros at\u00e9 s\u00edtios vizinhos para conseguir \u00e1gua. Na seca, a poeira levantada pelo vento cobre as panelas e os colch\u00f5es. Na chuva, os barracos alagam.<\/p>\n<p>\u201cN\u00f3s n\u00e3o vive, n\u00f3s vegeta\u201d, disse Edna Lima do Nascimento Santos, entrevistada pela <strong>Rep\u00f3rter Brasil<\/strong> no ano passado. Ela segue no acampamento com a filha, tr\u00eas netos e um bisneto.\u00a0<\/p>\n<figure><img decoding=\"async\" width=\"1024\" height=\"768\"src=\"https:\/\/redept.com.br\/blogosfera\/wp-content\/uploads\/2026\/04\/WhatsApp-Image-2025-09-12-at-115512-1024x768-1.jpeg\" alt=\"No acampamento, a \u00e1gua vem de caminh\u00f5es-pipa da prefeitura, mas \u00e9 impr\u00f3pria para beber. Para conseguir \u00e1gua pot\u00e1vel, fam\u00edlias caminham seis quil\u00f4metros at\u00e9 s\u00edtios vizinhos (Foto: CPT\/Divulga\u00e7\u00e3o)\" srcset=\"https:\/\/redept.com.br\/blogosfera\/wp-content\/uploads\/2026\/04\/WhatsApp-Image-2025-09-12-at-115512-1024x768-1.jpeg 1024w, https:\/\/reporterbrasil.org.br\/wp-content\/uploads\/2026\/03\/WhatsApp-Image-2025-09-12-at-11.55.12-1024x768-1-300x225.jpeg 300w, https:\/\/reporterbrasil.org.br\/wp-content\/uploads\/2026\/03\/WhatsApp-Image-2025-09-12-at-11.55.12-1024x768-1-768x576.jpeg 768w\" sizes=\"(max-width: 1024px) 100vw, 1024px\"><figcaption>No acampamento, a \u00e1gua vem de caminh\u00f5es-pipa da prefeitura, mas \u00e9 impr\u00f3pria para beber. Para conseguir \u00e1gua pot\u00e1vel, fam\u00edlias caminham seis quil\u00f4metros at\u00e9 s\u00edtios vizinhos (Foto: CPT\/Divulga\u00e7\u00e3o)<\/figcaption><\/figure>\n<p>Em mar\u00e7o, quando a Justi\u00e7a mandou os fazendeiros deixarem a \u00e1rea, outra acampada, Maria L\u00facia Esp\u00edndola Vaz, descreveu a comemora\u00e7\u00e3o. \u201cMeu Deus, n\u00e3o tem nem explica\u00e7\u00e3o de tanta felicidade. \u00c9 o sonho de muitos anos que est\u00e1 sendo realizado\u201d, disse.\u00a0<\/p>\n<p>No recurso enviado \u00e0 Justi\u00e7a, o escrit\u00f3rio Mudrovitsch sustentou que a desocupa\u00e7\u00e3o compuls\u00f3ria dos 2 mil hectares causaria \u201cdanos sociais, patrimoniais e institucionais de dif\u00edcil recomposi\u00e7\u00e3o\u201d.\u00a0<\/p>\n<p>A defesa afirmou tamb\u00e9m que seus clientes ocupariam a \u00e1rea h\u00e1 quase tr\u00eas d\u00e9cadas e descreveu a fazenda como um \u201cn\u00facleo produtivo consolidado\u201d, com mais de 2 mil bovinos, maquin\u00e1rio, edifica\u00e7\u00f5es, moradias e organiza\u00e7\u00e3o econ\u00f4mica familiar.\u00a0<\/p>\n<p>Tamb\u00e9m argumentaram que a eventual implanta\u00e7\u00e3o do assentamento durante a pend\u00eancia recursal poderia consolidar uma situa\u00e7\u00e3o de dif\u00edcil revers\u00e3o.<\/p>\n<div data-elementor-type=\"container\" data-elementor-id=\"75228\" data-elementor-post-type=\"elementor_library\">\n<div data-id=\"5e8db1e6\" data-element_type=\"container\" data-e-type=\"container\">\n<div>\n<div data-id=\"36eb6c91\" data-element_type=\"container\" data-e-type=\"container\">\n<div>\n<div data-id=\"6f52f515\" data-element_type=\"container\" data-e-type=\"container\">\n<div data-id=\"65d9f401\" data-element_type=\"widget\" data-e-type=\"widget\" data-widget_type=\"divider.default\">\n<div>\n<div>\n\t\t\t<span><br \/>\n\t\t\t\t\t\t<\/span>\n\t\t<\/div>\n<\/p><\/div>\n<\/p><\/div>\n<\/p><\/div>\n<div data-id=\"134a1245\" data-element_type=\"container\" data-e-type=\"container\">\n<div>\n<div data-id=\"10fe55fe\" data-element_type=\"widget\" data-e-type=\"widget\" data-widget_type=\"text-editor.default\">\n<div>\n<p>Leia tamb\u00e9m<\/p>\n<\/p><\/div>\n<\/p><\/div>\n<\/p><\/div>\n<\/p><\/div>\n<\/p><\/div>\n<\/p><\/div>\n<div data-id=\"3c9495ae\" data-element_type=\"widget\" data-e-type=\"widget\" data-settings='{\"template_id\":\"75221\",\"columns\":1,\"row_gap\":{\"unit\":\"px\",\"size\":10,\"sizes\":[]},\"_skin\":\"post\",\"columns_tablet\":\"2\",\"columns_mobile\":\"1\",\"edit_handle_selector\":\"[data-elementor-type=\"loop-item\"]\",\"row_gap_tablet\":{\"unit\":\"px\",\"size\":\"\",\"sizes\":[]},\"row_gap_mobile\":{\"unit\":\"px\",\"size\":\"\",\"sizes\":[]}}' data-widget_type=\"loop-grid.post\">\n<div>\n<div>\n\t\t<\/div>\n<\/p><\/div>\n<\/p><\/div>\n<\/p><\/div>\n<\/p><\/div>\n<\/p><\/div>\n<p>The post Escrit\u00f3rio do presidente da Corte Interamericana de Direitos Humanos defendeu fazendeiros em disputa com sem-terra no MT appeared first on Rep\u00f3rter Brasil.<\/p>\n<!-- Begin Yuzo --><div class='yuzo_related_post style-1'  data-version='5.12.89'><!-- without result --><div class='yuzo_clearfixed yuzo__title yuzo__title'><h3>Related Post<\/h3><\/div>\n\t\t\t\t\t\t  <div class=\"relatedthumb \" style=\"width:125px;float:left;overflow:hidden;\">  \n\t\t\t\t\t\t\t  \n\t\t\t\t\t\t\t  <a  href=\"https:\/\/redept.com.br\/blogosfera\/agu-move-acao-contra-a-meta-para-impedir-golpes-com-simbolos-do-governo\/\"  >\n\t\t\t\t\t\t\t\t\t  <div class=\"yuzo-img-wrap \" style=\"width: 125px;height:90px;\">\n\t\t\t\t\t\t\t\t\t\t\n\t\t\t\t\t\t\t\t\t\t<div class=\"yuzo-img\" style=\"background:url('https:\/\/redept.org\/blogosfera\/wp-content\/plugins\/yuzo-related-post\/assets\/images\/default.png') 50% 50% no-repeat;width: 125px;height:90px;margin-bottom: 5px;background-size: cover; \"><\/div>\n\t\t\t\t\t\t\t\t\t  <\/div>\n\t\t\t\t\t\t\t\t\t  \n\t\t\t\t\t\t\t\t   <span class=\"yuzo__text--title\" style=\"font-size:13px;\">AGU move a\u00e7\u00e3o contra a Meta para impedir golpes co...<\/span>\n\t\t\t\t\t\t\t  \n\t\t\t\t\t\t\t  \n\t\t\t\t\t\t\t  <\/a>\n\n\t\t\t\t\t\t  <\/div>\n\t\t\t\t\t\t  <div class=\"relatedthumb \" style=\"width:125px;float:left;overflow:hidden;\">  \n\t\t\t\t\t\t\t  \n\t\t\t\t\t\t\t  <a  href=\"https:\/\/redept.com.br\/blogosfera\/o-voto-divergente-e-a-jornalista\/\"  >\n\t\t\t\t\t\t\t\t\t  <div class=\"yuzo-img-wrap \" style=\"width: 125px;height:90px;\">\n\t\t\t\t\t\t\t\t\t\t\n\t\t\t\t\t\t\t\t\t\t<div class=\"yuzo-img\" style=\"background:url('https:\/\/redept.org\/blogosfera\/wp-content\/plugins\/yuzo-related-post\/assets\/images\/default.png') 50% 50% no-repeat;width: 125px;height:90px;margin-bottom: 5px;background-size: cover; \"><\/div>\n\t\t\t\t\t\t\t\t\t  <\/div>\n\t\t\t\t\t\t\t\t\t  \n\t\t\t\t\t\t\t\t   <span class=\"yuzo__text--title\" style=\"font-size:13px;\">O voto divergente e a jornalista<\/span>\n\t\t\t\t\t\t\t  \n\t\t\t\t\t\t\t  \n\t\t\t\t\t\t\t  <\/a>\n\n\t\t\t\t\t\t  <\/div>\n\t\t\t\t\t\t  <div class=\"relatedthumb \" style=\"width:125px;float:left;overflow:hidden;\">  \n\t\t\t\t\t\t\t  \n\t\t\t\t\t\t\t  <a  href=\"https:\/\/redept.com.br\/blogosfera\/donald-trump-acusa-lideres-ucranianos-de-ingratidao-aos-estados-unidos\/\"  >\n\t\t\t\t\t\t\t\t\t  <div class=\"yuzo-img-wrap \" style=\"width: 125px;height:90px;\">\n\t\t\t\t\t\t\t\t\t\t\n\t\t\t\t\t\t\t\t\t\t<div class=\"yuzo-img\" style=\"background:url('https:\/\/redept.com.br\/blogosfera\/wp-content\/uploads\/2025\/11\/54932803198_cde0d7f5ad_k-150x150.jpg') 50% 50% no-repeat;width: 125px;height:90px;margin-bottom: 5px;background-size: cover; \"><\/div>\n\t\t\t\t\t\t\t\t\t  <\/div>\n\t\t\t\t\t\t\t\t\t  \n\t\t\t\t\t\t\t\t   <span class=\"yuzo__text--title\" style=\"font-size:13px;\">Donald Trump acusa l\u00edderes ucranianos de ingratid\u00e3...<\/span>\n\t\t\t\t\t\t\t  \n\t\t\t\t\t\t\t  \n\t\t\t\t\t\t\t  <\/a>\n\n\t\t\t\t\t\t  <\/div>\n\t\t\t\t\t\t  <div class=\"relatedthumb \" style=\"width:125px;float:left;overflow:hidden;\">  \n\t\t\t\t\t\t\t  \n\t\t\t\t\t\t\t  <a  href=\"https:\/\/redept.com.br\/blogosfera\/alckmin-passa-por-exames-apos-sentir-enjoo-e-dores-abdominais\/\"  >\n\t\t\t\t\t\t\t\t\t  <div class=\"yuzo-img-wrap \" style=\"width: 125px;height:90px;\">\n\t\t\t\t\t\t\t\t\t\t\n\t\t\t\t\t\t\t\t\t\t<div class=\"yuzo-img\" style=\"background:url('https:\/\/redept.org\/blogosfera\/wp-content\/plugins\/yuzo-related-post\/assets\/images\/default.png') 50% 50% no-repeat;width: 125px;height:90px;margin-bottom: 5px;background-size: cover; \"><\/div>\n\t\t\t\t\t\t\t\t\t  <\/div>\n\t\t\t\t\t\t\t\t\t  \n\t\t\t\t\t\t\t\t   <span class=\"yuzo__text--title\" style=\"font-size:13px;\">Alckmin passa por exames ap\u00f3s sentir enjoo e dores...<\/span>\n\t\t\t\t\t\t\t  \n\t\t\t\t\t\t\t  \n\t\t\t\t\t\t\t  <\/a>\n\n\t\t\t\t\t\t  <\/div>\n<\/div> <script>\n\t\t\t\t\t\t  jQuery(document).ready(function( $ ){\n\t\t\t\t\t\t\t\/\/jQuery('.yuzo_related_post').equalizer({ overflow : 'relatedthumb' });\n\t\t\t\t\t\t\tjQuery('.yuzo_related_post .yuzo_wraps').equalizer({ columns : '> div' });\n\t\t\t\t\t\t   })\n\t\t\t\t\t\t  <\/script> <!-- End Yuzo :) -->","protected":false},"excerpt":{"rendered":"<p>Banca fundada por Rodrigo Mudrovitsch, atual presidente da CIDH, representou fazendeiros em disputa por \u00e1rea no norte de Mato Grosso com hist\u00f3rico de trabalho escravo e reivindicada por fam\u00edlias sem terra h\u00e1 mais de duas d\u00e9cadas; CPT v\u00ea \u201ccontradi\u00e7\u00e3o grave e preocupante\u201d<\/p>\n<p>The post <a href=\"https:\/\/reporterbrasil.org.br\/2026\/04\/escritorio-presidente-corte-interamericana-direitos-sem-terra-mt\/\">Escrit\u00f3rio do presidente da Corte Interamericana de Direitos Humanos defendeu fazendeiros em disputa com sem-terra no MT<\/a> appeared first on <a href=\"https:\/\/reporterbrasil.org.br\/\">Rep\u00f3rter Brasil<\/a>.<\/p>\n","protected":false},"author":2,"featured_media":85036,"comment_status":"open","ping_status":"closed","sticky":false,"template":"","format":"standard","meta":{"fifu_image_url":"","fifu_image_alt":"","footnotes":""},"categories":[13690,5879,2522,323,302,5799,974],"tags":[],"class_list":["post-85035","post","type-post","status-publish","format-standard","has-post-thumbnail","hentry","category-_destaque-da-home-1","category-conteudo-original-em-portugues","category-corte-interamericana-de-direitos-humanos","category-mato-grosso","category-mst","category-reportagens","category-trabalho-escravo"],"_links":{"self":[{"href":"https:\/\/redept.com.br\/blogosfera\/wp-json\/wp\/v2\/posts\/85035","targetHints":{"allow":["GET"]}}],"collection":[{"href":"https:\/\/redept.com.br\/blogosfera\/wp-json\/wp\/v2\/posts"}],"about":[{"href":"https:\/\/redept.com.br\/blogosfera\/wp-json\/wp\/v2\/types\/post"}],"author":[{"embeddable":true,"href":"https:\/\/redept.com.br\/blogosfera\/wp-json\/wp\/v2\/users\/2"}],"replies":[{"embeddable":true,"href":"https:\/\/redept.com.br\/blogosfera\/wp-json\/wp\/v2\/comments?post=85035"}],"version-history":[{"count":0,"href":"https:\/\/redept.com.br\/blogosfera\/wp-json\/wp\/v2\/posts\/85035\/revisions"}],"wp:featuredmedia":[{"embeddable":true,"href":"https:\/\/redept.com.br\/blogosfera\/wp-json\/wp\/v2\/media\/85036"}],"wp:attachment":[{"href":"https:\/\/redept.com.br\/blogosfera\/wp-json\/wp\/v2\/media?parent=85035"}],"wp:term":[{"taxonomy":"category","embeddable":true,"href":"https:\/\/redept.com.br\/blogosfera\/wp-json\/wp\/v2\/categories?post=85035"},{"taxonomy":"post_tag","embeddable":true,"href":"https:\/\/redept.com.br\/blogosfera\/wp-json\/wp\/v2\/tags?post=85035"}],"curies":[{"name":"wp","href":"https:\/\/api.w.org\/{rel}","templated":true}]}}