{"id":85039,"date":"2026-04-28T06:00:00","date_gmt":"2026-04-28T09:00:00","guid":{"rendered":"https:\/\/redept.com.br\/blogosfera\/com-trump-2-big-techs-assumem-envolvimento-com-as-guerras-e-as-politicas-de-repressao-aponta-especialista\/"},"modified":"2026-04-28T06:00:00","modified_gmt":"2026-04-28T09:00:00","slug":"com-trump-2-big-techs-assumem-envolvimento-com-as-guerras-e-as-politicas-de-repressao-aponta-especialista","status":"publish","type":"post","link":"https:\/\/redept.com.br\/blogosfera\/com-trump-2-big-techs-assumem-envolvimento-com-as-guerras-e-as-politicas-de-repressao-aponta-especialista\/","title":{"rendered":"Com Trump 2, big techs assumem envolvimento com as guerras e as pol\u00edticas de repress\u00e3o, aponta especialista"},"content":{"rendered":"<p>No 18 de abril, a big tech Palantir publicou em sua conta no X um resumo em 22 pontos do livro \u201cRep\u00fablica Tecnol\u00f3gica\u201d, lan\u00e7ado por um dos s\u00f3cios da empresa, Alex Karp. Um dos t\u00f3picos defende que a quest\u00e3o n\u00e3o \u00e9 se armas de intelig\u00eancia artificial ser\u00e3o constru\u00eddas, \u00e9 quem as construir\u00e1 e com qual [\u2026]<\/p>\n<p><a href=\"https:\/\/www.brasildefato.com.br\/podcast\/brasil-de-fato-entrevista\/2026\/04\/28\/com-trump-2-big-techs-assumem-envolvimento-com-as-guerras-e-as-politicas-de-repressao-aponta-especialista\/\" rel=\"nofollow\">Fonte<\/a><\/p>\n<!-- Begin Yuzo --><div class='yuzo_related_post style-1'  data-version='5.12.89'><!-- without result --><div class='yuzo_clearfixed yuzo__title yuzo__title'><h3>Related Post<\/h3><\/div>\n\t\t\t\t\t\t  <div class=\"relatedthumb \" style=\"width:125px;float:left;overflow:hidden;\">  \n\t\t\t\t\t\t\t  \n\t\t\t\t\t\t\t  <a  href=\"https:\/\/sul21.com.br\/noticias\/politica\/2025\/08\/justica-italiana-mantem-prisao-de-carla-zambelli-por-risco-de-fuga\/\"  >\n\t\t\t\t\t\t\t\t\t  <div class=\"yuzo-img-wrap \" style=\"width: 125px;height:90px;\">\n\t\t\t\t\t\t\t\t\t\t\n\t\t\t\t\t\t\t\t\t\t<div class=\"yuzo-img\" style=\"background:url('https:\/\/agenciabrasil.ebc.com.br\/ebc.png?id=1656252&amp;o=node') 50% 50% no-repeat;width: 125px;height:90px;margin-bottom: 5px;background-size: cover; \"><\/div>\n\t\t\t\t\t\t\t\t\t  <\/div>\n\t\t\t\t\t\t\t\t\t  \n\t\t\t\t\t\t\t\t   <span class=\"yuzo__text--title\" style=\"font-size:13px;\">Justi\u00e7a italiana mant\u00e9m pris\u00e3o de Carla Zambelli p...<\/span>\n\t\t\t\t\t\t\t  \n\t\t\t\t\t\t\t  \n\t\t\t\t\t\t\t  <\/a>\n\n\t\t\t\t\t\t  <\/div>\n\t\t\t\t\t\t  <div class=\"relatedthumb \" style=\"width:125px;float:left;overflow:hidden;\">  \n\t\t\t\t\t\t\t  \n\t\t\t\t\t\t\t  <a  href=\"https:\/\/redept.com.br\/blogosfera\/como-fica-lula-no-rescaldo-do-momo\/\"  >\n\t\t\t\t\t\t\t\t\t  <div class=\"yuzo-img-wrap \" style=\"width: 125px;height:90px;\">\n\t\t\t\t\t\t\t\t\t\t\n\t\t\t\t\t\t\t\t\t\t<div class=\"yuzo-img\" style=\"background:url('https:\/\/redept.com.br\/blogosfera\/wp-content\/uploads\/2026\/02\/photo_4965499965828434900_w-150x150.jpg') 50% 50% no-repeat;width: 125px;height:90px;margin-bottom: 5px;background-size: cover; \"><\/div>\n\t\t\t\t\t\t\t\t\t  <\/div>\n\t\t\t\t\t\t\t\t\t  \n\t\t\t\t\t\t\t\t   <span class=\"yuzo__text--title\" style=\"font-size:13px;\">Como fica Lula no rescaldo do Momo?<\/span>\n\t\t\t\t\t\t\t  \n\t\t\t\t\t\t\t  \n\t\t\t\t\t\t\t  <\/a>\n\n\t\t\t\t\t\t  <\/div>\n\t\t\t\t\t\t  <div class=\"relatedthumb \" style=\"width:125px;float:left;overflow:hidden;\">  \n\t\t\t\t\t\t\t  \n\t\t\t\t\t\t\t  <a  href=\"https:\/\/redept.com.br\/blogosfera\/rubio-mentiu-a-trump-para-justificar-acao-militar-contra-venezuela-afirma-ministro\/\"  >\n\t\t\t\t\t\t\t\t\t  <div class=\"yuzo-img-wrap \" style=\"width: 125px;height:90px;\">\n\t\t\t\t\t\t\t\t\t\t\n\t\t\t\t\t\t\t\t\t\t<div class=\"yuzo-img\" style=\"background:url('https:\/\/redept.com.br\/blogosfera\/wp-content\/uploads\/2025\/09\/copia-de-nao-deletar-fotos-pb-breno-redacao-3-150x150.png') 50% 50% no-repeat;width: 125px;height:90px;margin-bottom: 5px;background-size: cover; \"><\/div>\n\t\t\t\t\t\t\t\t\t  <\/div>\n\t\t\t\t\t\t\t\t\t  \n\t\t\t\t\t\t\t\t   <span class=\"yuzo__text--title\" style=\"font-size:13px;\">\u2018Rubio mentiu a Trump para justificar a\u00e7\u00e3o militar...<\/span>\n\t\t\t\t\t\t\t  \n\t\t\t\t\t\t\t  \n\t\t\t\t\t\t\t  <\/a>\n\n\t\t\t\t\t\t  <\/div>\n\t\t\t\t\t\t  <div class=\"relatedthumb \" style=\"width:125px;float:left;overflow:hidden;\">  \n\t\t\t\t\t\t\t  \n\t\t\t\t\t\t\t  <a  href=\"https:\/\/redept.com.br\/blogosfera\/trump-escala-conflito-civil-contra-a-california-e-mantem-l-a-sob-cerco\/\"  >\n\t\t\t\t\t\t\t\t\t  <div class=\"yuzo-img-wrap \" style=\"width: 125px;height:90px;\">\n\t\t\t\t\t\t\t\t\t\t\n\t\t\t\t\t\t\t\t\t\t<div class=\"yuzo-img\" style=\"background:url('https:\/\/redept.org\/blogosfera\/wp-content\/plugins\/yuzo-related-post\/assets\/images\/default.png') 50% 50% no-repeat;width: 125px;height:90px;margin-bottom: 5px;background-size: cover; \"><\/div>\n\t\t\t\t\t\t\t\t\t  <\/div>\n\t\t\t\t\t\t\t\t\t  \n\t\t\t\t\t\t\t\t   <span class=\"yuzo__text--title\" style=\"font-size:13px;\">Trump escala conflito civil contra a Calif\u00f3rnia e ...<\/span>\n\t\t\t\t\t\t\t  \n\t\t\t\t\t\t\t  \n\t\t\t\t\t\t\t  <\/a>\n\n\t\t\t\t\t\t  <\/div>\n<\/div> <script>\n\t\t\t\t\t\t  jQuery(document).ready(function( $ ){\n\t\t\t\t\t\t\t\/\/jQuery('.yuzo_related_post').equalizer({ overflow : 'relatedthumb' });\n\t\t\t\t\t\t\tjQuery('.yuzo_related_post .yuzo_wraps').equalizer({ columns : '> div' });\n\t\t\t\t\t\t   })\n\t\t\t\t\t\t  <\/script> <!-- End Yuzo :) -->","protected":false},"excerpt":{"rendered":"<p>No 18 de abril, a big tech Palantir publicou em sua conta no X um resumo em 22 pontos do livro \u201cRep\u00fablica Tecnol\u00f3gica\u201d, lan\u00e7ado por um dos s\u00f3cios da empresa, Alex Karp. Um dos t\u00f3picos defende que a quest\u00e3o n\u00e3o \u00e9 se armas de intelig\u00eancia artificial ser\u00e3o constru\u00eddas, \u00e9 quem as construir\u00e1 e com qual [&hellip;]<\/p>\n","protected":false},"author":2,"featured_media":0,"comment_status":"open","ping_status":"closed","sticky":false,"template":"","format":"standard","meta":{"fifu_image_url":"","fifu_image_alt":"","footnotes":""},"categories":[38529,39484,6961,597,292,52013,52014,4014,52015,10471,2096,536,52016,2344,52017,23,4556,1228,41,25,52018,3060,41909,4937,27084,12633,6591,15819,18318,1453],"tags":[],"class_list":["post-85039","post","type-post","status-publish","format-standard","hentry","category-alex-karp","category-bdf-entrevista","category-big-data","category-big-techs","category-china","category-complexo-industrial-militar","category-contratos-militares","category-crise-economica","category-cultura-californiana","category-data-centers","category-defesa","category-democracia","category-dissuasao","category-google","category-gotham","category-guerra","category-guerra-fria","category-inteligencia-artificial","category-ira","category-israel","category-lucas-zawachi","category-meta","category-modelos-abertos","category-monitoramento","category-openai","category-palantir","category-programacao","category-software","category-tecnofascismo","category-trump"],"_links":{"self":[{"href":"https:\/\/redept.com.br\/blogosfera\/wp-json\/wp\/v2\/posts\/85039","targetHints":{"allow":["GET"]}}],"collection":[{"href":"https:\/\/redept.com.br\/blogosfera\/wp-json\/wp\/v2\/posts"}],"about":[{"href":"https:\/\/redept.com.br\/blogosfera\/wp-json\/wp\/v2\/types\/post"}],"author":[{"embeddable":true,"href":"https:\/\/redept.com.br\/blogosfera\/wp-json\/wp\/v2\/users\/2"}],"replies":[{"embeddable":true,"href":"https:\/\/redept.com.br\/blogosfera\/wp-json\/wp\/v2\/comments?post=85039"}],"version-history":[{"count":0,"href":"https:\/\/redept.com.br\/blogosfera\/wp-json\/wp\/v2\/posts\/85039\/revisions"}],"wp:attachment":[{"href":"https:\/\/redept.com.br\/blogosfera\/wp-json\/wp\/v2\/media?parent=85039"}],"wp:term":[{"taxonomy":"category","embeddable":true,"href":"https:\/\/redept.com.br\/blogosfera\/wp-json\/wp\/v2\/categories?post=85039"},{"taxonomy":"post_tag","embeddable":true,"href":"https:\/\/redept.com.br\/blogosfera\/wp-json\/wp\/v2\/tags?post=85039"}],"curies":[{"name":"wp","href":"https:\/\/api.w.org\/{rel}","templated":true}]}}