{"id":85044,"date":"2026-04-28T08:44:31","date_gmt":"2026-04-28T11:44:31","guid":{"rendered":"https:\/\/redept.com.br\/blogosfera\/pf-faz-operacao-contra-crimes-sexuais-a-menores-em-todo-o-brasil-nesta-terca-28\/"},"modified":"2026-04-28T08:44:31","modified_gmt":"2026-04-28T11:44:31","slug":"pf-faz-operacao-contra-crimes-sexuais-a-menores-em-todo-o-brasil-nesta-terca-28","status":"publish","type":"post","link":"https:\/\/redept.com.br\/blogosfera\/pf-faz-operacao-contra-crimes-sexuais-a-menores-em-todo-o-brasil-nesta-terca-28\/","title":{"rendered":"PF faz opera\u00e7\u00e3o contra crimes sexuais a menores em todo o Brasil nesta ter\u00e7a (28)"},"content":{"rendered":"<p>Est\u00e3o sendo cumpridos 159 mandados na Opera\u00e7\u00e3o Prote\u00e7\u00e3o Integral IV em 26 estados e no Distrito Federal; a\u00e7\u00e3o nacional tem apoio de pol\u00edcias civis e for\u00e7as de 15 pa\u00edses, j\u00e1 com pris\u00f5es em Macei\u00f3<\/p>\n<p>O post PF faz opera\u00e7\u00e3o contra crimes sexuais a menores em todo o Brasil nesta ter\u00e7a (28) apareceu primeiro em Urbs Magna.<\/p>\n<!-- Begin Yuzo --><div class='yuzo_related_post style-1'  data-version='5.12.89'><!-- without result --><div class='yuzo_clearfixed yuzo__title yuzo__title'><h3>Related Post<\/h3><\/div>\n\t\t\t\t\t\t  <div class=\"relatedthumb \" style=\"width:125px;float:left;overflow:hidden;\">  \n\t\t\t\t\t\t\t  \n\t\t\t\t\t\t\t  <a  href=\"https:\/\/redept.com.br\/blogosfera\/mesmo-com-relatorio-desagregador-hugo-motta-quer-votar-pl-antifaccao-nesta-3a\/\"  >\n\t\t\t\t\t\t\t\t\t  <div class=\"yuzo-img-wrap \" style=\"width: 125px;height:90px;\">\n\t\t\t\t\t\t\t\t\t\t\n\t\t\t\t\t\t\t\t\t\t<div class=\"yuzo-img\" style=\"background:url('https:\/\/redept.com.br\/blogosfera\/wp-content\/uploads\/2025\/11\/ok-plenario_Kayo-Magalhaes_Camara-dos-Deputados-1-150x150.jpg') 50% 50% no-repeat;width: 125px;height:90px;margin-bottom: 5px;background-size: cover; \"><\/div>\n\t\t\t\t\t\t\t\t\t  <\/div>\n\t\t\t\t\t\t\t\t\t  \n\t\t\t\t\t\t\t\t   <span class=\"yuzo__text--title\" style=\"font-size:13px;\">Mesmo com relat\u00f3rio desagregador, Hugo Motta quer ...<\/span>\n\t\t\t\t\t\t\t  \n\t\t\t\t\t\t\t  \n\t\t\t\t\t\t\t  <\/a>\n\n\t\t\t\t\t\t  <\/div>\n\t\t\t\t\t\t  <div class=\"relatedthumb \" style=\"width:125px;float:left;overflow:hidden;\">  \n\t\t\t\t\t\t\t  \n\t\t\t\t\t\t\t  <a  href=\"https:\/\/redept.com.br\/blogosfera\/nova-reitora-da-ufam-promete-mais-inclusao-e-foco-na-amazonia\/\"  >\n\t\t\t\t\t\t\t\t\t  <div class=\"yuzo-img-wrap \" style=\"width: 125px;height:90px;\">\n\t\t\t\t\t\t\t\t\t\t\n\t\t\t\t\t\t\t\t\t\t<div class=\"yuzo-img\" style=\"background:url('https:\/\/redept.com.br\/blogosfera\/wp-content\/uploads\/2025\/07\/image-6-1-150x150.png') 50% 50% no-repeat;width: 125px;height:90px;margin-bottom: 5px;background-size: cover; \"><\/div>\n\t\t\t\t\t\t\t\t\t  <\/div>\n\t\t\t\t\t\t\t\t\t  \n\t\t\t\t\t\t\t\t   <span class=\"yuzo__text--title\" style=\"font-size:13px;\">Nova reitora da Ufam promete mais inclus\u00e3o e foco ...<\/span>\n\t\t\t\t\t\t\t  \n\t\t\t\t\t\t\t  \n\t\t\t\t\t\t\t  <\/a>\n\n\t\t\t\t\t\t  <\/div>\n\t\t\t\t\t\t  <div class=\"relatedthumb \" style=\"width:125px;float:left;overflow:hidden;\">  \n\t\t\t\t\t\t\t  \n\t\t\t\t\t\t\t  <a  href=\"https:\/\/redept.com.br\/blogosfera\/cine-cidadania-realiza-debate-sobre-massacre-na-palestina-na-proxima-terca-feira-10\/\"  >\n\t\t\t\t\t\t\t\t\t  <div class=\"yuzo-img-wrap \" style=\"width: 125px;height:90px;\">\n\t\t\t\t\t\t\t\t\t\t\n\t\t\t\t\t\t\t\t\t\t<div class=\"yuzo-img\" style=\"background:url('https:\/\/redept.org\/blogosfera\/wp-content\/plugins\/yuzo-related-post\/assets\/images\/default.png') 50% 50% no-repeat;width: 125px;height:90px;margin-bottom: 5px;background-size: cover; \"><\/div>\n\t\t\t\t\t\t\t\t\t  <\/div>\n\t\t\t\t\t\t\t\t\t  \n\t\t\t\t\t\t\t\t   <span class=\"yuzo__text--title\" style=\"font-size:13px;\">Cine Cidadania realiza debate sobre massacre na Pa...<\/span>\n\t\t\t\t\t\t\t  \n\t\t\t\t\t\t\t  \n\t\t\t\t\t\t\t  <\/a>\n\n\t\t\t\t\t\t  <\/div>\n\t\t\t\t\t\t  <div class=\"relatedthumb \" style=\"width:125px;float:left;overflow:hidden;\">  \n\t\t\t\t\t\t\t  \n\t\t\t\t\t\t\t  <a  href=\"https:\/\/redept.com.br\/blogosfera\/mulheres-lutam-pelo-fim-do-genocidio-na-palestina\/\"  >\n\t\t\t\t\t\t\t\t\t  <div class=\"yuzo-img-wrap \" style=\"width: 125px;height:90px;\">\n\t\t\t\t\t\t\t\t\t\t\n\t\t\t\t\t\t\t\t\t\t<div class=\"yuzo-img\" style=\"background:url('https:\/\/redept.com.br\/blogosfera\/wp-content\/uploads\/2025\/10\/54734434347_2a2d54b2dc_o-150x150.jpg') 50% 50% no-repeat;width: 125px;height:90px;margin-bottom: 5px;background-size: cover; \"><\/div>\n\t\t\t\t\t\t\t\t\t  <\/div>\n\t\t\t\t\t\t\t\t\t  \n\t\t\t\t\t\t\t\t   <span class=\"yuzo__text--title\" style=\"font-size:13px;\">Mulheres lutam pelo fim do genoc\u00eddio na Palestina<\/span>\n\t\t\t\t\t\t\t  \n\t\t\t\t\t\t\t  \n\t\t\t\t\t\t\t  <\/a>\n\n\t\t\t\t\t\t  <\/div>\n<\/div> <script>\n\t\t\t\t\t\t  jQuery(document).ready(function( $ ){\n\t\t\t\t\t\t\t\/\/jQuery('.yuzo_related_post').equalizer({ overflow : 'relatedthumb' });\n\t\t\t\t\t\t\tjQuery('.yuzo_related_post .yuzo_wraps').equalizer({ columns : '> div' });\n\t\t\t\t\t\t   })\n\t\t\t\t\t\t  <\/script> <!-- End Yuzo :) -->","protected":false},"excerpt":{"rendered":"<p>Est\u00e3o sendo cumpridos 159 mandados na Opera\u00e7\u00e3o Prote\u00e7\u00e3o Integral IV em 26 estados e no Distrito Federal; a\u00e7\u00e3o nacional tem apoio de pol\u00edcias civis e for\u00e7as de 15 pa\u00edses, j\u00e1 com pris\u00f5es em Macei\u00f3<\/p>\n<p>O post <a rel=\"nofollow\" href=\"https:\/\/urbsmagna.com\/pf-operacao-protecao-integral-iv-exploracao-sexual-infantil-todos-estados-15-paises\/\">PF faz opera\u00e7\u00e3o contra crimes sexuais a menores em todo o Brasil nesta ter\u00e7a (28)<\/a> apareceu primeiro em <a rel=\"nofollow\" href=\"https:\/\/urbsmagna.com\/\">Urbs Magna<\/a>.<\/p>\n","protected":false},"author":2,"featured_media":0,"comment_status":"open","ping_status":"closed","sticky":false,"template":"","format":"standard","meta":{"fifu_image_url":"","fifu_image_alt":"","footnotes":""},"categories":[52046,45,29483,52047,7104,307,15249,50,288,52048,52049,191,52050,52051,1764,132,5471,13603,73],"tags":[],"class_list":["post-85044","post","type-post","status-publish","format-standard","hentry","category-abusos-sexuais-brasil","category-brasil","category-crimes-sexuais","category-crimes-sexuais-contra-menores","category-direitos-das-criancas","category-direitos-humanos","category-exploracao-sexual-infantil","category-internacional","category-justica","category-justica-contra-pedofilia","category-mandados-pf-2026","category-noticias","category-operacao-internacional-aliada-infancia","category-operacao-protecao-integral-iv","category-policia-federal","category-politica","category-politica-nacional","category-protecao-de-criancas","category-seguranca-publica"],"_links":{"self":[{"href":"https:\/\/redept.com.br\/blogosfera\/wp-json\/wp\/v2\/posts\/85044","targetHints":{"allow":["GET"]}}],"collection":[{"href":"https:\/\/redept.com.br\/blogosfera\/wp-json\/wp\/v2\/posts"}],"about":[{"href":"https:\/\/redept.com.br\/blogosfera\/wp-json\/wp\/v2\/types\/post"}],"author":[{"embeddable":true,"href":"https:\/\/redept.com.br\/blogosfera\/wp-json\/wp\/v2\/users\/2"}],"replies":[{"embeddable":true,"href":"https:\/\/redept.com.br\/blogosfera\/wp-json\/wp\/v2\/comments?post=85044"}],"version-history":[{"count":0,"href":"https:\/\/redept.com.br\/blogosfera\/wp-json\/wp\/v2\/posts\/85044\/revisions"}],"wp:attachment":[{"href":"https:\/\/redept.com.br\/blogosfera\/wp-json\/wp\/v2\/media?parent=85044"}],"wp:term":[{"taxonomy":"category","embeddable":true,"href":"https:\/\/redept.com.br\/blogosfera\/wp-json\/wp\/v2\/categories?post=85044"},{"taxonomy":"post_tag","embeddable":true,"href":"https:\/\/redept.com.br\/blogosfera\/wp-json\/wp\/v2\/tags?post=85044"}],"curies":[{"name":"wp","href":"https:\/\/api.w.org\/{rel}","templated":true}]}}