{"id":85045,"date":"2026-04-28T08:33:58","date_gmt":"2026-04-28T11:33:58","guid":{"rendered":"https:\/\/redept.com.br\/blogosfera\/lula-segue-a-frente-no-primeiro-turno-e-tem-empate-tecnico-com-flavio-bolsonaro-no-segundo-aponta-atlasintel\/"},"modified":"2026-04-28T08:33:58","modified_gmt":"2026-04-28T11:33:58","slug":"lula-segue-a-frente-no-primeiro-turno-e-tem-empate-tecnico-com-flavio-bolsonaro-no-segundo-aponta-atlasintel","status":"publish","type":"post","link":"https:\/\/redept.com.br\/blogosfera\/lula-segue-a-frente-no-primeiro-turno-e-tem-empate-tecnico-com-flavio-bolsonaro-no-segundo-aponta-atlasintel\/","title":{"rendered":"Lula segue \u00e0 frente no primeiro turno e tem empate t\u00e9cnico com Fl\u00e1vio Bolsonaro no segundo, aponta AtlasIntel"},"content":{"rendered":"<p>Os nomes de Lula e Fl\u00e1vio aparecem \u00e0 frente em todos os cen\u00e1rios de primeiro turno testados pela pesquisa<\/p>\n<p><a href=\"https:\/\/www.brasildefato.com.br\/2026\/04\/28\/lula-segue-a-frente-no-primeiro-turno-e-tem-empate-tecnico-com-flavio-bolsonaro-no-segundo-aponta-atlasintel\/\" rel=\"nofollow\">Fonte<\/a><\/p>\n<!-- Begin Yuzo --><div class='yuzo_related_post style-1'  data-version='5.12.89'><!-- without result --><div class='yuzo_clearfixed yuzo__title yuzo__title'><h3>Related Post<\/h3><\/div>\n\t\t\t\t\t\t  <div class=\"relatedthumb \" style=\"width:125px;float:left;overflow:hidden;\">  \n\t\t\t\t\t\t\t  \n\t\t\t\t\t\t\t  <a  href=\"https:\/\/redept.com.br\/blogosfera\/escola-e-espaco-do-bom-senso-professor-da-usp-defende-debate-de-genero-diante-de-casos-de-misoginia\/\"  >\n\t\t\t\t\t\t\t\t\t  <div class=\"yuzo-img-wrap \" style=\"width: 125px;height:90px;\">\n\t\t\t\t\t\t\t\t\t\t\n\t\t\t\t\t\t\t\t\t\t<div class=\"yuzo-img\" style=\"background:url('https:\/\/redept.org\/blogosfera\/wp-content\/plugins\/yuzo-related-post\/assets\/images\/default.png') 50% 50% no-repeat;width: 125px;height:90px;margin-bottom: 5px;background-size: cover; \"><\/div>\n\t\t\t\t\t\t\t\t\t  <\/div>\n\t\t\t\t\t\t\t\t\t  \n\t\t\t\t\t\t\t\t   <span class=\"yuzo__text--title\" style=\"font-size:13px;\">\u2018Escola \u00e9 espa\u00e7o do bom senso\u2019: professor da USP d...<\/span>\n\t\t\t\t\t\t\t  \n\t\t\t\t\t\t\t  \n\t\t\t\t\t\t\t  <\/a>\n\n\t\t\t\t\t\t  <\/div>\n\t\t\t\t\t\t  <div class=\"relatedthumb \" style=\"width:125px;float:left;overflow:hidden;\">  \n\t\t\t\t\t\t\t  \n\t\t\t\t\t\t\t  <a  href=\"https:\/\/redept.com.br\/blogosfera\/mulheres-sem-terra-realizam-encontro-estadual-e-marcha-no-parana-pelo-8-de-marco\/\"  >\n\t\t\t\t\t\t\t\t\t  <div class=\"yuzo-img-wrap \" style=\"width: 125px;height:90px;\">\n\t\t\t\t\t\t\t\t\t\t\n\t\t\t\t\t\t\t\t\t\t<div class=\"yuzo-img\" style=\"background:url('https:\/\/redept.com.br\/blogosfera\/wp-content\/uploads\/2026\/03\/image-2-1-150x150.jpg') 50% 50% no-repeat;width: 125px;height:90px;margin-bottom: 5px;background-size: cover; \"><\/div>\n\t\t\t\t\t\t\t\t\t  <\/div>\n\t\t\t\t\t\t\t\t\t  \n\t\t\t\t\t\t\t\t   <span class=\"yuzo__text--title\" style=\"font-size:13px;\">Mulheres Sem Terra realizam encontro estadual e ma...<\/span>\n\t\t\t\t\t\t\t  \n\t\t\t\t\t\t\t  \n\t\t\t\t\t\t\t  <\/a>\n\n\t\t\t\t\t\t  <\/div>\n\t\t\t\t\t\t  <div class=\"relatedthumb \" style=\"width:125px;float:left;overflow:hidden;\">  \n\t\t\t\t\t\t\t  \n\t\t\t\t\t\t\t  <a  href=\"https:\/\/redept.com.br\/blogosfera\/pesquisa-revela-desafios-do-transporte-publico-no-brasil\/\"  >\n\t\t\t\t\t\t\t\t\t  <div class=\"yuzo-img-wrap \" style=\"width: 125px;height:90px;\">\n\t\t\t\t\t\t\t\t\t\t\n\t\t\t\t\t\t\t\t\t\t<div class=\"yuzo-img\" style=\"background:url('https:\/\/redept.com.br\/blogosfera\/wp-content\/uploads\/2025\/01\/Infografico-Busvale-scaled-1-150x150.jpg') 50% 50% no-repeat;width: 125px;height:90px;margin-bottom: 5px;background-size: cover; \"><\/div>\n\t\t\t\t\t\t\t\t\t  <\/div>\n\t\t\t\t\t\t\t\t\t  \n\t\t\t\t\t\t\t\t   <span class=\"yuzo__text--title\" style=\"font-size:13px;\">Pesquisa revela desafios do transporte p\u00fablico no ...<\/span>\n\t\t\t\t\t\t\t  \n\t\t\t\t\t\t\t  \n\t\t\t\t\t\t\t  <\/a>\n\n\t\t\t\t\t\t  <\/div>\n\t\t\t\t\t\t  <div class=\"relatedthumb \" style=\"width:125px;float:left;overflow:hidden;\">  \n\t\t\t\t\t\t\t  \n\t\t\t\t\t\t\t  <a  href=\"https:\/\/redept.com.br\/blogosfera\/fim-do-genocidio-em-gaza-demanda-que-paises-rompam-relacoes-com-israel-diz-fepal-ato-em-sp-cobra-medida-do-brasil-neste-domingo-15\/\"  >\n\t\t\t\t\t\t\t\t\t  <div class=\"yuzo-img-wrap \" style=\"width: 125px;height:90px;\">\n\t\t\t\t\t\t\t\t\t\t\n\t\t\t\t\t\t\t\t\t\t<div class=\"yuzo-img\" style=\"background:url('https:\/\/redept.org\/blogosfera\/wp-content\/plugins\/yuzo-related-post\/assets\/images\/default.png') 50% 50% no-repeat;width: 125px;height:90px;margin-bottom: 5px;background-size: cover; \"><\/div>\n\t\t\t\t\t\t\t\t\t  <\/div>\n\t\t\t\t\t\t\t\t\t  \n\t\t\t\t\t\t\t\t   <span class=\"yuzo__text--title\" style=\"font-size:13px;\">Fim do genoc\u00eddio em Gaza demanda que pa\u00edses rompam...<\/span>\n\t\t\t\t\t\t\t  \n\t\t\t\t\t\t\t  \n\t\t\t\t\t\t\t  <\/a>\n\n\t\t\t\t\t\t  <\/div>\n<\/div> <script>\n\t\t\t\t\t\t  jQuery(document).ready(function( $ ){\n\t\t\t\t\t\t\t\/\/jQuery('.yuzo_related_post').equalizer({ overflow : 'relatedthumb' });\n\t\t\t\t\t\t\tjQuery('.yuzo_related_post .yuzo_wraps').equalizer({ columns : '> div' });\n\t\t\t\t\t\t   })\n\t\t\t\t\t\t  <\/script> <!-- End Yuzo :) -->","protected":false},"excerpt":{"rendered":"<p>Os nomes de Lula e Fl\u00e1vio aparecem \u00e0 frente em todos os cen\u00e1rios de primeiro turno testados pela pesquisa Fonte Related Post Metal\u00fargicos do RJ lan\u00e7am campanha salarial por 8%&#8230; PL, partido de Bolsonaro, presidente de honra pres&#8230; Os olhos de Jean-Claude Governo Federal abre per\u00edodo de ades\u00e3o ao Programa&#8230;<\/p>\n","protected":false},"author":2,"featured_media":0,"comment_status":"open","ping_status":"closed","sticky":false,"template":"","format":"standard","meta":{"fifu_image_url":"","fifu_image_alt":"","footnotes":""},"categories":[52052,26662,47481,43747,695,1587,1760,14960,41772,588,2427,4794,824,112,40350,1532,15514,20417,491,252,132,25709,1059,40353,3006,1600,34909,923,654,271,5451],"tags":[],"class_list":["post-85045","post","type-post","status-publish","format-standard","hentry","category-aldo-rebolo","category-atlasintel-bloomberg","category-augusto-cury","category-cabo-daciolo","category-candidatos","category-ciro-gomes","category-eleicoes-2026","category-eleicoes-presidenciais","category-empate-tecnico","category-fernando-haddad","category-flavio-bolsonaro","category-intencao-de-voto","category-jair-bolsonaro","category-lula","category-margem-de-erro","category-novo","category-pdt","category-pesquisa-atlasintel","category-pesquisa-eleitoral","category-pl","category-politica","category-psdb","category-pt","category-renan-santos","category-romeu-zema","category-ronaldo-caiado","category-samara-martins","category-segundo-turno","category-serie-historica","category-tse","category-uniao-brasil"],"_links":{"self":[{"href":"https:\/\/redept.com.br\/blogosfera\/wp-json\/wp\/v2\/posts\/85045","targetHints":{"allow":["GET"]}}],"collection":[{"href":"https:\/\/redept.com.br\/blogosfera\/wp-json\/wp\/v2\/posts"}],"about":[{"href":"https:\/\/redept.com.br\/blogosfera\/wp-json\/wp\/v2\/types\/post"}],"author":[{"embeddable":true,"href":"https:\/\/redept.com.br\/blogosfera\/wp-json\/wp\/v2\/users\/2"}],"replies":[{"embeddable":true,"href":"https:\/\/redept.com.br\/blogosfera\/wp-json\/wp\/v2\/comments?post=85045"}],"version-history":[{"count":0,"href":"https:\/\/redept.com.br\/blogosfera\/wp-json\/wp\/v2\/posts\/85045\/revisions"}],"wp:attachment":[{"href":"https:\/\/redept.com.br\/blogosfera\/wp-json\/wp\/v2\/media?parent=85045"}],"wp:term":[{"taxonomy":"category","embeddable":true,"href":"https:\/\/redept.com.br\/blogosfera\/wp-json\/wp\/v2\/categories?post=85045"},{"taxonomy":"post_tag","embeddable":true,"href":"https:\/\/redept.com.br\/blogosfera\/wp-json\/wp\/v2\/tags?post=85045"}],"curies":[{"name":"wp","href":"https:\/\/api.w.org\/{rel}","templated":true}]}}