{"id":85047,"date":"2026-04-28T09:50:30","date_gmt":"2026-04-28T12:50:30","guid":{"rendered":"https:\/\/redept.com.br\/blogosfera\/morre-luciana-novaes-aos-42-anos-rio-decreta-luto-pela-vereadora-do-pt\/"},"modified":"2026-04-28T09:50:30","modified_gmt":"2026-04-28T12:50:30","slug":"morre-luciana-novaes-aos-42-anos-rio-decreta-luto-pela-vereadora-do-pt","status":"publish","type":"post","link":"https:\/\/redept.com.br\/blogosfera\/morre-luciana-novaes-aos-42-anos-rio-decreta-luto-pela-vereadora-do-pt\/","title":{"rendered":"Morre Luciana Novaes aos 42 anos: Rio decreta luto pela vereadora do PT"},"content":{"rendered":"<p>A cidade do Rio decretou luto oficial de tr\u00eas dias pela morte da vereadora Luciana Novaes (PT), aos 42 anos, na noite de segunda-feira (27). Ela estava internada e sofreu piora no quadro neurol\u00f3gico, \u201cintercorr\u00eancia s\u00fabita e grave, compat\u00edvel, segundo informa\u00e7\u00f5es m\u00e9dicas, com rompimento de aneurisma cerebral\u201d, informou sua assessoria. A assistente social ficou conhecida [\u2026]<\/p>\n<p><a href=\"https:\/\/www.brasildefato.com.br\/2026\/04\/28\/morre-luciana-novaes-aos-42-anos-rio-decreta-luto-pela-vereadora-do-pt\/\" rel=\"nofollow\">Fonte<\/a><\/p>\n<!-- Begin Yuzo --><div class='yuzo_related_post style-1'  data-version='5.12.89'><!-- without result --><div class='yuzo_clearfixed yuzo__title yuzo__title'><h3>Related Post<\/h3><\/div>\n\t\t\t\t\t\t  <div class=\"relatedthumb \" style=\"width:125px;float:left;overflow:hidden;\">  \n\t\t\t\t\t\t\t  \n\t\t\t\t\t\t\t  <a  href=\"https:\/\/redept.com.br\/blogosfera\/hospital-da-mulher-dona-creuza-pires-e-inaugurado-em-joao-pessoa-com-maternidade-uti-e-centro-cirurgico-garantindo-atencao-integral-a-saude-feminina\/\"  >\n\t\t\t\t\t\t\t\t\t  <div class=\"yuzo-img-wrap \" style=\"width: 125px;height:90px;\">\n\t\t\t\t\t\t\t\t\t\t\n\t\t\t\t\t\t\t\t\t\t<div class=\"yuzo-img\" style=\"background:url('https:\/\/redept.org\/blogosfera\/wp-content\/plugins\/yuzo-related-post\/assets\/images\/default.png') 50% 50% no-repeat;width: 125px;height:90px;margin-bottom: 5px;background-size: cover; \"><\/div>\n\t\t\t\t\t\t\t\t\t  <\/div>\n\t\t\t\t\t\t\t\t\t  \n\t\t\t\t\t\t\t\t   <span class=\"yuzo__text--title\" style=\"font-size:13px;\">Hospital da Mulher Dona Creuza Pires \u00e9 inaugurado ...<\/span>\n\t\t\t\t\t\t\t  \n\t\t\t\t\t\t\t  \n\t\t\t\t\t\t\t  <\/a>\n\n\t\t\t\t\t\t  <\/div>\n\t\t\t\t\t\t  <div class=\"relatedthumb \" style=\"width:125px;float:left;overflow:hidden;\">  \n\t\t\t\t\t\t\t  \n\t\t\t\t\t\t\t  <a  href=\"https:\/\/redept.com.br\/blogosfera\/numero-de-brasileiros-com-ensino-superior-completo-cresce-27-vezes-em-duas-decadas\/\"  >\n\t\t\t\t\t\t\t\t\t  <div class=\"yuzo-img-wrap \" style=\"width: 125px;height:90px;\">\n\t\t\t\t\t\t\t\t\t\t\n\t\t\t\t\t\t\t\t\t\t<div class=\"yuzo-img\" style=\"background:url('https:\/\/redept.com.br\/blogosfera\/wp-content\/uploads\/2025\/02\/Distribuicao-de-populacao-de-25-anos-ou-mais-por-nivel-de-instrucao-150x150.webp') 50% 50% no-repeat;width: 125px;height:90px;margin-bottom: 5px;background-size: cover; \"><\/div>\n\t\t\t\t\t\t\t\t\t  <\/div>\n\t\t\t\t\t\t\t\t\t  \n\t\t\t\t\t\t\t\t   <span class=\"yuzo__text--title\" style=\"font-size:13px;\">N\u00famero de brasileiros com ensino superior completo...<\/span>\n\t\t\t\t\t\t\t  \n\t\t\t\t\t\t\t  \n\t\t\t\t\t\t\t  <\/a>\n\n\t\t\t\t\t\t  <\/div>\n\t\t\t\t\t\t  <div class=\"relatedthumb \" style=\"width:125px;float:left;overflow:hidden;\">  \n\t\t\t\t\t\t\t  \n\t\t\t\t\t\t\t  <a  href=\"https:\/\/redept.com.br\/blogosfera\/forca-de-seguranca-armada-e-aprovada-em-primeira-votacao-na-camara-do-rio\/\"  >\n\t\t\t\t\t\t\t\t\t  <div class=\"yuzo-img-wrap \" style=\"width: 125px;height:90px;\">\n\t\t\t\t\t\t\t\t\t\t\n\t\t\t\t\t\t\t\t\t\t<div class=\"yuzo-img\" style=\"background:url('https:\/\/redept.org\/blogosfera\/wp-content\/plugins\/yuzo-related-post\/assets\/images\/default.png') 50% 50% no-repeat;width: 125px;height:90px;margin-bottom: 5px;background-size: cover; \"><\/div>\n\t\t\t\t\t\t\t\t\t  <\/div>\n\t\t\t\t\t\t\t\t\t  \n\t\t\t\t\t\t\t\t   <span class=\"yuzo__text--title\" style=\"font-size:13px;\">For\u00e7a de Seguran\u00e7a Armada \u00e9 aprovada em primeira v...<\/span>\n\t\t\t\t\t\t\t  \n\t\t\t\t\t\t\t  \n\t\t\t\t\t\t\t  <\/a>\n\n\t\t\t\t\t\t  <\/div>\n\t\t\t\t\t\t  <div class=\"relatedthumb \" style=\"width:125px;float:left;overflow:hidden;\">  \n\t\t\t\t\t\t\t  \n\t\t\t\t\t\t\t  <a  href=\"https:\/\/redept.com.br\/blogosfera\/uruguai-e-o-mundo-se-despedem-de-pepe-mujica\/\"  >\n\t\t\t\t\t\t\t\t\t  <div class=\"yuzo-img-wrap \" style=\"width: 125px;height:90px;\">\n\t\t\t\t\t\t\t\t\t\t\n\t\t\t\t\t\t\t\t\t\t<div class=\"yuzo-img\" style=\"background:url('https:\/\/redept.com.br\/blogosfera\/wp-content\/uploads\/2025\/05\/bdf-20250515-203144-0da270-150x150.jpg') 50% 50% no-repeat;width: 125px;height:90px;margin-bottom: 5px;background-size: cover; \"><\/div>\n\t\t\t\t\t\t\t\t\t  <\/div>\n\t\t\t\t\t\t\t\t\t  \n\t\t\t\t\t\t\t\t   <span class=\"yuzo__text--title\" style=\"font-size:13px;\">Uruguai e o mundo se despedem de Pepe Mujica<\/span>\n\t\t\t\t\t\t\t  \n\t\t\t\t\t\t\t  \n\t\t\t\t\t\t\t  <\/a>\n\n\t\t\t\t\t\t  <\/div>\n<\/div> <script>\n\t\t\t\t\t\t  jQuery(document).ready(function( $ ){\n\t\t\t\t\t\t\t\/\/jQuery('.yuzo_related_post').equalizer({ overflow : 'relatedthumb' });\n\t\t\t\t\t\t\tjQuery('.yuzo_related_post .yuzo_wraps').equalizer({ columns : '> div' });\n\t\t\t\t\t\t   })\n\t\t\t\t\t\t  <\/script> <!-- End Yuzo :) -->","protected":false},"excerpt":{"rendered":"<p>A cidade do Rio decretou luto oficial de tr\u00eas dias pela morte da vereadora Luciana Novaes (PT), aos 42 anos, na noite de segunda-feira (27). Ela estava internada e sofreu piora no quadro neurol\u00f3gico, \u201cintercorr\u00eancia s\u00fabita e grave, compat\u00edvel, segundo informa\u00e7\u00f5es m\u00e9dicas, com rompimento de aneurisma cerebral\u201d, informou sua assessoria. A assistente social ficou conhecida [&hellip;]<\/p>\n","protected":false},"author":2,"featured_media":0,"comment_status":"open","ping_status":"closed","sticky":false,"template":"","format":"standard","meta":{"fifu_image_url":"","fifu_image_alt":"","footnotes":""},"categories":[5406,52058,11968,52059,52060,6773,2318,1011,52061,52062,5468,2542,3530,52063,30768,52064,52065,25736,52066,52067,59,829,1059,2475,49,52068,52069,18887,1198,27501,26652],"tags":[],"class_list":["post-85047","post","type-post","status-publish","format-standard","hentry","category-acessibilidade","category-aneurisma-cerebral","category-assistente-social","category-bala-perdida","category-bengala","category-brasil-de-fato","category-camara-municipal-do-rio","category-cidades","category-comissao-dos-direitos-da-pessoa-com-deficiencia","category-deficiencia-visual","category-direitos-das-pessoas-com-deficiencia","category-idosos","category-inclusao-social","category-intercorrencia-subita","category-legado-politico","category-leis-de-inclusao","category-luciana-novaes","category-luta-politica","category-luto-oficial","category-mandato-politico","category-morte","category-mulheres-na-politica","category-pt","category-resiliencia","category-rio-de-janeiro","category-rotas-acessiveis","category-suplente","category-tetraplegia","category-vereadora","category-violencia-urbana","category-vulnerabilidade-social"],"_links":{"self":[{"href":"https:\/\/redept.com.br\/blogosfera\/wp-json\/wp\/v2\/posts\/85047","targetHints":{"allow":["GET"]}}],"collection":[{"href":"https:\/\/redept.com.br\/blogosfera\/wp-json\/wp\/v2\/posts"}],"about":[{"href":"https:\/\/redept.com.br\/blogosfera\/wp-json\/wp\/v2\/types\/post"}],"author":[{"embeddable":true,"href":"https:\/\/redept.com.br\/blogosfera\/wp-json\/wp\/v2\/users\/2"}],"replies":[{"embeddable":true,"href":"https:\/\/redept.com.br\/blogosfera\/wp-json\/wp\/v2\/comments?post=85047"}],"version-history":[{"count":0,"href":"https:\/\/redept.com.br\/blogosfera\/wp-json\/wp\/v2\/posts\/85047\/revisions"}],"wp:attachment":[{"href":"https:\/\/redept.com.br\/blogosfera\/wp-json\/wp\/v2\/media?parent=85047"}],"wp:term":[{"taxonomy":"category","embeddable":true,"href":"https:\/\/redept.com.br\/blogosfera\/wp-json\/wp\/v2\/categories?post=85047"},{"taxonomy":"post_tag","embeddable":true,"href":"https:\/\/redept.com.br\/blogosfera\/wp-json\/wp\/v2\/tags?post=85047"}],"curies":[{"name":"wp","href":"https:\/\/api.w.org\/{rel}","templated":true}]}}