{"id":85048,"date":"2026-04-28T09:51:50","date_gmt":"2026-04-28T12:51:50","guid":{"rendered":"https:\/\/redept.com.br\/blogosfera\/1o-de-maio-no-rio-de-janeiro-tera-ato-em-copacabana-pelo-fim-da-escala-6x1\/"},"modified":"2026-04-28T09:51:50","modified_gmt":"2026-04-28T12:51:50","slug":"1o-de-maio-no-rio-de-janeiro-tera-ato-em-copacabana-pelo-fim-da-escala-6x1","status":"publish","type":"post","link":"https:\/\/redept.com.br\/blogosfera\/1o-de-maio-no-rio-de-janeiro-tera-ato-em-copacabana-pelo-fim-da-escala-6x1\/","title":{"rendered":"1\u00ba de maio no Rio de Janeiro ter\u00e1 ato em Copacabana pelo fim da escala 6\u00d71"},"content":{"rendered":"<p>Centrais sindicais, partidos e movimentos sociais v\u00e3o \u00e0s ruas de Copacabana nesta sexta-feira (1\u00ba), a partir das 14h, para defender o fim da escala 6\u00d71, a redu\u00e7\u00e3o de jornada sem redu\u00e7\u00e3o de sal\u00e1rio, o combate a fraudes e a pejotiza\u00e7\u00e3o e o fortalecimento das negocia\u00e7\u00f5es coletivas. Al\u00e9m disso, est\u00e3o em pauta o combate \u00e0 viol\u00eancia [\u2026]<\/p>\n<p><a href=\"https:\/\/www.brasildefato.com.br\/2026\/04\/28\/1o-de-maio-no-rio-de-janeiro-tera-ato-em-copacabana-pelo-fim-da-escala-6x1\/\" rel=\"nofollow\">Fonte<\/a><\/p>\n<!-- Begin Yuzo --><div class='yuzo_related_post style-1'  data-version='5.12.89'><!-- without result --><div class='yuzo_clearfixed yuzo__title yuzo__title'><h3>Related Post<\/h3><\/div>\n\t\t\t\t\t\t  <div class=\"relatedthumb \" style=\"width:125px;float:left;overflow:hidden;\">  \n\t\t\t\t\t\t\t  \n\t\t\t\t\t\t\t  <a  href=\"https:\/\/redept.com.br\/blogosfera\/apos-semana-tensa-hamas-e-israel-mantem-tregua-e-trocam-prisioneiros\/\"  >\n\t\t\t\t\t\t\t\t\t  <div class=\"yuzo-img-wrap \" style=\"width: 125px;height:90px;\">\n\t\t\t\t\t\t\t\t\t\t\n\t\t\t\t\t\t\t\t\t\t<div class=\"yuzo-img\" style=\"background:url('https:\/\/redept.com.br\/blogosfera\/wp-content\/uploads\/2025\/02\/fb434286-c5a2-47c0-b926-406fbe45da6e-150x150.jpg') 50% 50% no-repeat;width: 125px;height:90px;margin-bottom: 5px;background-size: cover; \"><\/div>\n\t\t\t\t\t\t\t\t\t  <\/div>\n\t\t\t\t\t\t\t\t\t  \n\t\t\t\t\t\t\t\t   <span class=\"yuzo__text--title\" style=\"font-size:13px;\">Ap\u00f3s semana tensa, Hamas e Israel mant\u00eam tr\u00e9gua e ...<\/span>\n\t\t\t\t\t\t\t  \n\t\t\t\t\t\t\t  \n\t\t\t\t\t\t\t  <\/a>\n\n\t\t\t\t\t\t  <\/div>\n\t\t\t\t\t\t  <div class=\"relatedthumb \" style=\"width:125px;float:left;overflow:hidden;\">  \n\t\t\t\t\t\t\t  \n\t\t\t\t\t\t\t  <a  href=\"https:\/\/redept.com.br\/blogosfera\/primeira-noite-de-desfiles-em-sp-emociona-publico-mesmo-com-chuva-atraso-desmaio-e-oleo-na-pista\/\"  >\n\t\t\t\t\t\t\t\t\t  <div class=\"yuzo-img-wrap \" style=\"width: 125px;height:90px;\">\n\t\t\t\t\t\t\t\t\t\t\n\t\t\t\t\t\t\t\t\t\t<div class=\"yuzo-img\" style=\"background:url('https:\/\/redept.org\/blogosfera\/wp-content\/plugins\/yuzo-related-post\/assets\/images\/default.png') 50% 50% no-repeat;width: 125px;height:90px;margin-bottom: 5px;background-size: cover; \"><\/div>\n\t\t\t\t\t\t\t\t\t  <\/div>\n\t\t\t\t\t\t\t\t\t  \n\t\t\t\t\t\t\t\t   <span class=\"yuzo__text--title\" style=\"font-size:13px;\">Primeira noite de desfiles em SP emociona p\u00fablico ...<\/span>\n\t\t\t\t\t\t\t  \n\t\t\t\t\t\t\t  \n\t\t\t\t\t\t\t  <\/a>\n\n\t\t\t\t\t\t  <\/div>\n\t\t\t\t\t\t  <div class=\"relatedthumb \" style=\"width:125px;float:left;overflow:hidden;\">  \n\t\t\t\t\t\t\t  \n\t\t\t\t\t\t\t  <a  href=\"https:\/\/redept.com.br\/blogosfera\/lei-sobre-seguranca-em-escolas-de-mg-exige-vigilancia-da-sociedade-dizem-especialistas\/\"  >\n\t\t\t\t\t\t\t\t\t  <div class=\"yuzo-img-wrap \" style=\"width: 125px;height:90px;\">\n\t\t\t\t\t\t\t\t\t\t\n\t\t\t\t\t\t\t\t\t\t<div class=\"yuzo-img\" style=\"background:url('https:\/\/redept.org\/blogosfera\/wp-content\/plugins\/yuzo-related-post\/assets\/images\/default.png') 50% 50% no-repeat;width: 125px;height:90px;margin-bottom: 5px;background-size: cover; \"><\/div>\n\t\t\t\t\t\t\t\t\t  <\/div>\n\t\t\t\t\t\t\t\t\t  \n\t\t\t\t\t\t\t\t   <span class=\"yuzo__text--title\" style=\"font-size:13px;\">Lei sobre seguran\u00e7a em escolas de MG exige vigil\u00e2n...<\/span>\n\t\t\t\t\t\t\t  \n\t\t\t\t\t\t\t  \n\t\t\t\t\t\t\t  <\/a>\n\n\t\t\t\t\t\t  <\/div>\n\t\t\t\t\t\t  <div class=\"relatedthumb \" style=\"width:125px;float:left;overflow:hidden;\">  \n\t\t\t\t\t\t\t  \n\t\t\t\t\t\t\t  <a  href=\"https:\/\/redept.com.br\/blogosfera\/onu-completa-80-anos-enquanto-ve-genocidios-e-falta-de-legitimidade\/\"  >\n\t\t\t\t\t\t\t\t\t  <div class=\"yuzo-img-wrap \" style=\"width: 125px;height:90px;\">\n\t\t\t\t\t\t\t\t\t\t\n\t\t\t\t\t\t\t\t\t\t<div class=\"yuzo-img\" style=\"background:url('https:\/\/redept.com.br\/blogosfera\/wp-content\/uploads\/2025\/06\/carta-da-onu-150x150.jpg') 50% 50% no-repeat;width: 125px;height:90px;margin-bottom: 5px;background-size: cover; \"><\/div>\n\t\t\t\t\t\t\t\t\t  <\/div>\n\t\t\t\t\t\t\t\t\t  \n\t\t\t\t\t\t\t\t   <span class=\"yuzo__text--title\" style=\"font-size:13px;\">ONU completa 80 anos enquanto v\u00ea genoc\u00eddios e falt...<\/span>\n\t\t\t\t\t\t\t  \n\t\t\t\t\t\t\t  \n\t\t\t\t\t\t\t  <\/a>\n\n\t\t\t\t\t\t  <\/div>\n<\/div> <script>\n\t\t\t\t\t\t  jQuery(document).ready(function( $ ){\n\t\t\t\t\t\t\t\/\/jQuery('.yuzo_related_post').equalizer({ overflow : 'relatedthumb' });\n\t\t\t\t\t\t\tjQuery('.yuzo_related_post .yuzo_wraps').equalizer({ columns : '> div' });\n\t\t\t\t\t\t   })\n\t\t\t\t\t\t  <\/script> <!-- End Yuzo :) -->","protected":false},"excerpt":{"rendered":"<p>Centrais sindicais, partidos e movimentos sociais v\u00e3o \u00e0s ruas de Copacabana nesta sexta-feira (1\u00ba), a partir das 14h, para defender o fim da escala 6\u00d71, a redu\u00e7\u00e3o de jornada sem redu\u00e7\u00e3o de sal\u00e1rio, o combate a fraudes e a pejotiza\u00e7\u00e3o e o fortalecimento das negocia\u00e7\u00f5es coletivas. Al\u00e9m disso, est\u00e3o em pauta o combate \u00e0 viol\u00eancia [&hellip;]<\/p>\n","protected":false},"author":2,"featured_media":0,"comment_status":"open","ping_status":"closed","sticky":false,"template":"","format":"standard","meta":{"fifu_image_url":"","fifu_image_alt":"","footnotes":""},"categories":[3936,4307,280,26804,3740,9427,282,1983,603,536,5225,4126,1679,1760,1963,1088,33396,802,52070,187,479,82,39101,238,52071,2124,1477,1949,1442,49,1048],"tags":[],"class_list":["post-85048","post","type-post","status-publish","format-standard","hentry","category-1o-de-maio","category-ato-publico","category-centrais-sindicais","category-central-do-brasil","category-comercio-varejista","category-copacabana","category-ctb","category-cut","category-datafolha","category-democracia","category-dia-do-trabalhador","category-direitos","category-direitos-trabalhistas","category-eleicoes-2026","category-escala-6x1","category-feminicidio","category-impacto-economico","category-ipea","category-largo-da-carioca","category-manifestacao","category-movimento-sindical","category-mulheres","category-negociacoes-coletivas","category-oriente-medio","category-panfletagem","category-paz","category-pejotizacao","category-reducao-de-jornada","category-reforma-trabalhista","category-rio-de-janeiro","category-soberania"],"_links":{"self":[{"href":"https:\/\/redept.com.br\/blogosfera\/wp-json\/wp\/v2\/posts\/85048","targetHints":{"allow":["GET"]}}],"collection":[{"href":"https:\/\/redept.com.br\/blogosfera\/wp-json\/wp\/v2\/posts"}],"about":[{"href":"https:\/\/redept.com.br\/blogosfera\/wp-json\/wp\/v2\/types\/post"}],"author":[{"embeddable":true,"href":"https:\/\/redept.com.br\/blogosfera\/wp-json\/wp\/v2\/users\/2"}],"replies":[{"embeddable":true,"href":"https:\/\/redept.com.br\/blogosfera\/wp-json\/wp\/v2\/comments?post=85048"}],"version-history":[{"count":0,"href":"https:\/\/redept.com.br\/blogosfera\/wp-json\/wp\/v2\/posts\/85048\/revisions"}],"wp:attachment":[{"href":"https:\/\/redept.com.br\/blogosfera\/wp-json\/wp\/v2\/media?parent=85048"}],"wp:term":[{"taxonomy":"category","embeddable":true,"href":"https:\/\/redept.com.br\/blogosfera\/wp-json\/wp\/v2\/categories?post=85048"},{"taxonomy":"post_tag","embeddable":true,"href":"https:\/\/redept.com.br\/blogosfera\/wp-json\/wp\/v2\/tags?post=85048"}],"curies":[{"name":"wp","href":"https:\/\/api.w.org\/{rel}","templated":true}]}}