{"id":85049,"date":"2026-04-28T10:20:23","date_gmt":"2026-04-28T13:20:23","guid":{"rendered":"https:\/\/redept.com.br\/blogosfera\/senadores-da-franca-visitam-cooperativa-100-agroecologica-no-assentamento-contestado-no-pr\/"},"modified":"2026-04-28T10:20:23","modified_gmt":"2026-04-28T13:20:23","slug":"senadores-da-franca-visitam-cooperativa-100-agroecologica-no-assentamento-contestado-no-pr","status":"publish","type":"post","link":"https:\/\/redept.com.br\/blogosfera\/senadores-da-franca-visitam-cooperativa-100-agroecologica-no-assentamento-contestado-no-pr\/","title":{"rendered":"Senadores da Fran\u00e7a visitam cooperativa 100% agroecol\u00f3gica no assentamento Contestado, no PR"},"content":{"rendered":"<figure><img fetchpriority=\"high\" fetchpriority=\"high\" decoding=\"async\" width=\"1024\" height=\"692\"src=\"https:\/\/redept.com.br\/blogosfera\/wp-content\/uploads\/2026\/04\/image-18.jpeg\" alt=\"\" srcset=\"https:\/\/mst.org.br\/wp-content\/uploads\/2026\/04\/image-18-1024x692.jpeg 1024w, https:\/\/mst.org.br\/wp-content\/uploads\/2026\/04\/image-18-300x203.jpeg 300w, https:\/\/mst.org.br\/wp-content\/uploads\/2026\/04\/image-18-768x519.jpeg 768w, https:\/\/mst.org.br\/wp-content\/uploads\/2026\/04\/image-18-1536x1038.jpeg 1536w, https:\/\/redept.com.br\/blogosfera\/wp-content\/uploads\/2026\/04\/image-18.jpeg 1920w\" sizes=\"(max-width: 1024px) 100vw, 1024px\"><figcaption><em>Comitiva visitou experi\u00eancias de organiza\u00e7\u00e3o popular do MST, no assentamento Contestado. Foto: Murilo Bernardon.<\/em><\/figcaption><\/figure>\n<p><em>Por Murilo Bernardon<br \/>Da P\u00e1gina do MST<\/em><\/p>\n<p>Uma comitiva de representantes do Grupo de Amizade Fran\u00e7a-Brasil conheceu, nesta sexta-feira (24), o assentamento Contestado, na Lapa (PR). A visita teve como principal pauta a pr\u00e1tica da agroecologia e a organiza\u00e7\u00e3o popular Sem Terra.<\/p>\n<p>O encontro reuniu a coordena\u00e7\u00e3o da comunidade, os senadores franceses Fabien Gay, do Partido Comunista, Daniel Fargeot, sem partido, Florence Pernaudet, da dire\u00e7\u00e3o de Rela\u00e7\u00f5es Internacionais do Senado franc\u00eas, Marceau Ferrand, conselheiro pol\u00edtico e adido de imprensa do consulado da Fran\u00e7a em S\u00e3o Paulo, e o deputado estadual do Paran\u00e1, Goura Nataraj, do Partido Democr\u00e1tico Trabalhista (PDT).<\/p>\n<figure><img decoding=\"async\" width=\"1024\" height=\"683\"src=\"https:\/\/redept.com.br\/blogosfera\/wp-content\/uploads\/2026\/04\/image-19.jpeg\" alt=\"\" srcset=\"https:\/\/mst.org.br\/wp-content\/uploads\/2026\/04\/image-19-1024x683.jpeg 1024w, https:\/\/mst.org.br\/wp-content\/uploads\/2026\/04\/image-19-300x200.jpeg 300w, https:\/\/mst.org.br\/wp-content\/uploads\/2026\/04\/image-19-768x512.jpeg 768w, https:\/\/mst.org.br\/wp-content\/uploads\/2026\/04\/image-19-1536x1024.jpeg 1536w, https:\/\/redept.com.br\/blogosfera\/wp-content\/uploads\/2026\/04\/image-19.jpeg 1920w\" sizes=\"(max-width: 1024px) 100vw, 1024px\"><figcaption><em>Antes de passar pelos espa\u00e7os, o grupo teve a oportunidade de compartilhar um caf\u00e9 da manh\u00e3 agroecol\u00f3gico. Foto: Murilo Bernardon.<\/em><\/figcaption><\/figure>\n<p>Camila Correia, assentada e dirigente da comunidade, conduziu a reuni\u00e3o que discutiu tamb\u00e9m o modo de produ\u00e7\u00e3o agroecol\u00f3gico, o funcionamento da Cooperativa Terra Livre, a Unidade B\u00e1sica de Sa\u00fade Chica Pelega, as inst\u00e2ncias pedag\u00f3gicas, como a Escola Latino Americana de Agroecologia Ana Primavesi (ELAA).<\/p>\n<p>Fabien Gay, eleito pelo bloco Comunista, Republicano, Cidad\u00e3o e Ecologista e Presidente do Grupo de Amizade Fran\u00e7a-Brasil, explica que v\u00ea um processo de autonomia camponesa: \u201cFiquei muito interessado na organiza\u00e7\u00e3o da comunidade, desse novo modelo de produ\u00e7\u00e3o agr\u00edcola. Que voc\u00eas possam polinizar esse modelo alternativo para a sociedade brasileira.\u201d<\/p>\n<p>\u201cQueremos juntos avan\u00e7ar para o bem viver e \u00e9 necess\u00e1rio juntarmos nossas for\u00e7as para o bem comum. \u00c9 importante entender o fundamento do engajamento de voc\u00eas, essa vontade de viver de uma forma diferente\u201d, conta Daniel Fargeot, parlamentar ligado a assuntos econ\u00f4micos, como avia\u00e7\u00e3o civil, energia, ind\u00fastria e vinho.<\/p>\n<figure><img decoding=\"async\" width=\"1024\" height=\"683\"src=\"https:\/\/redept.com.br\/blogosfera\/wp-content\/uploads\/2026\/04\/image-20.jpeg\" alt=\"\" srcset=\"https:\/\/mst.org.br\/wp-content\/uploads\/2026\/04\/image-20-1024x683.jpeg 1024w, https:\/\/mst.org.br\/wp-content\/uploads\/2026\/04\/image-20-300x200.jpeg 300w, https:\/\/mst.org.br\/wp-content\/uploads\/2026\/04\/image-20-768x512.jpeg 768w, https:\/\/mst.org.br\/wp-content\/uploads\/2026\/04\/image-20-1536x1024.jpeg 1536w, https:\/\/redept.com.br\/blogosfera\/wp-content\/uploads\/2026\/04\/image-20.jpeg 1920w\" sizes=\"(max-width: 1024px) 100vw, 1024px\"><figcaption><em>A Cooperativa Terra Livre \u00e9 uma entre 30 cooperativas nas \u00e1reas de Reforma Agr\u00e1ria do Paran\u00e1. Foto: Murilo Bernardon.<\/em><\/figcaption><\/figure>\n<p>Foram discutidas tamb\u00e9m as diferen\u00e7as de ordenamento de posse e uso da terra na Fran\u00e7a e no Brasil \u2013 e como a concentra\u00e7\u00e3o de terras \u00e9 uma chaga hist\u00f3rica, que atravessa diferentes povos e gera\u00e7\u00f5es. A Reforma Agr\u00e1ria Popular, nesse sentido, \u00e9 uma luta que simboliza a supera\u00e7\u00e3o dos problemas do capitalismo, atrav\u00e9s do potencial social da terra. \u201cEscola, \u00e1gua encanada, conhecimento, alimenta\u00e7\u00e3o, isso para n\u00f3s \u00e9 liberta\u00e7\u00e3o\u201d, afirma Maria Natividade, integrante do Setor do MST, que h\u00e1 25 anos e refer\u00eancia na sa\u00fade popular.<\/p>\n<figure><img decoding=\"async\" width=\"1024\" height=\"683\"src=\"https:\/\/redept.com.br\/blogosfera\/wp-content\/uploads\/2026\/04\/image-21.jpeg\" alt=\"\" srcset=\"https:\/\/mst.org.br\/wp-content\/uploads\/2026\/04\/image-21-1024x683.jpeg 1024w, https:\/\/mst.org.br\/wp-content\/uploads\/2026\/04\/image-21-300x200.jpeg 300w, https:\/\/mst.org.br\/wp-content\/uploads\/2026\/04\/image-21-768x512.jpeg 768w, https:\/\/mst.org.br\/wp-content\/uploads\/2026\/04\/image-21-1536x1024.jpeg 1536w, https:\/\/redept.com.br\/blogosfera\/wp-content\/uploads\/2026\/04\/image-21.jpeg 1920w\" sizes=\"(max-width: 1024px) 100vw, 1024px\"><figcaption><em>Espa\u00e7o de Sa\u00fade Popular na UBS Chica Pelega, organizada pelo Setor de Sa\u00fade do MST. Foto: Murilo Bernardon.<\/em><\/figcaption><\/figure>\n<h2>O assentamento Contestado<\/h2>\n<p>Com 27 anos, o assentamento Contestado \u00e9 moradia e terra produtiva para mais de 190 fam\u00edlias com trabalho cooperado, estudo e cultura. Desde a ocupa\u00e7\u00e3o, em 1999, pelo Movimento dos Trabalhadores Rurais Sem Terra (MST), aquela terra marcada por conflitos e explora\u00e7\u00e3o passou a significar dignidade e liberta\u00e7\u00e3o \u2013 hoje com cooperativa, escola, espa\u00e7os de lazer, esporte e cultura e de organiza\u00e7\u00e3o popular.<\/p>\n<p>Criada em 2012, a cooperativa Terra Livre conta com 245 s\u00f3cios espalhados por 12 munic\u00edpios do Paran\u00e1, al\u00e9m de associados em Santa Catarina e Mato Grosso do Sul. A cooperativa distribui alimentos agroecol\u00f3gicos, de 20 a 26 toneladas por semana, ao Programa Nacional de Alimenta\u00e7\u00e3o Escolar (PNAE), beneficiando diretamente 103 col\u00e9gios estaduais de Curitiba.<\/p>\n<p>Tamb\u00e9m opera a partir da padaria, que produz semanalmente 650 quilos de p\u00e3es e derivados, destinados a entidades sociais. Ao todo, s\u00e3o 59 produtos aliment\u00edcios agroecol\u00f3gicos entregues pela cooperativa.<\/p>\n<p>Antonio Capitani, assentado e presidente da cooperativa, conta que a produ\u00e7\u00e3o agroecol\u00f3gica respeita a fun\u00e7\u00e3o social da terra, que \u00e9 a de produzir comida: \u201cNa agroecologia, um hectare de terra alimenta 20 pessoas. No agroneg\u00f3cio, um hectare alimenta um boi\u201d, explica.<\/p>\n<p>Para Carlos Finhler, assentado, agricultor agroecol\u00f3gico e representante da Associa\u00e7\u00e3o de Coopera\u00e7\u00e3o Agr\u00edcola e Reforma Agr\u00e1ria do Paran\u00e1 (ACAP), a l\u00f3gica da produ\u00e7\u00e3o, na agroecologia, n\u00e3o \u00e9 voltada ao lucro: \u201cN\u00e3o posso produzir apenas soja, vender tudo, e depois ter que comprar comida.\u201d<\/p>\n<figure><img loading=\"lazy\" decoding=\"async\" width=\"1024\" height=\"683\"src=\"https:\/\/redept.com.br\/blogosfera\/wp-content\/uploads\/2026\/04\/image-22.jpeg\" alt=\"\" srcset=\"https:\/\/mst.org.br\/wp-content\/uploads\/2026\/04\/image-22-1024x683.jpeg 1024w, https:\/\/mst.org.br\/wp-content\/uploads\/2026\/04\/image-22-300x200.jpeg 300w, https:\/\/mst.org.br\/wp-content\/uploads\/2026\/04\/image-22-768x512.jpeg 768w, https:\/\/mst.org.br\/wp-content\/uploads\/2026\/04\/image-22-1536x1024.jpeg 1536w, https:\/\/redept.com.br\/blogosfera\/wp-content\/uploads\/2026\/04\/image-22.jpeg 1920w\" sizes=\"(max-width: 1024px) 100vw, 1024px\"><figcaption><em>Casar\u00e3o, na comunidade, alude ao passado escravagista daquele territ\u00f3rio, durante o per\u00edodo colonial, antes da ocupa\u00e7\u00e3o pelas fam\u00edlias Sem Terra. Foto: Murilo Bernardon.<\/em><\/figcaption><\/figure>\n<p>Ao longo da hist\u00f3ria, a comunidade tamb\u00e9m construiu espa\u00e7os de educa\u00e7\u00e3o e forma\u00e7\u00e3o para jovens e adultos no territ\u00f3rio, que contempla desde a pr\u00e9-escola (CMEI) at\u00e9 o ensino superior.<\/p>\n<p>A Escola Latino-Americana de Agroecologia (ELAA), que em 2026 celebra 21 anos, oferta cursos de gradua\u00e7\u00e3o, de forma\u00e7\u00e3o em agroecologia para agricultores e educandos do Brasil e da Am\u00e9rica Latina, e completa os n\u00edveis de educa\u00e7\u00e3o oferecidos no territ\u00f3rio, da Educa\u00e7\u00e3o B\u00e1sica ao Ensino Superior.<\/p>\n<figure><img loading=\"lazy\" decoding=\"async\" width=\"1024\" height=\"683\"src=\"https:\/\/redept.com.br\/blogosfera\/wp-content\/uploads\/2026\/04\/image-23.jpeg\" alt=\"\" srcset=\"https:\/\/mst.org.br\/wp-content\/uploads\/2026\/04\/image-23-1024x683.jpeg 1024w, https:\/\/mst.org.br\/wp-content\/uploads\/2026\/04\/image-23-300x200.jpeg 300w, https:\/\/mst.org.br\/wp-content\/uploads\/2026\/04\/image-23-768x512.jpeg 768w, https:\/\/mst.org.br\/wp-content\/uploads\/2026\/04\/image-23-1536x1024.jpeg 1536w, https:\/\/redept.com.br\/blogosfera\/wp-content\/uploads\/2026\/04\/image-23.jpeg 1920w\" sizes=\"(max-width: 1024px) 100vw, 1024px\"><figcaption><em>O casar\u00e3o ressignificado, por exemplo, \u00e9 um espa\u00e7o usado como sala de aula e para reuni\u00e3o dos moradores. Foto: Murilo Bernardon.<\/em><\/figcaption><\/figure>\n<p>Recentemente, a comunidade tamb\u00e9m conquistou a Unidade B\u00e1sica de Sa\u00fade Chica Pelega (UBS), que vem como um complemento \u00e0 medicina da terra, praticada no territ\u00f3rio. A Unidade \u00e9 organizada pelo coletivo de Sa\u00fade do MST, que orienta a comunidade a como usar os produtos fitoter\u00e1picos, plantas medicinais, al\u00e9m de recuperar e preservar sabedorias ancestrais, muitas vezes privatizadas pela ind\u00fastria farmac\u00eautica.<\/p>\n<p><em>*Editado por Fernanda Alc\u00e2ntara<\/em><\/p>\n<p>O post <a href=\"https:\/\/mst.org.br\/2026\/04\/28\/senadores-da-franca-visitam-cooperativa-100-agroecologica-no-assentamento-contestado-no-pr\/\">Senadores da Fran\u00e7a visitam cooperativa 100% agroecol\u00f3gica no assentamento Contestado, no PR<\/a> apareceu primeiro em <a href=\"https:\/\/mst.org.br\/\">MST<\/a>.<\/p>\n<!-- Begin Yuzo --><div class='yuzo_related_post style-1'  data-version='5.12.89'><!-- without result --><div class='yuzo_clearfixed yuzo__title yuzo__title'><h3>Related Post<\/h3><\/div>\n\t\t\t\t\t\t  <div class=\"relatedthumb \" style=\"width:125px;float:left;overflow:hidden;\">  \n\t\t\t\t\t\t\t  \n\t\t\t\t\t\t\t  <a  href=\"https:\/\/redept.com.br\/blogosfera\/metade-dos-robos-do-mundo-em-2025-virao-da-china\/\"  >\n\t\t\t\t\t\t\t\t\t  <div class=\"yuzo-img-wrap \" style=\"width: 125px;height:90px;\">\n\t\t\t\t\t\t\t\t\t\t\n\t\t\t\t\t\t\t\t\t\t<div class=\"yuzo-img\" style=\"background:url('https:\/\/redept.com.br\/blogosfera\/wp-content\/uploads\/2025\/04\/Captura-de-Tela-2025-04-23-as-155806-150x150.png') 50% 50% no-repeat;width: 125px;height:90px;margin-bottom: 5px;background-size: cover; \"><\/div>\n\t\t\t\t\t\t\t\t\t  <\/div>\n\t\t\t\t\t\t\t\t\t  \n\t\t\t\t\t\t\t\t   <span class=\"yuzo__text--title\" style=\"font-size:13px;\">Metade dos rob\u00f4s do mundo, em 2025, vir\u00e3o da China...<\/span>\n\t\t\t\t\t\t\t  \n\t\t\t\t\t\t\t  \n\t\t\t\t\t\t\t  <\/a>\n\n\t\t\t\t\t\t  <\/div>\n\t\t\t\t\t\t  <div class=\"relatedthumb \" style=\"width:125px;float:left;overflow:hidden;\">  \n\t\t\t\t\t\t\t  \n\t\t\t\t\t\t\t  <a  href=\"https:\/\/redept.com.br\/blogosfera\/morre-jair-da-costa-campeao-do-mundo-e-idolo-da-portuguesa-aos-84-anos\/\"  >\n\t\t\t\t\t\t\t\t\t  <div class=\"yuzo-img-wrap \" style=\"width: 125px;height:90px;\">\n\t\t\t\t\t\t\t\t\t\t\n\t\t\t\t\t\t\t\t\t\t<div class=\"yuzo-img\" style=\"background:url('https:\/\/redept.com.br\/blogosfera\/wp-content\/uploads\/2025\/04\/Jair_FC_Internazionale_Milano-150x150.jpg') 50% 50% no-repeat;width: 125px;height:90px;margin-bottom: 5px;background-size: cover; \"><\/div>\n\t\t\t\t\t\t\t\t\t  <\/div>\n\t\t\t\t\t\t\t\t\t  \n\t\t\t\t\t\t\t\t   <span class=\"yuzo__text--title\" style=\"font-size:13px;\">Morre Jair da Costa, campe\u00e3o do mundo e \u00eddolo da P...<\/span>\n\t\t\t\t\t\t\t  \n\t\t\t\t\t\t\t  \n\t\t\t\t\t\t\t  <\/a>\n\n\t\t\t\t\t\t  <\/div>\n\t\t\t\t\t\t  <div class=\"relatedthumb \" style=\"width:125px;float:left;overflow:hidden;\">  \n\t\t\t\t\t\t\t  \n\t\t\t\t\t\t\t  <a  href=\"https:\/\/redept.com.br\/blogosfera\/juliana-cardoso-propoe-criacao-de-equipamentos-de-saude-geriatricos\/\"  >\n\t\t\t\t\t\t\t\t\t  <div class=\"yuzo-img-wrap \" style=\"width: 125px;height:90px;\">\n\t\t\t\t\t\t\t\t\t\t\n\t\t\t\t\t\t\t\t\t\t<div class=\"yuzo-img\" style=\"background:url('https:\/\/redept.org\/blogosfera\/wp-content\/plugins\/yuzo-related-post\/assets\/images\/default.png') 50% 50% no-repeat;width: 125px;height:90px;margin-bottom: 5px;background-size: cover; \"><\/div>\n\t\t\t\t\t\t\t\t\t  <\/div>\n\t\t\t\t\t\t\t\t\t  \n\t\t\t\t\t\t\t\t   <span class=\"yuzo__text--title\" style=\"font-size:13px;\">Juliana Cardoso prop\u00f5e cria\u00e7\u00e3o de equipamentos de ...<\/span>\n\t\t\t\t\t\t\t  \n\t\t\t\t\t\t\t  \n\t\t\t\t\t\t\t  <\/a>\n\n\t\t\t\t\t\t  <\/div>\n\t\t\t\t\t\t  <div class=\"relatedthumb \" style=\"width:125px;float:left;overflow:hidden;\">  \n\t\t\t\t\t\t\t  \n\t\t\t\t\t\t\t  <a  href=\"https:\/\/redept.com.br\/blogosfera\/mineracao-de-terras-raras-pode-ampliar-escassez-de-agua-em-pocos-de-caldas-mg\/\"  >\n\t\t\t\t\t\t\t\t\t  <div class=\"yuzo-img-wrap \" style=\"width: 125px;height:90px;\">\n\t\t\t\t\t\t\t\t\t\t\n\t\t\t\t\t\t\t\t\t\t<div class=\"yuzo-img\" style=\"background:url('https:\/\/redept.com.br\/blogosfera\/wp-content\/uploads\/2025\/09\/Foto-2-150x150.jpeg') 50% 50% no-repeat;width: 125px;height:90px;margin-bottom: 5px;background-size: cover; \"><\/div>\n\t\t\t\t\t\t\t\t\t  <\/div>\n\t\t\t\t\t\t\t\t\t  \n\t\t\t\t\t\t\t\t   <span class=\"yuzo__text--title\" style=\"font-size:13px;\">Minera\u00e7\u00e3o de terras raras pode ampliar escassez de...<\/span>\n\t\t\t\t\t\t\t  \n\t\t\t\t\t\t\t  \n\t\t\t\t\t\t\t  <\/a>\n\n\t\t\t\t\t\t  <\/div>\n<\/div> <script>\n\t\t\t\t\t\t  jQuery(document).ready(function( $ ){\n\t\t\t\t\t\t\t\/\/jQuery('.yuzo_related_post').equalizer({ overflow : 'relatedthumb' });\n\t\t\t\t\t\t\tjQuery('.yuzo_related_post .yuzo_wraps').equalizer({ columns : '> div' });\n\t\t\t\t\t\t   })\n\t\t\t\t\t\t  <\/script> <!-- End Yuzo :) -->","protected":false},"excerpt":{"rendered":"<p>Comitiva visitou experi\u00eancias de organiza\u00e7\u00e3o popular do MST, no assentamento Contestado. Foto: Murilo Bernardon. Por Murilo BernardonDa P\u00e1gina do MST Uma comitiva de representantes do Grupo de Amizade Fran\u00e7a-Brasil conheceu, nesta sexta-feira (24), o assentamento Contestado, na Lapa (PR). A visita teve como principal pauta a pr\u00e1tica da agroecologia e a organiza\u00e7\u00e3o popular Sem Terra. [&hellip;]<\/p>\n","protected":false},"author":2,"featured_media":0,"comment_status":"open","ping_status":"closed","sticky":false,"template":"","format":"standard","meta":{"fifu_image_url":"","fifu_image_alt":"","footnotes":""},"categories":[306,6461,1065,191,319],"tags":[],"class_list":["post-85049","post","type-post","status-publish","format-standard","hentry","category-agroecologia","category-cooperativa","category-intercambio","category-noticias","category-parana"],"_links":{"self":[{"href":"https:\/\/redept.com.br\/blogosfera\/wp-json\/wp\/v2\/posts\/85049","targetHints":{"allow":["GET"]}}],"collection":[{"href":"https:\/\/redept.com.br\/blogosfera\/wp-json\/wp\/v2\/posts"}],"about":[{"href":"https:\/\/redept.com.br\/blogosfera\/wp-json\/wp\/v2\/types\/post"}],"author":[{"embeddable":true,"href":"https:\/\/redept.com.br\/blogosfera\/wp-json\/wp\/v2\/users\/2"}],"replies":[{"embeddable":true,"href":"https:\/\/redept.com.br\/blogosfera\/wp-json\/wp\/v2\/comments?post=85049"}],"version-history":[{"count":0,"href":"https:\/\/redept.com.br\/blogosfera\/wp-json\/wp\/v2\/posts\/85049\/revisions"}],"wp:attachment":[{"href":"https:\/\/redept.com.br\/blogosfera\/wp-json\/wp\/v2\/media?parent=85049"}],"wp:term":[{"taxonomy":"category","embeddable":true,"href":"https:\/\/redept.com.br\/blogosfera\/wp-json\/wp\/v2\/categories?post=85049"},{"taxonomy":"post_tag","embeddable":true,"href":"https:\/\/redept.com.br\/blogosfera\/wp-json\/wp\/v2\/tags?post=85049"}],"curies":[{"name":"wp","href":"https:\/\/api.w.org\/{rel}","templated":true}]}}