{"id":85056,"date":"2026-04-28T10:40:18","date_gmt":"2026-04-28T13:40:18","guid":{"rendered":"https:\/\/redept.com.br\/blogosfera\/disputas-oligarquicas-e-as-lutas-do-povo-a-guerra-do-contestado-e-o-brasil-de-1911-1915\/"},"modified":"2026-04-28T10:40:18","modified_gmt":"2026-04-28T13:40:18","slug":"disputas-oligarquicas-e-as-lutas-do-povo-a-guerra-do-contestado-e-o-brasil-de-1911-1915","status":"publish","type":"post","link":"https:\/\/redept.com.br\/blogosfera\/disputas-oligarquicas-e-as-lutas-do-povo-a-guerra-do-contestado-e-o-brasil-de-1911-1915\/","title":{"rendered":"Disputas olig\u00e1rquicas e as lutas do povo. A Guerra do Contestado e o Brasil de 1911-1915"},"content":{"rendered":"<p><img fetchpriority=\"high\" width=\"532\" height=\"419\"src=\"https:\/\/redept.com.br\/blogosfera\/wp-content\/uploads\/2026\/04\/irmandade-de-sao-sebastiao.jpg\" alt=\"\" link_thumbnail=\"\" decoding=\"async\" srcset=\"https:\/\/redept.com.br\/blogosfera\/wp-content\/uploads\/2026\/04\/irmandade-de-sao-sebastiao.jpg 532w, https:\/\/averdade.org.br\/wp-content\/uploads\/2026\/04\/irmandade-de-sao-sebastiao-350x276.jpg 350w, https:\/\/averdade.org.br\/wp-content\/uploads\/2026\/04\/irmandade-de-sao-sebastiao-250x197.jpg 250w, https:\/\/averdade.org.br\/wp-content\/uploads\/2026\/04\/irmandade-de-sao-sebastiao-150x118.jpg 150w, https:\/\/averdade.org.br\/wp-content\/uploads\/2026\/04\/irmandade-de-sao-sebastiao-300x236.jpg 300w\" sizes=\"(max-width: 532px) 100vw, 532px\"><\/p>\n<p><strong>Um dos momentos mais violentos de nossa hist\u00f3ria, a Guerra do contestado, \u00e9 uma das p\u00e1ginas mais sangrentas de nosso pa\u00eds. Ao mesmo tempo \u00e9 um marco na virada da organiza\u00e7\u00e3o da classe trabalhadora brasileira. Esse \u00e9 o sexto cap\u00edtulo da s\u00e9rie exclusiva do Jornal A Verdade <em>\u201cA hist\u00f3ria oficial Versus as lutas do proletariado brasileiro\u201d<\/em>.<\/strong><\/p>\n<p><strong>Natanael Sarmento| Reda\u00e7\u00e3o Pernambuco<\/strong><\/p>\n<hr>\n<p><strong>HIST\u00d3RIA (Parte 06) \u2013 <\/strong>O per\u00edodo de 1911 a 15 foi marcado por disputas radicalizadas das oligarquias regionais. A pol\u00edtica \u201csalvacionista\u201d, das interven\u00e7\u00f5es do governo Hermes da Fonseca -1910\/1914 expressavam essas disputas inclusive por meio de armas e bombardeios de capitais.\u00a0 As novas contradi\u00e7\u00f5es surgidas com o desenvolvimento do capitalismo nas cidades e campos tamb\u00e9m conheceram revoltas populares, rebeli\u00f5es e lutas de resist\u00eancia da nascente oper\u00e1ria que se organizava em sindicatos, federa\u00e7\u00f5es, centrais e produziam seus jornais classistas.<\/p>\n<p><strong>Greve Geral do Par\u00e1 (1914)<\/strong><\/p>\n<p>A primeira greve geral de oper\u00e1rios do Brasil foi realizada no Norte do pa\u00eds, em 14 de abril de 1914, no estado do Par\u00e1. A crise econ\u00f4mica do capitalismo e in\u00edcio da Primeira Guerra imperialista atingem brutalmente os trabalhadores dos servi\u00e7os ligados \u00e0 produ\u00e7\u00e3o do l\u00e1tex, estivadores, portu\u00e1rios, ferrovi\u00e1rios, eletricit\u00e1rios.\u00a0 A redu\u00e7\u00e3o de pre\u00e7os internacionais e queda das exporta\u00e7\u00f5es foi acompanhada de aumento dos g\u00eaneros aliment\u00edcios, desemprego e atrasos salariais. No \u201cdecl\u00ednio do \u201cciclo da borracha\u201d a alta do desemprego e do custo de vida tornavam insuport\u00e1veis a vida daqueles trabalhadores. A vanguarda da classe oper\u00e1ria se organizava em associa\u00e7\u00f5es, sindicatos e federa\u00e7\u00f5es, na luta de resist\u00eancia sob influ\u00eancia anarquista-sindicalista.<\/p>\n<p>A caracter\u00edstica deste movimento foi atingir o cora\u00e7\u00e3o da infraestrutura econ\u00f4mica indispens\u00e1vel \u00e0 economia da borracha: Porto de Bel\u00e9m, Estrada de Ferro de Bragan\u00e7a e a energia da Par\u00e1 Electric Railways and Lighting Company Ltd. Estivadores, portu\u00e1rios, ferrovi\u00e1rios, maquinistas, sinalizadores, operadores, controladores de tr\u00e1fego, bilheteiros, eletricistas se unem e mostram organiza\u00e7\u00e3o e for\u00e7a nessa memor\u00e1vel Greve Geral do operariado paraense. Os trabalhadores exigiam o pagamento dos sal\u00e1rios atrasados, a redu\u00e7\u00e3o de jornada de trabalho e o fim das persegui\u00e7\u00f5es aos sindicatos.<\/p>\n<p>A despeito da repress\u00e3o violenta patronal e do Estado, pris\u00f5es e deporta\u00e7\u00f5es, o movimento fortalece a Federa\u00e7\u00e3o Oper\u00e1ria do Par\u00e1 (FOP). Bel\u00e9m foi o ensaio geral exemplar ocorrido tr\u00eas anos antes das grandes greves gerais de S\u00e3o Paulo de 1917 e 1919.<\/p>\n<p><strong>Contestado (1912-1916). \u00a0\u201cPelados contra Peludos\u201d<\/strong><\/p>\n<p>A \u201cGuerra do Contestado\u201d foi um genoc\u00eddio de camponeses pobres na divisa do Paran\u00e1\/Santa Catarina. Mais de 20 mil camponeses tiravam o sustento da terra e viviam em comunidades autossuficientes.\u00a0 Causavam preju\u00edzo aos poderosos na escassez de m\u00e3o-de-obra e davam preju\u00edzo ao com\u00e9rcio local, ocuparam terras que se tornaram valorizadas \u00e0 constru\u00e7\u00e3o da ferrovia e despertou a cobi\u00e7a dos latifundi\u00e1rios e outros exploradores do povo. Empresas estrangeiras como a madeireira Lumber &amp; Company e a ferrovi\u00e1ria \u201cBrazil Railway Company\u201d em conluio criminoso com latifundi\u00e1rios e governos estaduais e federais expulsam milhares de posseiros de suas terras, destroem suas comunidades camponesas e matam milhares de trabalhadores.<\/p>\n<p><strong>O Assentamento <\/strong><\/p>\n<p>Os assentamentos rurais chamados de \u201cquadro santo\u201d integravam a estrutura da \u201cMonarquia Celeste\u201d fundada pelo m\u00edtico beato Jos\u00e9 Maria. Come\u00e7a em 1912, no Munic\u00edpio de Curitibanos, nas terras concedidas do coronel Henriquinho de Almeida que era inimigo de Chiquinho Albuquerque o mais poderoso latifundi\u00e1rio da regi\u00e3o. Milhares de camponeses pobres encontraram esperan\u00e7a de sobreviv\u00eancia nos assentamentos \u2013 \u201cquadros santos\u201d. Experi\u00eancia comunal com marca de misticismo ecl\u00e9tico de catolicismo primitivo, monarquismo e sebastianismo que atraiu 20 mil seguidores e continuadores da \u201cMonarquia Celeste\u201d sob o lema: \u201cquem tem m\u00f3i, quem n\u00e3o tem tamb\u00e9m m\u00f3i\u201d.<\/p>\n<p>Os produtos da terra e o uso da moenda era comunal. Satanizam o com\u00e9rcio e puniam a busca de lucro mercantil com pena de morte. O Profeta Jos\u00e9 Maria pronunciava o \u201cfim dos Tempos\u201d e alimentava esperan\u00e7as com a volta do Rei Dom Sebasti\u00e3o. Na confusa mistura de elementos b\u00edblicos e imita\u00e7\u00e3o da medieval organiza\u00e7\u00e3o do imp\u00e9rio Carol\u00edngio de Carlos Magno e os \u201cdoze Pares da Fran\u00e7a\u201d.<\/p>\n<p><strong>Rea\u00e7\u00e3o<\/strong><\/p>\n<p>De olho nas terras e lucros futuros com as indeniza\u00e7\u00f5es o coronel Albuquerque, \u00e0 frente da prefeitura, manda telegrama ao Presidente da Rep\u00fablica denunciando a \u201camea\u00e7a mon\u00e1rquica\u201d. A Companhia Lumber engrossa a press\u00e3o e protocola expediente no qual responsabiliza a Uni\u00e3o pelos preju\u00edzos \u201cque possam sofrer na regi\u00e3o\u201d. A for\u00e7a p\u00fablica do Estado a servi\u00e7o da burguesia ataca as \u201caldeias santas\u201d. Os comandantes militares \u201cdoze pares\u201d da \u201cMonarquia Celestial\u201d revidam. E invadem as cidades de Canoinha, Papanduva, Curitibano, Ca\u00e7ador, Calmon e Itai\u00f3polis, queimam madeiras e depredam o pr\u00e9dio da Companhia Lumber. A madeireira arma ex\u00e9rcito privado com funcion\u00e1rios e jagun\u00e7os contratados. A \u201cguerra tem in\u00edcio\u201d. Durante longo tempo as serrarias e oficinas ficam sem funcionar.<\/p>\n<p>As comunas rurais da \u201cMonarquia Celestial\u201d jamais foram amea\u00e7a efetiva \u00e0 Rep\u00fablica. Messianismo mon\u00e1rquico sim, contr\u00e1rio \u00e0 Rep\u00fablica identificada como opressora, policialesca e cobradora de tributos. A quest\u00e3o era prejudicar interesses capitalistas de latifundi\u00e1rios e empres\u00e1rios locais e internacionais. Porque assegurava a todos os camponeses terra para plantar e meios de vida sem precisar dos patr\u00f5es, dos comerciantes, da pol\u00edcia e dos prefeitos ou de pagar impostos ao governo. Esse fato\u00a0\u00a0 contraditava a \u201cordem social\u201d capitalista.<\/p>\n<p>Atacados, o \u201cmonge\u201d Jos\u00e9 Maria organizou o deslocamento territorial da \u201cquadra santa\u201d. Centenas de mortos e feridos. Os aprisionados pela pol\u00edcia tiveram os cabelos raspados. Os demais seguidores que permaneceram na luta, solid\u00e1rios, rasparam e se assumiram como \u201cpelados\u201d contra \u201cpeludos\u201d, os ricos poderosos. Jos\u00e9 Maria realoca-se no munic\u00edpio de Palmas, s\u00edtio de tens\u00f5es e conflitos de terra. Combatem as tropas policiais de Santa Catarina. \u201cN\u00f3s s\u00f3 queremos paz e uma terrinha para plantar feij\u00e3o e milho para poder manter a nossa cria\u00e7\u00e3o\u201d pregava o beato, mas os pelados n\u00e3o tiveram paz.<\/p>\n<p>Jos\u00e9 Maria funda o \u201cquadro santo\u201d no munic\u00edpio de Irani.\u00a0 O governo do Paran\u00e1 destaca o capit\u00e3o Jo\u00e3o Gualberto com 400 homens para intimar Jos\u00e9 Maria a comparecer na Delegacia de Palmas. A cilada foi entendida pelos pobres posseiros. A pol\u00edcia ataca com metralhadoras modernas e os camponeses se defendem com armas r\u00fasticas e fac\u00f5es. Nesse combate tombam Jos\u00e9 Maria e alguns l\u00edderes dos \u201cdoze pares\u201d. A tropas policiais perderam muitos soldados, metralhadoras e muni\u00e7\u00e3o.<\/p>\n<p>Os camponeses enquanto esperavam a ressurei\u00e7\u00e3o do Jos\u00e9 Maria reconstru\u00edram novo \u201cquarto santo. Resistiam. Foram cinco anos de lutas. Em 1916 morre Adeodato, \u00faltimo l\u00edder da resist\u00eancia camponesa que sobreviveu \u00e0 fome, doen\u00e7as e enfrentou o Estado burgu\u00eas e 1\/3 do Ex\u00e9rcito que no seu servilismo classista antipopular recorreu a avi\u00f5es e aos bombardeios a\u00e9reos para esmagar 20 mil camponeses dessa luta \u00e9pica de resist\u00eancia e verdadeiro genoc\u00eddio.<\/p>\n<p><strong>Luta dos Coron\u00e9is <\/strong><\/p>\n<p>A \u201cpol\u00edtica de salva\u00e7\u00e3o\u201d de Hermes da Fonseca n\u00e3o passava de troca de oligarquias, de coron\u00e9is afinados com o Governo Federal. Pura balela essa historiografia burguesa do capitalismo moderno e urbano em contraposi\u00e7\u00e3o ao arcaico e rural, dualidade inexistente.\u00a0 No Cear\u00e1, o \u201csalvacionismo\u201d derruba o Presidente Nogueira Accioly da oligarquia mais antiga no poder regional. O interventor, Marcos Franco Rabelo, perdeu apoio do Partido Republicano Conservador e exonerou o Prefeito de Juazeiro Padre C\u00edcero Rom\u00e3o Batista.<\/p>\n<p>O coronel Floro Bartolomeu aliado do Padre C\u00edcero viaja ao Rio e obt\u00e9m apoio de Pinheiro Machado para o levante armado contra o governador de Marcos Rabelo, este apoiado pelo Governo Federal. A \u201cRevolta dos Sertanejos\u201d do Cear\u00e1 liderada pelo Padre C\u00edcero Rom\u00e3o Batista e outros coron\u00e9is locais vencem as batalhas contra as for\u00e7as oficiais, cerca o Pal\u00e1cio e derruba Franco Rabelo. Os rebeldes \u201cmarretas\u201d demonstraram a for\u00e7a e o coronelismo dominante do Cear\u00e1 teve que fazer novo rearranjo com o governo federal, depois da derrota da imposi\u00e7\u00e3o \u201csalvacionista\u201d de Hermes da Fonseca no Estado.<\/p>\n<p>Ao mesmo tempo em que cresciam a repress\u00e3o por parte do Estado e a disputa entre as elites, a classe trabalhadora tamb\u00e9m afinava suas formas de resistir. Com o ac\u00famulo da experi\u00eancia nos enfrentamentos e embates contra a burguesia nacional j\u00e1 estabelecida, era preparado tamb\u00e9m uma resposta classista para os pr\u00f3ximos embates, assunto que aprofundaremos mais nos pr\u00f3ximos cap\u00edtulos de nossa s\u00e9rie.<\/p>\n<!-- Begin Yuzo --><div class='yuzo_related_post style-1'  data-version='5.12.89'><!-- without result --><div class='yuzo_clearfixed yuzo__title yuzo__title'><h3>Related Post<\/h3><\/div>\n\t\t\t\t\t\t  <div class=\"relatedthumb \" style=\"width:125px;float:left;overflow:hidden;\">  \n\t\t\t\t\t\t\t  \n\t\t\t\t\t\t\t  <a  href=\"https:\/\/redept.com.br\/blogosfera\/jovens-participam-de-eleicao-para-prefeitos-na-venezuela-e-mobilizacao-empolga-governo\/\"  >\n\t\t\t\t\t\t\t\t\t  <div class=\"yuzo-img-wrap \" style=\"width: 125px;height:90px;\">\n\t\t\t\t\t\t\t\t\t\t\n\t\t\t\t\t\t\t\t\t\t<div class=\"yuzo-img\" style=\"background:url('https:\/\/redept.org\/blogosfera\/wp-content\/plugins\/yuzo-related-post\/assets\/images\/default.png') 50% 50% no-repeat;width: 125px;height:90px;margin-bottom: 5px;background-size: cover; \"><\/div>\n\t\t\t\t\t\t\t\t\t  <\/div>\n\t\t\t\t\t\t\t\t\t  \n\t\t\t\t\t\t\t\t   <span class=\"yuzo__text--title\" style=\"font-size:13px;\">Jovens participam de elei\u00e7\u00e3o para prefeitos na Ven...<\/span>\n\t\t\t\t\t\t\t  \n\t\t\t\t\t\t\t  \n\t\t\t\t\t\t\t  <\/a>\n\n\t\t\t\t\t\t  <\/div>\n\t\t\t\t\t\t  <div class=\"relatedthumb \" style=\"width:125px;float:left;overflow:hidden;\">  \n\t\t\t\t\t\t\t  \n\t\t\t\t\t\t\t  <a  href=\"https:\/\/redept.com.br\/blogosfera\/unidos-de-bangu-homenageia-leci-brandao-no-carnaval\/\"  >\n\t\t\t\t\t\t\t\t\t  <div class=\"yuzo-img-wrap \" style=\"width: 125px;height:90px;\">\n\t\t\t\t\t\t\t\t\t\t\n\t\t\t\t\t\t\t\t\t\t<div class=\"yuzo-img\" style=\"background:url('https:\/\/redept.com.br\/blogosfera\/wp-content\/uploads\/2026\/01\/01-13-150x150.jpg') 50% 50% no-repeat;width: 125px;height:90px;margin-bottom: 5px;background-size: cover; \"><\/div>\n\t\t\t\t\t\t\t\t\t  <\/div>\n\t\t\t\t\t\t\t\t\t  \n\t\t\t\t\t\t\t\t   <span class=\"yuzo__text--title\" style=\"font-size:13px;\">Unidos de Bangu homenageia Leci Brand\u00e3o no Carnava...<\/span>\n\t\t\t\t\t\t\t  \n\t\t\t\t\t\t\t  \n\t\t\t\t\t\t\t  <\/a>\n\n\t\t\t\t\t\t  <\/div>\n\t\t\t\t\t\t  <div class=\"relatedthumb \" style=\"width:125px;float:left;overflow:hidden;\">  \n\t\t\t\t\t\t\t  \n\t\t\t\t\t\t\t  <a  href=\"https:\/\/redept.com.br\/blogosfera\/mujica-ex-presidente-do-uruguai-morre-aos-89-anos\/\"  >\n\t\t\t\t\t\t\t\t\t  <div class=\"yuzo-img-wrap \" style=\"width: 125px;height:90px;\">\n\t\t\t\t\t\t\t\t\t\t\n\t\t\t\t\t\t\t\t\t\t<div class=\"yuzo-img\" style=\"background:url('https:\/\/redept.org\/blogosfera\/wp-content\/plugins\/yuzo-related-post\/assets\/images\/default.png') 50% 50% no-repeat;width: 125px;height:90px;margin-bottom: 5px;background-size: cover; \"><\/div>\n\t\t\t\t\t\t\t\t\t  <\/div>\n\t\t\t\t\t\t\t\t\t  \n\t\t\t\t\t\t\t\t   <span class=\"yuzo__text--title\" style=\"font-size:13px;\">Mujica, ex-presidente do Uruguai, morre aos 89 ano...<\/span>\n\t\t\t\t\t\t\t  \n\t\t\t\t\t\t\t  \n\t\t\t\t\t\t\t  <\/a>\n\n\t\t\t\t\t\t  <\/div>\n\t\t\t\t\t\t  <div class=\"relatedthumb \" style=\"width:125px;float:left;overflow:hidden;\">  \n\t\t\t\t\t\t\t  \n\t\t\t\t\t\t\t  <a  href=\"https:\/\/redept.com.br\/blogosfera\/comite-brasileiro-celebra-80-anos-do-partido-do-trabalho-da-coreia\/\"  >\n\t\t\t\t\t\t\t\t\t  <div class=\"yuzo-img-wrap \" style=\"width: 125px;height:90px;\">\n\t\t\t\t\t\t\t\t\t\t\n\t\t\t\t\t\t\t\t\t\t<div class=\"yuzo-img\" style=\"background:url('https:\/\/redept.com.br\/blogosfera\/wp-content\/uploads\/2025\/09\/capa-vermelho-coreia-150x150.jpeg') 50% 50% no-repeat;width: 125px;height:90px;margin-bottom: 5px;background-size: cover; \"><\/div>\n\t\t\t\t\t\t\t\t\t  <\/div>\n\t\t\t\t\t\t\t\t\t  \n\t\t\t\t\t\t\t\t   <span class=\"yuzo__text--title\" style=\"font-size:13px;\">Comit\u00ea brasileiro celebra 80 anos do Partido do Tr...<\/span>\n\t\t\t\t\t\t\t  \n\t\t\t\t\t\t\t  \n\t\t\t\t\t\t\t  <\/a>\n\n\t\t\t\t\t\t  <\/div>\n<\/div> <script>\n\t\t\t\t\t\t  jQuery(document).ready(function( $ ){\n\t\t\t\t\t\t\t\/\/jQuery('.yuzo_related_post').equalizer({ overflow : 'relatedthumb' });\n\t\t\t\t\t\t\tjQuery('.yuzo_related_post .yuzo_wraps').equalizer({ columns : '> div' });\n\t\t\t\t\t\t   })\n\t\t\t\t\t\t  <\/script> <!-- End Yuzo :) -->","protected":false},"excerpt":{"rendered":"<p><img decoding=\"async\" width=\"532\" height=\"419\" src=\"https:\/\/averdade.org.br\/wp-content\/uploads\/2026\/04\/irmandade-de-sao-sebastiao.jpg\" alt=\"\">Um dos momentos mais violentos de nossa hist\u00f3ria, a Guerra do contestado, \u00e9 uma das p\u00e1ginas mais sangrentas de nosso pa\u00eds. Ao mesmo tempo \u00e9 um marco na virada da organiza\u00e7\u00e3o da classe trabalhadora brasileira. Esse \u00e9 o sexto cap\u00edtulo da s\u00e9rie exclusiva do Jornal A Verdade \u201cA hist\u00f3ria oficial Versus as lutas do proletariado [\u2026]<\/p>\n","protected":false},"author":2,"featured_media":85057,"comment_status":"open","ping_status":"closed","sticky":false,"template":"","format":"standard","meta":{"fifu_image_url":"","fifu_image_alt":"","footnotes":""},"categories":[52072,26362,461],"tags":[],"class_list":["post-85056","post","type-post","status-publish","format-standard","has-post-thumbnail","hentry","category-a-historia-oficial-versus-as-lutas-do-proletariado-brasileiro","category-guerra-do-contestado","category-historia"],"_links":{"self":[{"href":"https:\/\/redept.com.br\/blogosfera\/wp-json\/wp\/v2\/posts\/85056","targetHints":{"allow":["GET"]}}],"collection":[{"href":"https:\/\/redept.com.br\/blogosfera\/wp-json\/wp\/v2\/posts"}],"about":[{"href":"https:\/\/redept.com.br\/blogosfera\/wp-json\/wp\/v2\/types\/post"}],"author":[{"embeddable":true,"href":"https:\/\/redept.com.br\/blogosfera\/wp-json\/wp\/v2\/users\/2"}],"replies":[{"embeddable":true,"href":"https:\/\/redept.com.br\/blogosfera\/wp-json\/wp\/v2\/comments?post=85056"}],"version-history":[{"count":0,"href":"https:\/\/redept.com.br\/blogosfera\/wp-json\/wp\/v2\/posts\/85056\/revisions"}],"wp:featuredmedia":[{"embeddable":true,"href":"https:\/\/redept.com.br\/blogosfera\/wp-json\/wp\/v2\/media\/85057"}],"wp:attachment":[{"href":"https:\/\/redept.com.br\/blogosfera\/wp-json\/wp\/v2\/media?parent=85056"}],"wp:term":[{"taxonomy":"category","embeddable":true,"href":"https:\/\/redept.com.br\/blogosfera\/wp-json\/wp\/v2\/categories?post=85056"},{"taxonomy":"post_tag","embeddable":true,"href":"https:\/\/redept.com.br\/blogosfera\/wp-json\/wp\/v2\/tags?post=85056"}],"curies":[{"name":"wp","href":"https:\/\/api.w.org\/{rel}","templated":true}]}}