{"id":85061,"date":"2026-04-28T11:07:21","date_gmt":"2026-04-28T14:07:21","guid":{"rendered":"https:\/\/redept.com.br\/blogosfera\/acao-da-pm-em-reserva-indigena-deixa-mortos-presos-e-vitimas-de-violencia-sexual-no-ms\/"},"modified":"2026-04-28T11:07:21","modified_gmt":"2026-04-28T14:07:21","slug":"acao-da-pm-em-reserva-indigena-deixa-mortos-presos-e-vitimas-de-violencia-sexual-no-ms","status":"publish","type":"post","link":"https:\/\/redept.com.br\/blogosfera\/acao-da-pm-em-reserva-indigena-deixa-mortos-presos-e-vitimas-de-violencia-sexual-no-ms\/","title":{"rendered":"A\u00e7\u00e3o da PM em reserva ind\u00edgena deixa mortos, presos e v\u00edtimas de viol\u00eancia sexual no MS"},"content":{"rendered":"<p><img fetchpriority=\"high\" width=\"600\" height=\"400\"src=\"https:\/\/redept.com.br\/blogosfera\/wp-content\/uploads\/2026\/04\/WhatsApp-Image-2026-04-28-at-110519.jpeg\" alt=\"\" link_thumbnail=\"\" decoding=\"async\" srcset=\"https:\/\/redept.com.br\/blogosfera\/wp-content\/uploads\/2026\/04\/WhatsApp-Image-2026-04-28-at-110519.jpeg 600w, https:\/\/averdade.org.br\/wp-content\/uploads\/2026\/04\/WhatsApp-Image-2026-04-28-at-11.05.19-350x233.jpeg 350w, https:\/\/averdade.org.br\/wp-content\/uploads\/2026\/04\/WhatsApp-Image-2026-04-28-at-11.05.19-250x167.jpeg 250w, https:\/\/averdade.org.br\/wp-content\/uploads\/2026\/04\/WhatsApp-Image-2026-04-28-at-11.05.19-150x100.jpeg 150w, https:\/\/averdade.org.br\/wp-content\/uploads\/2026\/04\/WhatsApp-Image-2026-04-28-at-11.05.19-300x200.jpeg 300w\" sizes=\"(max-width: 600px) 100vw, 600px\"><\/p>\n<p align=\"left\"><strong>A\u00e7\u00e3o da PM ocorreu ap\u00f3s retomada de fazenda por fam\u00edlias Guarani-Kaiow\u00e1 na regi\u00e3o de Amambai, no Mato Grosso do Sul. Conflito entre os dias 26 e 27 de abril deixou ao menos cinco mortos, incluindo duas crian\u00e7as.<\/strong><\/p>\n<p align=\"left\"><strong>Caio Potiguara | Maca\u00e9 (RJ)<\/strong><\/p>\n<hr>\n<p>BRASIL \u2013 Um violento confronto entre for\u00e7as de seguran\u00e7a do Mato Grosso do Sul e comunidades ind\u00edgenas Guarani e Guarani-Kaiow\u00e1 resultou em pelo menos cinco mortos, cinco presos e relatos de abuso sexual contra uma jovem, entre os dias 26 e 27 de abril de 2026. Os epis\u00f3dios ocorreram na regi\u00e3o da Reserva Lim\u00e3o Verde, entre os munic\u00edpios de Amambai e Coronel Sapucaia, na fronteira com o Paraguai.<\/p>\n<p align=\"left\">De acordo com publica\u00e7\u00f5es de entidades de defesa dos direitos ind\u00edgenas e lideran\u00e7as locais, a crise teve in\u00edcio na noite de s\u00e1bado (26), quando cerca de 80 fam\u00edlias realizaram a retomada da Fazenda Limoeiro, \u00e1rea que faz divisa com a reserva e est\u00e1 sobreposta ao tekoha (territ\u00f3rio tradicional) Tapykora Kora, dentro da Terra Ind\u00edgena Iguatemipegu\u00e1 II, em processo de demarca\u00e7\u00e3o desde 2008.<\/p>\n<p align=\"left\">Na manh\u00e3 de domingo (27), a Pol\u00edcia Militar e o Departamento de Opera\u00e7\u00f5es de Fronteira (DOF) lan\u00e7aram o que o Conselho Indigenista Mission\u00e1rio (Cimi) classificou como uma \u201copera\u00e7\u00e3o de guerra\u201d. Os agentes atacaram a aldeia Lim\u00e3o Verde com tiros e bombas, sem apresentar ordens judiciais, segundo relatos.<\/p>\n<h4 align=\"left\"><strong>Mortes e pris\u00f5es<\/strong><\/h4>\n<p align=\"left\">Em postagem feita ainda no domingo, uma p\u00e1gina de apoio aos ind\u00edgenas informou que a retomada do territ\u00f3rio Iguatemipegua terminou com cinco ind\u00edgenas mortos, entre eles duas crian\u00e7as, e cinco presos ap\u00f3s a a\u00e7\u00e3o policial. A informa\u00e7\u00e3o n\u00e3o foi confirmada oficialmente pelo governo do estado ou pela Pol\u00edcia Militar at\u00e9 a \u00faltima atualiza\u00e7\u00e3o desta reportagem.<\/p>\n<p align=\"left\">A regi\u00e3o concentra um dos mais longos e violentos conflitos fundi\u00e1rios do pa\u00eds. Os territ\u00f3rios reivindicados pelos Guarani-Kaiow\u00e1 j\u00e1 foram aprovados em estudos de demarca\u00e7\u00e3o, mas seguem ocupados por fazendeiros e sofrem com a lentid\u00e3o do processo burocr\u00e1tico federal.<\/p>\n<h4 align=\"left\"><strong>Relatos de abuso sexual e falta de \u00e1gua<\/strong><\/h4>\n<p align=\"left\">Em um dos posts mais graves, compartilhado na tarde de domingo (27), traz o relato de que uma jovem Guarani Kaiow\u00e1 teria sido v\u00edtima de abuso sexual durante a opera\u00e7\u00e3o policial na Aldeia Lim\u00e3o Verde. Segundo o texto, al\u00e9m do uso excessivo de for\u00e7a, a jovem sofreu agress\u00f5es f\u00edsicas e foi submetida \u00e0 viol\u00eancia sexual! configurando, na avalia\u00e7\u00e3o de entidades, grave viola\u00e7\u00e3o de direitos humanos.<\/p>\n<p align=\"left\">Em outro relato, um ind\u00edgena da aldeia afirmou ao Cimi: \u201cEst\u00e1 muito ruim aqui. Chegaram com muito \u00f3dio, sem di\u00e1logo, est\u00e3o atacando sem piedade. Pedimos socorro, nossas fam\u00edlias, idosos, est\u00e3o no rumo das bombas e tiros.\u201d<\/p>\n<p align=\"left\">As postagens tamb\u00e9m denunciam que as comunidades vivem em condi\u00e7\u00f5es prec\u00e1rias, sem sequer acesso a \u00e1gua pot\u00e1vel, e que lideran\u00e7as ind\u00edgenas v\u00eam sendo criminalizadas sistematicamente.<\/p>\n<h4 align=\"left\"><strong>A mesma l\u00f3gica de sempre<\/strong><\/h4>\n<p align=\"left\">O que aconteceu em Lim\u00e3o Verde \u00e9 a express\u00e3o mais crua de um sistema que h\u00e1 s\u00e9culos trata a terra como mercadoria e a vida ind\u00edgena como problema. O capitalismo agroexportador brasileiro n\u00e3o se sustenta sem viol\u00eancia: ele exige cercas, t\u00edtulos de propriedade, jagun\u00e7os, pol\u00edcia e ju\u00edzes que deem cobertura jur\u00eddica \u00e0 expuls\u00e3o de quem veio primeiro.<\/p>\n<p align=\"left\">Os latifundi\u00e1rios do Mato Grosso do Sul n\u00e3o agem sozinhos, eles agem com o Estado capitalista a reboque, com o Congresso Nacional blindando a grilagem e com a opini\u00e3o p\u00fablica acostumada a ver corpos ind\u00edgenas como \u201ccustos do progresso\u201d. Enquanto houver lucro em cima da soja, do boi e da cana plantados sobre territ\u00f3rios roubados, haver\u00e1 pol\u00edcia atirando em crian\u00e7a e jovem sendo estuprada dentro da pr\u00f3pria casa. A barb\u00e1rie de 27 de abril de 2026 n\u00e3o \u00e9 um acidente. \u00c9 o capitalismo funcionando exatamente como foi projetado.<\/p>\n<!-- Begin Yuzo --><div class='yuzo_related_post style-1'  data-version='5.12.89'><!-- without result --><div class='yuzo_clearfixed yuzo__title yuzo__title'><h3>Related Post<\/h3><\/div>\n\t\t\t\t\t\t  <div class=\"relatedthumb \" style=\"width:125px;float:left;overflow:hidden;\">  \n\t\t\t\t\t\t\t  \n\t\t\t\t\t\t\t  <a  href=\"https:\/\/redept.com.br\/blogosfera\/efemerides-de-outubro-quais-as-datas-e-feriados-de-outubro-de-2025\/\"  >\n\t\t\t\t\t\t\t\t\t  <div class=\"yuzo-img-wrap \" style=\"width: 125px;height:90px;\">\n\t\t\t\t\t\t\t\t\t\t\n\t\t\t\t\t\t\t\t\t\t<div class=\"yuzo-img\" style=\"background:url('https:\/\/redept.com.br\/blogosfera\/wp-content\/uploads\/2025\/10\/arte-outubro-2025-150x150.jpg') 50% 50% no-repeat;width: 125px;height:90px;margin-bottom: 5px;background-size: cover; \"><\/div>\n\t\t\t\t\t\t\t\t\t  <\/div>\n\t\t\t\t\t\t\t\t\t  \n\t\t\t\t\t\t\t\t   <span class=\"yuzo__text--title\" style=\"font-size:13px;\">Efem\u00e9rides de outubro: quais as datas e feriados d...<\/span>\n\t\t\t\t\t\t\t  \n\t\t\t\t\t\t\t  \n\t\t\t\t\t\t\t  <\/a>\n\n\t\t\t\t\t\t  <\/div>\n\t\t\t\t\t\t  <div class=\"relatedthumb \" style=\"width:125px;float:left;overflow:hidden;\">  \n\t\t\t\t\t\t\t  \n\t\t\t\t\t\t\t  <a  href=\"https:\/\/redept.com.br\/blogosfera\/reflexoes-sobre-a-participacao-popular-na-revisao-do-plano-diretor-de-curitiba-pr\/\"  >\n\t\t\t\t\t\t\t\t\t  <div class=\"yuzo-img-wrap \" style=\"width: 125px;height:90px;\">\n\t\t\t\t\t\t\t\t\t\t\n\t\t\t\t\t\t\t\t\t\t<div class=\"yuzo-img\" style=\"background:url('https:\/\/redept.org\/blogosfera\/wp-content\/plugins\/yuzo-related-post\/assets\/images\/default.png') 50% 50% no-repeat;width: 125px;height:90px;margin-bottom: 5px;background-size: cover; \"><\/div>\n\t\t\t\t\t\t\t\t\t  <\/div>\n\t\t\t\t\t\t\t\t\t  \n\t\t\t\t\t\t\t\t   <span class=\"yuzo__text--title\" style=\"font-size:13px;\">Reflex\u00f5es sobre a participa\u00e7\u00e3o popular na revis\u00e3o ...<\/span>\n\t\t\t\t\t\t\t  \n\t\t\t\t\t\t\t  \n\t\t\t\t\t\t\t  <\/a>\n\n\t\t\t\t\t\t  <\/div>\n\t\t\t\t\t\t  <div class=\"relatedthumb \" style=\"width:125px;float:left;overflow:hidden;\">  \n\t\t\t\t\t\t\t  \n\t\t\t\t\t\t\t  <a  href=\"https:\/\/redept.com.br\/blogosfera\/me-conta-brasil-ecoturismo-nos-parques-nacionais-episodio-39\/\"  >\n\t\t\t\t\t\t\t\t\t  <div class=\"yuzo-img-wrap \" style=\"width: 125px;height:90px;\">\n\t\t\t\t\t\t\t\t\t\t\n\t\t\t\t\t\t\t\t\t\t<div class=\"yuzo-img\" style=\"background:url('https:\/\/redept.org\/blogosfera\/wp-content\/plugins\/yuzo-related-post\/assets\/images\/default.png') 50% 50% no-repeat;width: 125px;height:90px;margin-bottom: 5px;background-size: cover; \"><\/div>\n\t\t\t\t\t\t\t\t\t  <\/div>\n\t\t\t\t\t\t\t\t\t  \n\t\t\t\t\t\t\t\t   <span class=\"yuzo__text--title\" style=\"font-size:13px;\">Me Conta, Brasil \u2013 Ecoturismo nos Parques Nacionai...<\/span>\n\t\t\t\t\t\t\t  \n\t\t\t\t\t\t\t  \n\t\t\t\t\t\t\t  <\/a>\n\n\t\t\t\t\t\t  <\/div>\n\t\t\t\t\t\t  <div class=\"relatedthumb \" style=\"width:125px;float:left;overflow:hidden;\">  \n\t\t\t\t\t\t\t  \n\t\t\t\t\t\t\t  <a  href=\"https:\/\/redept.com.br\/blogosfera\/brics-tera-declaracoes-de-ia-doencas-socialmente-determinadas-e-clima\/\"  >\n\t\t\t\t\t\t\t\t\t  <div class=\"yuzo-img-wrap \" style=\"width: 125px;height:90px;\">\n\t\t\t\t\t\t\t\t\t\t\n\t\t\t\t\t\t\t\t\t\t<div class=\"yuzo-img\" style=\"background:url('https:\/\/redept.org\/blogosfera\/wp-content\/plugins\/yuzo-related-post\/assets\/images\/default.png') 50% 50% no-repeat;width: 125px;height:90px;margin-bottom: 5px;background-size: cover; \"><\/div>\n\t\t\t\t\t\t\t\t\t  <\/div>\n\t\t\t\t\t\t\t\t\t  \n\t\t\t\t\t\t\t\t   <span class=\"yuzo__text--title\" style=\"font-size:13px;\">Brics ter\u00e1 declara\u00e7\u00f5es de IA, doen\u00e7as socialmente ...<\/span>\n\t\t\t\t\t\t\t  \n\t\t\t\t\t\t\t  \n\t\t\t\t\t\t\t  <\/a>\n\n\t\t\t\t\t\t  <\/div>\n<\/div> <script>\n\t\t\t\t\t\t  jQuery(document).ready(function( $ ){\n\t\t\t\t\t\t\t\/\/jQuery('.yuzo_related_post').equalizer({ overflow : 'relatedthumb' });\n\t\t\t\t\t\t\tjQuery('.yuzo_related_post .yuzo_wraps').equalizer({ columns : '> div' });\n\t\t\t\t\t\t   })\n\t\t\t\t\t\t  <\/script> <!-- End Yuzo :) -->","protected":false},"excerpt":{"rendered":"<p><img decoding=\"async\" width=\"600\" height=\"400\" src=\"https:\/\/averdade.org.br\/wp-content\/uploads\/2026\/04\/WhatsApp-Image-2026-04-28-at-11.05.19.jpeg\" alt=\"\">A\u00e7\u00e3o da PM ocorreu ap\u00f3s retomada de fazenda por fam\u00edlias Guarani-Kaiow\u00e1 na regi\u00e3o de Amambai, no Mato Grosso do Sul. Conflito entre os dias 26 e 27 de abril deixou ao menos cinco mortos, incluindo duas crian\u00e7as. Caio Potiguara | Maca\u00e9 (RJ) BRASIL \u2013 Um violento confronto entre for\u00e7as de seguran\u00e7a do Mato Grosso do [\u2026]<\/p>\n","protected":false},"author":2,"featured_media":85062,"comment_status":"open","ping_status":"closed","sticky":false,"template":"","format":"standard","meta":{"fifu_image_url":"","fifu_image_alt":"","footnotes":""},"categories":[45,4695,761,52110,9505,2099,4468,51],"tags":[],"class_list":["post-85061","post","type-post","status-publish","format-standard","has-post-thumbnail","hentry","category-brasil","category-guarani-kaiowa","category-indigenas","category-ms","category-operacao","category-pm","category-territorio-indigena","category-ultimas-noticias"],"_links":{"self":[{"href":"https:\/\/redept.com.br\/blogosfera\/wp-json\/wp\/v2\/posts\/85061","targetHints":{"allow":["GET"]}}],"collection":[{"href":"https:\/\/redept.com.br\/blogosfera\/wp-json\/wp\/v2\/posts"}],"about":[{"href":"https:\/\/redept.com.br\/blogosfera\/wp-json\/wp\/v2\/types\/post"}],"author":[{"embeddable":true,"href":"https:\/\/redept.com.br\/blogosfera\/wp-json\/wp\/v2\/users\/2"}],"replies":[{"embeddable":true,"href":"https:\/\/redept.com.br\/blogosfera\/wp-json\/wp\/v2\/comments?post=85061"}],"version-history":[{"count":0,"href":"https:\/\/redept.com.br\/blogosfera\/wp-json\/wp\/v2\/posts\/85061\/revisions"}],"wp:featuredmedia":[{"embeddable":true,"href":"https:\/\/redept.com.br\/blogosfera\/wp-json\/wp\/v2\/media\/85062"}],"wp:attachment":[{"href":"https:\/\/redept.com.br\/blogosfera\/wp-json\/wp\/v2\/media?parent=85061"}],"wp:term":[{"taxonomy":"category","embeddable":true,"href":"https:\/\/redept.com.br\/blogosfera\/wp-json\/wp\/v2\/categories?post=85061"},{"taxonomy":"post_tag","embeddable":true,"href":"https:\/\/redept.com.br\/blogosfera\/wp-json\/wp\/v2\/tags?post=85061"}],"curies":[{"name":"wp","href":"https:\/\/api.w.org\/{rel}","templated":true}]}}