{"id":85063,"date":"2026-04-28T11:49:52","date_gmt":"2026-04-28T14:49:52","guid":{"rendered":"https:\/\/redept.com.br\/blogosfera\/1a-feijoada-para-ogum-do-mst-em-sao-paulo\/"},"modified":"2026-04-28T11:49:52","modified_gmt":"2026-04-28T14:49:52","slug":"1a-feijoada-para-ogum-do-mst-em-sao-paulo","status":"publish","type":"post","link":"https:\/\/redept.com.br\/blogosfera\/1a-feijoada-para-ogum-do-mst-em-sao-paulo\/","title":{"rendered":"1\u00aa Feijoada para Ogum do MST em S\u00e3o Paulo"},"content":{"rendered":"<div data-foogallery='{\"item\":{\"showCaptionTitle\":false,\"showCaptionDescription\":true},\"lazy\":true,\"template\":{\"rowHeight\":200,\"maxRowHeight\":250,\"margins\":2,\"align\":\"center\",\"lastRow\":\"smart\"}}'>\n<div>\n<figure><figcaption>\n<div>\n<div>Foto: Marta Gomes<\/div>\n<\/div>\n<\/figcaption><\/figure>\n<div><\/div>\n<\/div>\n<div>\n<figure><figcaption>\n<div>\n<div>Foto: Marta Gomes<\/div>\n<\/div>\n<\/figcaption><\/figure>\n<div><\/div>\n<\/div>\n<div>\n<figure><figcaption>\n<div>\n<div>Foto: Marta Gomes<\/div>\n<\/div>\n<\/figcaption><\/figure>\n<div><\/div>\n<\/div>\n<div>\n<figure><figcaption>\n<div>\n<div>Foto: Marta Gomes<\/div>\n<\/div>\n<\/figcaption><\/figure>\n<div><\/div>\n<\/div>\n<div>\n<figure><figcaption>\n<div>\n<div>Foto: Marta Gomes<\/div>\n<\/div>\n<\/figcaption><\/figure>\n<div><\/div>\n<\/div>\n<div>\n<figure><figcaption>\n<div>\n<div>Foto: Marta Gomes<\/div>\n<\/div>\n<\/figcaption><\/figure>\n<div><\/div>\n<\/div>\n<div>\n<figure><figcaption>\n<div>\n<div>Foto: Marta Gomes<\/div>\n<\/div>\n<\/figcaption><\/figure>\n<div><\/div>\n<\/div>\n<div>\n<figure><figcaption>\n<div>\n<div>Foto: Marta Gomes<\/div>\n<\/div>\n<\/figcaption><\/figure>\n<div><\/div>\n<\/div>\n<div>\n<figure><figcaption>\n<div>\n<div>Foto: Marta Gomes<\/div>\n<\/div>\n<\/figcaption><\/figure>\n<div><\/div>\n<\/div>\n<div>\n<figure><figcaption>\n<div>\n<div>Foto: Marta Gomes<\/div>\n<\/div>\n<\/figcaption><\/figure>\n<div><\/div>\n<\/div>\n<div>\n<figure><figcaption>\n<div>\n<div>Foto: Marta Gomes<\/div>\n<\/div>\n<\/figcaption><\/figure>\n<div><\/div>\n<\/div>\n<div>\n<figure><figcaption>\n<div>\n<div>Foto: Marta Gomes<\/div>\n<\/div>\n<\/figcaption><\/figure>\n<div><\/div>\n<\/div>\n<div>\n<figure><figcaption>\n<div>\n<div>Foto: Marta Gomes<\/div>\n<\/div>\n<\/figcaption><\/figure>\n<div><\/div>\n<\/div>\n<div>\n<figure><figcaption>\n<div>\n<div>Foto: Marta Gomes<\/div>\n<\/div>\n<\/figcaption><\/figure>\n<div><\/div>\n<\/div>\n<div>\n<figure><figcaption>\n<div>\n<div>Foto: Marta Gomes<\/div>\n<\/div>\n<\/figcaption><\/figure>\n<div><\/div>\n<\/div>\n<div>\n<figure><figcaption>\n<div>\n<div>Foto: Marta Gomes<\/div>\n<\/div>\n<\/figcaption><\/figure>\n<div><\/div>\n<\/div>\n<div>\n<figure><figcaption>\n<div>\n<div>Foto: Marta Gomes<\/div>\n<\/div>\n<\/figcaption><\/figure>\n<div><\/div>\n<\/div>\n<div>\n<figure><figcaption>\n<div>\n<div>Foto: Marta Gomes<\/div>\n<\/div>\n<\/figcaption><\/figure>\n<div><\/div>\n<\/div>\n<div>\n<figure><figcaption>\n<div>\n<div>Foto: Marta Gomes<\/div>\n<\/div>\n<\/figcaption><\/figure>\n<div><\/div>\n<\/div>\n<div>\n<figure><figcaption>\n<div>\n<div>Foto: Marta Gomes<\/div>\n<\/div>\n<\/figcaption><\/figure>\n<div><\/div>\n<\/div>\n<div>\n<figure><figcaption>\n<div>\n<div>Foto: Marta Gomes<\/div>\n<\/div>\n<\/figcaption><\/figure>\n<div><\/div>\n<\/div>\n<div>\n<figure><figcaption>\n<div>\n<div>Foto: Marta Gomes<\/div>\n<\/div>\n<\/figcaption><\/figure>\n<div><\/div>\n<\/div>\n<div>\n<figure><figcaption>\n<div>\n<div>Foto: Marta Gomes<\/div>\n<\/div>\n<\/figcaption><\/figure>\n<div><\/div>\n<\/div>\n<div>\n<figure><figcaption>\n<div>\n<div>Foto: Marta Gomes<\/div>\n<\/div>\n<\/figcaption><\/figure>\n<div><\/div>\n<\/div>\n<div>\n<figure><figcaption>\n<div>\n<div>Foto: Marta Gomes<\/div>\n<\/div>\n<\/figcaption><\/figure>\n<div><\/div>\n<\/div>\n<div>\n<figure><figcaption>\n<div>\n<div>Foto: Marta Gomes<\/div>\n<\/div>\n<\/figcaption><\/figure>\n<div><\/div>\n<\/div>\n<div>\n<figure><figcaption>\n<div>\n<div>Foto: Marta Gomes<\/div>\n<\/div>\n<\/figcaption><\/figure>\n<div><\/div>\n<\/div>\n<div>\n<figure><figcaption>\n<div>\n<div>Foto: Marta Gomes<\/div>\n<\/div>\n<\/figcaption><\/figure>\n<div><\/div>\n<\/div>\n<div>\n<figure><figcaption>\n<div>\n<div>Foto: Marta Gomes<\/div>\n<\/div>\n<\/figcaption><\/figure>\n<div><\/div>\n<\/div>\n<div>\n<figure><figcaption>\n<div>\n<div>Foto: Marta Gomes<\/div>\n<\/div>\n<\/figcaption><\/figure>\n<div><\/div>\n<\/div>\n<div>\n<figure><figcaption>\n<div>\n<div>Foto: Marta Gomes<\/div>\n<\/div>\n<\/figcaption><\/figure>\n<div><\/div>\n<\/div>\n<div>\n<figure><figcaption>\n<div>\n<div>Foto: Marta Gomes<\/div>\n<\/div>\n<\/figcaption><\/figure>\n<div><\/div>\n<\/div>\n<div>\n<figure><figcaption>\n<div>\n<div>Foto: Marta Gomes<\/div>\n<\/div>\n<\/figcaption><\/figure>\n<div><\/div>\n<\/div>\n<div>\n<figure><figcaption>\n<div>\n<div>Foto: Marta Gomes<\/div>\n<\/div>\n<\/figcaption><\/figure>\n<div><\/div>\n<\/div>\n<div>\n<figure><\/figure>\n<div><\/div>\n<\/div>\n<div>\n<figure><figcaption>\n<div>\n<div>Foto: Marta Gomes<\/div>\n<\/div>\n<\/figcaption><\/figure>\n<div><\/div>\n<\/div>\n<div>\n<figure><figcaption>\n<div>\n<div>Foto: Regina Jer\u00f4nimo<\/div>\n<\/div>\n<\/figcaption><\/figure>\n<div><\/div>\n<\/div>\n<div>\n<figure><figcaption>\n<div>\n<div>Foto: Regina Jer\u00f4nimo<\/div>\n<\/div>\n<\/figcaption><\/figure>\n<div><\/div>\n<\/div>\n<div>\n<figure><figcaption>\n<div>\n<div>Foto: Regina Jer\u00f4nimo<\/div>\n<\/div>\n<\/figcaption><\/figure>\n<div><\/div>\n<\/div>\n<div>\n<figure><figcaption>\n<div>\n<div>Foto: Regina Jer\u00f4nimo<\/div>\n<\/div>\n<\/figcaption><\/figure>\n<div><\/div>\n<\/div>\n<div>\n<figure><figcaption>\n<div>\n<div>Foto: Regina Jer\u00f4nimo<\/div>\n<\/div>\n<\/figcaption><\/figure>\n<div><\/div>\n<\/div>\n<div>\n<figure><figcaption>\n<div>\n<div>Foto: Regina Jer\u00f4nimo<\/div>\n<\/div>\n<\/figcaption><\/figure>\n<div><\/div>\n<\/div>\n<div>\n<figure><figcaption>\n<div>\n<div>Foto: Regina Jer\u00f4nimo<\/div>\n<\/div>\n<\/figcaption><\/figure>\n<div><\/div>\n<\/div>\n<div>\n<figure><figcaption>\n<div>\n<div>Foto: Regina Jer\u00f4nimo<\/div>\n<\/div>\n<\/figcaption><\/figure>\n<div><\/div>\n<\/div>\n<div>\n<figure><figcaption>\n<div>\n<div>Foto: Regina Jer\u00f4nimo<\/div>\n<\/div>\n<\/figcaption><\/figure>\n<div><\/div>\n<\/div>\n<div>\n<figure><figcaption>\n<div>\n<div>Foto: Regina Jer\u00f4nimo<\/div>\n<\/div>\n<\/figcaption><\/figure>\n<div><\/div>\n<\/div>\n<div>\n<figure><figcaption>\n<div>\n<div>Foto: Regina Jer\u00f4nimo<\/div>\n<\/div>\n<\/figcaption><\/figure>\n<div><\/div>\n<\/div>\n<div>\n<figure><figcaption>\n<div>\n<div>Foto: Regina Jer\u00f4nimo<\/div>\n<\/div>\n<\/figcaption><\/figure>\n<div><\/div>\n<\/div>\n<div>\n<figure><figcaption>\n<div>\n<div>Foto: Regina Jer\u00f4nimo<\/div>\n<\/div>\n<\/figcaption><\/figure>\n<div><\/div>\n<\/div>\n<div>\n<figure><figcaption>\n<div>\n<div>Foto: Regina Jer\u00f4nimo<\/div>\n<\/div>\n<\/figcaption><\/figure>\n<div><\/div>\n<\/div>\n<div>\n<figure><figcaption>\n<div>\n<div>Foto: Regina Jer\u00f4nimo<\/div>\n<\/div>\n<\/figcaption><\/figure>\n<div><\/div>\n<\/div>\n<div>\n<figure><figcaption>\n<div>\n<div>Foto: Regina Jer\u00f4nimo<\/div>\n<\/div>\n<\/figcaption><\/figure>\n<div><\/div>\n<\/div>\n<div>\n<figure><figcaption>\n<div>\n<div>Foto: Regina Jer\u00f4nimo<\/div>\n<\/div>\n<\/figcaption><\/figure>\n<div><\/div>\n<\/div>\n<div>\n<figure><figcaption>\n<div>\n<div>Foto: Regina Jer\u00f4nimo<\/div>\n<\/div>\n<\/figcaption><\/figure>\n<div><\/div>\n<\/div>\n<div>\n<figure><figcaption>\n<div>\n<div>Foto: Regina Jer\u00f4nimo<\/div>\n<\/div>\n<\/figcaption><\/figure>\n<div><\/div>\n<\/div>\n<div>\n<figure><figcaption>\n<div>\n<div>Foto: Regina Jer\u00f4nimo<\/div>\n<\/div>\n<\/figcaption><\/figure>\n<div><\/div>\n<\/div>\n<div>\n<figure><figcaption>\n<div>\n<div>Foto: Regina Jer\u00f4nimo<\/div>\n<\/div>\n<\/figcaption><\/figure>\n<div><\/div>\n<\/div>\n<div>\n<figure><figcaption>\n<div>\n<div>Foto: Regina Jer\u00f4nimo<\/div>\n<\/div>\n<\/figcaption><\/figure>\n<div><\/div>\n<\/div>\n<div>\n<figure><figcaption>\n<div>\n<div>Foto: Regina Jer\u00f4nimo<\/div>\n<\/div>\n<\/figcaption><\/figure>\n<div><\/div>\n<\/div>\n<div>\n<figure><figcaption>\n<div>\n<div>Foto: Regina Jer\u00f4nimo<\/div>\n<\/div>\n<\/figcaption><\/figure>\n<div><\/div>\n<\/div>\n<div>\n<figure><figcaption>\n<div>\n<div>Foto: Regina Jer\u00f4nimo<\/div>\n<\/div>\n<\/figcaption><\/figure>\n<div><\/div>\n<\/div>\n<div>\n<figure><figcaption>\n<div>\n<div>Foto: Regina Jer\u00f4nimo<\/div>\n<\/div>\n<\/figcaption><\/figure>\n<div><\/div>\n<\/div>\n<div>\n<figure><figcaption>\n<div>\n<div>Foto: Regina Jer\u00f4nimo<\/div>\n<\/div>\n<\/figcaption><\/figure>\n<div><\/div>\n<\/div>\n<div>\n<figure><figcaption>\n<div>\n<div>Foto: Regina Jer\u00f4nimo<\/div>\n<\/div>\n<\/figcaption><\/figure>\n<div><\/div>\n<\/div>\n<div>\n<figure><figcaption>\n<div>\n<div>Foto: Regina Jer\u00f4nimo<\/div>\n<\/div>\n<\/figcaption><\/figure>\n<div><\/div>\n<\/div>\n<div>\n<figure><figcaption>\n<div>\n<div>Foto: Regina Jer\u00f4nimo<\/div>\n<\/div>\n<\/figcaption><\/figure>\n<div><\/div>\n<\/div>\n<div>\n<figure><figcaption>\n<div>\n<div>Foto: Regina Jer\u00f4nimo<\/div>\n<\/div>\n<\/figcaption><\/figure>\n<div><\/div>\n<\/div>\n<div>\n<figure><figcaption>\n<div>\n<div>Foto: @camposeliseos.sp<\/div>\n<\/div>\n<\/figcaption><\/figure>\n<div><\/div>\n<\/div>\n<div>\n<figure><figcaption>\n<div>\n<div>Foto: @camposeliseos.sp<\/div>\n<\/div>\n<\/figcaption><\/figure>\n<div><\/div>\n<\/div>\n<div>\n<figure><figcaption>\n<div>\n<div>Foto: @camposeliseos.sp<\/div>\n<\/div>\n<\/figcaption><\/figure>\n<div><\/div>\n<\/div>\n<div>\n<figure><figcaption>\n<div>\n<div>Foto: @camposeliseos.sp<\/div>\n<\/div>\n<\/figcaption><\/figure>\n<div><\/div>\n<\/div>\n<div>\n<figure><figcaption>\n<div>\n<div>Foto: @camposeliseos.sp<\/div>\n<\/div>\n<\/figcaption><\/figure>\n<div><\/div>\n<\/div>\n<div>\n<figure><figcaption>\n<div>\n<div>Foto: @camposeliseos.sp<\/div>\n<\/div>\n<\/figcaption><\/figure>\n<div><\/div>\n<\/div>\n<div>\n<figure><figcaption>\n<div>\n<div>Foto: @camposeliseos.sp<\/div>\n<\/div>\n<\/figcaption><\/figure>\n<div><\/div>\n<\/div>\n<\/div>\n<p>O post <a href=\"https:\/\/mst.org.br\/2026\/04\/28\/1a-feijoada-para-ogum-do-mst-em-sao-paulo\/\">1\u00aa Feijoada para Ogum do MST em S\u00e3o Paulo<\/a> apareceu primeiro em <a href=\"https:\/\/mst.org.br\/\">MST<\/a>.<\/p>\n<!-- Begin Yuzo --><div class='yuzo_related_post style-1'  data-version='5.12.89'><!-- without result --><div class='yuzo_clearfixed yuzo__title yuzo__title'><h3>Related Post<\/h3><\/div>\n\t\t\t\t\t\t  <div class=\"relatedthumb \" style=\"width:125px;float:left;overflow:hidden;\">  \n\t\t\t\t\t\t\t  \n\t\t\t\t\t\t\t  <a  href=\"https:\/\/redept.com.br\/blogosfera\/especulacao-imobiliaria-e-a-maior-ameaca-a-direitos-de-pescadores-diz-estudo\/\"  >\n\t\t\t\t\t\t\t\t\t  <div class=\"yuzo-img-wrap \" style=\"width: 125px;height:90px;\">\n\t\t\t\t\t\t\t\t\t\t\n\t\t\t\t\t\t\t\t\t\t<div class=\"yuzo-img\" style=\"background:url('https:\/\/redept.org\/blogosfera\/wp-content\/plugins\/yuzo-related-post\/assets\/images\/default.png') 50% 50% no-repeat;width: 125px;height:90px;margin-bottom: 5px;background-size: cover; \"><\/div>\n\t\t\t\t\t\t\t\t\t  <\/div>\n\t\t\t\t\t\t\t\t\t  \n\t\t\t\t\t\t\t\t   <span class=\"yuzo__text--title\" style=\"font-size:13px;\">Especula\u00e7\u00e3o imobili\u00e1ria \u00e9 a maior amea\u00e7a a direito...<\/span>\n\t\t\t\t\t\t\t  \n\t\t\t\t\t\t\t  \n\t\t\t\t\t\t\t  <\/a>\n\n\t\t\t\t\t\t  <\/div>\n\t\t\t\t\t\t  <div class=\"relatedthumb \" style=\"width:125px;float:left;overflow:hidden;\">  \n\t\t\t\t\t\t\t  \n\t\t\t\t\t\t\t  <a  href=\"https:\/\/redept.com.br\/blogosfera\/cdh-aprova-reserva-de-vagas-de-estagio-para-negros-indigenas-e-outros-grupos-em-busca-de-equidade\/\"  >\n\t\t\t\t\t\t\t\t\t  <div class=\"yuzo-img-wrap \" style=\"width: 125px;height:90px;\">\n\t\t\t\t\t\t\t\t\t\t\n\t\t\t\t\t\t\t\t\t\t<div class=\"yuzo-img\" style=\"background:url('https:\/\/redept.org\/blogosfera\/wp-content\/plugins\/yuzo-related-post\/assets\/images\/default.png') 50% 50% no-repeat;width: 125px;height:90px;margin-bottom: 5px;background-size: cover; \"><\/div>\n\t\t\t\t\t\t\t\t\t  <\/div>\n\t\t\t\t\t\t\t\t\t  \n\t\t\t\t\t\t\t\t   <span class=\"yuzo__text--title\" style=\"font-size:13px;\">CDH aprova reserva de vagas de est\u00e1gio para negros...<\/span>\n\t\t\t\t\t\t\t  \n\t\t\t\t\t\t\t  \n\t\t\t\t\t\t\t  <\/a>\n\n\t\t\t\t\t\t  <\/div>\n\t\t\t\t\t\t  <div class=\"relatedthumb \" style=\"width:125px;float:left;overflow:hidden;\">  \n\t\t\t\t\t\t\t  \n\t\t\t\t\t\t\t  <a  href=\"https:\/\/redept.com.br\/blogosfera\/fake-news-de-nikolas-ferreira-sobre-pix-favoreceu-pcc-e-deputado-pode-se-dar-muito-mal\/\"  >\n\t\t\t\t\t\t\t\t\t  <div class=\"yuzo-img-wrap \" style=\"width: 125px;height:90px;\">\n\t\t\t\t\t\t\t\t\t\t\n\t\t\t\t\t\t\t\t\t\t<div class=\"yuzo-img\" style=\"background:url('https:\/\/redept.org\/blogosfera\/wp-content\/plugins\/yuzo-related-post\/assets\/images\/default.png') 50% 50% no-repeat;width: 125px;height:90px;margin-bottom: 5px;background-size: cover; \"><\/div>\n\t\t\t\t\t\t\t\t\t  <\/div>\n\t\t\t\t\t\t\t\t\t  \n\t\t\t\t\t\t\t\t   <span class=\"yuzo__text--title\" style=\"font-size:13px;\">Fake news de Nikolas Ferreira sobre Pix favoreceu ...<\/span>\n\t\t\t\t\t\t\t  \n\t\t\t\t\t\t\t  \n\t\t\t\t\t\t\t  <\/a>\n\n\t\t\t\t\t\t  <\/div>\n\t\t\t\t\t\t  <div class=\"relatedthumb \" style=\"width:125px;float:left;overflow:hidden;\">  \n\t\t\t\t\t\t\t  \n\t\t\t\t\t\t\t  <a  href=\"https:\/\/redept.com.br\/blogosfera\/ira-leva-pertences-de-criancas-assassinadas-a-negociacoes-com-o-s-eua\/\"  >\n\t\t\t\t\t\t\t\t\t  <div class=\"yuzo-img-wrap \" style=\"width: 125px;height:90px;\">\n\t\t\t\t\t\t\t\t\t\t\n\t\t\t\t\t\t\t\t\t\t<div class=\"yuzo-img\" style=\"background:url('https:\/\/redept.com.br\/blogosfera\/wp-content\/uploads\/2026\/04\/thumbs_b_6e443b380cf30ea8e85d3824ab4811b2-150x150.jpg') 50% 50% no-repeat;width: 125px;height:90px;margin-bottom: 5px;background-size: cover; \"><\/div>\n\t\t\t\t\t\t\t\t\t  <\/div>\n\t\t\t\t\t\t\t\t\t  \n\t\t\t\t\t\t\t\t   <span class=\"yuzo__text--title\" style=\"font-size:13px;\">Ir\u00e3 leva pertences de crian\u00e7as assassinadas a nego...<\/span>\n\t\t\t\t\t\t\t  \n\t\t\t\t\t\t\t  \n\t\t\t\t\t\t\t  <\/a>\n\n\t\t\t\t\t\t  <\/div>\n<\/div> <script>\n\t\t\t\t\t\t  jQuery(document).ready(function( $ ){\n\t\t\t\t\t\t\t\/\/jQuery('.yuzo_related_post').equalizer({ overflow : 'relatedthumb' });\n\t\t\t\t\t\t\tjQuery('.yuzo_related_post .yuzo_wraps').equalizer({ columns : '> div' });\n\t\t\t\t\t\t   })\n\t\t\t\t\t\t  <\/script> <!-- End Yuzo :) -->","protected":false},"excerpt":{"rendered":"<p>Foto: Marta Gomes Foto: Marta Gomes Foto: Marta Gomes Foto: Marta Gomes Foto: Marta Gomes Foto: Marta Gomes Foto: Marta Gomes Foto: Marta Gomes Foto: Marta Gomes Foto: Marta Gomes Foto: Marta Gomes Foto: Marta Gomes Foto: Marta Gomes Foto: Marta Gomes Foto: Marta Gomes Foto: Marta Gomes Foto: Marta Gomes Foto: Marta Gomes Foto: [&hellip;]<\/p>\n","protected":false},"author":2,"featured_media":0,"comment_status":"open","ping_status":"closed","sticky":false,"template":"","format":"standard","meta":{"fifu_image_url":"","fifu_image_alt":"","footnotes":""},"categories":[191],"tags":[],"class_list":["post-85063","post","type-post","status-publish","format-standard","hentry","category-noticias"],"_links":{"self":[{"href":"https:\/\/redept.com.br\/blogosfera\/wp-json\/wp\/v2\/posts\/85063","targetHints":{"allow":["GET"]}}],"collection":[{"href":"https:\/\/redept.com.br\/blogosfera\/wp-json\/wp\/v2\/posts"}],"about":[{"href":"https:\/\/redept.com.br\/blogosfera\/wp-json\/wp\/v2\/types\/post"}],"author":[{"embeddable":true,"href":"https:\/\/redept.com.br\/blogosfera\/wp-json\/wp\/v2\/users\/2"}],"replies":[{"embeddable":true,"href":"https:\/\/redept.com.br\/blogosfera\/wp-json\/wp\/v2\/comments?post=85063"}],"version-history":[{"count":0,"href":"https:\/\/redept.com.br\/blogosfera\/wp-json\/wp\/v2\/posts\/85063\/revisions"}],"wp:attachment":[{"href":"https:\/\/redept.com.br\/blogosfera\/wp-json\/wp\/v2\/media?parent=85063"}],"wp:term":[{"taxonomy":"category","embeddable":true,"href":"https:\/\/redept.com.br\/blogosfera\/wp-json\/wp\/v2\/categories?post=85063"},{"taxonomy":"post_tag","embeddable":true,"href":"https:\/\/redept.com.br\/blogosfera\/wp-json\/wp\/v2\/tags?post=85063"}],"curies":[{"name":"wp","href":"https:\/\/api.w.org\/{rel}","templated":true}]}}