{"id":85064,"date":"2026-04-28T11:31:59","date_gmt":"2026-04-28T14:31:59","guid":{"rendered":"https:\/\/redept.com.br\/blogosfera\/essilorluxottica-descumpre-acordo-coletivo-que-acabava-com-a-escala-6x1\/"},"modified":"2026-04-28T11:31:59","modified_gmt":"2026-04-28T14:31:59","slug":"essilorluxottica-descumpre-acordo-coletivo-que-acabava-com-a-escala-6x1","status":"publish","type":"post","link":"https:\/\/redept.com.br\/blogosfera\/essilorluxottica-descumpre-acordo-coletivo-que-acabava-com-a-escala-6x1\/","title":{"rendered":"EssilorLuxottica descumpre acordo coletivo que acabava com a escala 6\u00d71"},"content":{"rendered":"<p><img fetchpriority=\"high\" width=\"1600\" height=\"1200\"src=\"https:\/\/redept.com.br\/blogosfera\/wp-content\/uploads\/2026\/04\/1000329509.jpg\" alt=\"Brigadistas do Jornal A Verdade recolhendo denuncias dos oper\u00e1rios da EssilorLuxottica (foto: Jornal a Verdade)\" link_thumbnail=\"\" decoding=\"async\" srcset=\"https:\/\/redept.com.br\/blogosfera\/wp-content\/uploads\/2026\/04\/1000329509.jpg 1600w, https:\/\/averdade.org.br\/wp-content\/uploads\/2026\/04\/1000329509-350x263.jpg 350w, https:\/\/averdade.org.br\/wp-content\/uploads\/2026\/04\/1000329509-1024x768.jpg 1024w, https:\/\/averdade.org.br\/wp-content\/uploads\/2026\/04\/1000329509-250x188.jpg 250w, https:\/\/averdade.org.br\/wp-content\/uploads\/2026\/04\/1000329509-768x576.jpg 768w, https:\/\/averdade.org.br\/wp-content\/uploads\/2026\/04\/1000329509-1536x1152.jpg 1536w, https:\/\/averdade.org.br\/wp-content\/uploads\/2026\/04\/1000329509-150x113.jpg 150w, https:\/\/averdade.org.br\/wp-content\/uploads\/2026\/04\/1000329509-300x225.jpg 300w, https:\/\/averdade.org.br\/wp-content\/uploads\/2026\/04\/1000329509-696x522.jpg 696w, https:\/\/averdade.org.br\/wp-content\/uploads\/2026\/04\/1000329509-1068x801.jpg 1068w\" sizes=\"(max-width: 1600px) 100vw, 1600px\"><\/p>\n<p><strong>Dois meses ap\u00f3s o novo acordo coletivo que acabaria com o trabalho aos s\u00e1bados com a contrapartida de reduzir o hor\u00e1rio das refei\u00e7\u00f5es dos oper\u00e1rios para 30 minutos, a EssilorLuxottica, multinacional de lucro bilion\u00e1rio com planta em Campinas, interior de S\u00e3o Paulo, obriga os oper\u00e1rios a continuar trabalhando em s\u00e1bados alternados.<\/strong><\/p>\n<p><strong>Jo\u00e3o Suzigan \u2013 Campinas (SP)<\/strong><\/p>\n<hr>\n<p><span><strong>Trabalhador Unido \u2013<\/strong> No ch\u00e3o da f\u00e1brica em Campinas, a escala 6\u00d71 ainda \u00e9 uma realidade, j\u00e1 que a empresa convoca arbitrariamente e usa uma estrat\u00e9gia perversa de escolher os setores que v\u00e3o receber hora extra e os que n\u00e3o v\u00e3o receber, pelo mesmo dia de trabalho.<\/span><\/p>\n<p><span>Al\u00e9m disso, o ass\u00e9dio moral para cumprir horas extras \u00e9 tanto que, caso n\u00e3o seja atingido um n\u00famero m\u00ednimo para a opera\u00e7\u00e3o do setor, torna-se obrigat\u00f3rio o dia de trabalho.<\/span><\/p>\n<p><span>A situa\u00e7\u00e3o tem gerado crescente indigna\u00e7\u00e3o entre os milhares de trabalhadores que aprovaram em assembleia da sua categoria o fim dessa escala adoecedora e que hoje se desdobram para fazer a \u00fanica refei\u00e7\u00e3o do turno de 8h em apenas 30 minutos.\u00a0<\/span><\/p>\n<p><span>Na pr\u00e1tica, n\u00e3o houve redu\u00e7\u00e3o da jornada e as condi\u00e7\u00f5es de trabalho pioraram, conforme aponta Gisele*: \u201ctodo mundo aqui reclama de dor e vira e mexe algu\u00e9m tem que fazer cirurgia por les\u00e3o de esfor\u00e7o repetitivo. A maioria do pessoal trabalha em p\u00e9 o dia todo e o corpo n\u00e3o aguenta mesmo\u201d, enquanto a fam\u00edlia Del Vecchio, fundadora da empresa, vive luxuosamente h\u00e1 gera\u00e7\u00f5es, sem trabalhar e lucrando cada vez mais com tamanha explora\u00e7\u00e3o.<\/span><\/p>\n<h4><strong>Monop\u00f3lio na produ\u00e7\u00e3o mundial<\/strong><\/h4>\n<p><span>A EssilorLuxottica \u00e9 a fus\u00e3o de duas grandes empresas, com dezenas de f\u00e1bricas espalhadas pelo mundo e quase 200 mil trabalhadores que produzem mais de 25% do mercado global de \u00f3culos, detendo marcas como Ray-Ban, Oakley, Chanel, Giorgio Armani, Vogue, \u00d3ticas Carol, entre outras, representando de acordo com a Forbes, 80% das marcas de luxo do mercado mundial de \u00f3culos de sol.<\/span><\/p>\n<p><span>O lucro declarado em 2023 foi de 2,3 bilh\u00f5es de euros (13 bilh\u00f5es de reais), lucro este que foi extra\u00eddo da for\u00e7a de trabalho roubada diariamente nos mais de 10 pa\u00edses em que a empresa est\u00e1 presente. Cabe lembrar que no modo de produ\u00e7\u00e3o em que vivemos, as condi\u00e7\u00f5es de trabalho s\u00e3o ainda piores nos pa\u00edses na periferia do capitalismo.\u00a0<\/span><\/p>\n<p><span>Veja o exemplo: nos Estados Unidos, Fran\u00e7a ou It\u00e1lia a m\u00e9dia salarial dos trabalhadores \u00e9 de 2.600 d\u00f3lares (R$13.000), enquanto as f\u00e1bricas na Tail\u00e2ndia pagam de 300 a 600 d\u00f3lares por m\u00eas (entre R$1.500 e R$3.000) e no Brasil em torno de 440 d\u00f3lares (R$2.200), resultado de jornadas exaustivas, terceiriza\u00e7\u00e3o da produ\u00e7\u00e3o e cada vez menos direitos e benef\u00edcios.<\/span><\/p>\n<h4><strong>Categoria denuncia abusos<\/strong><\/h4>\n<p><span>\u201cTemos que trabalhar operando duas m\u00e1quinas injetoras ao mesmo tempo porque muitos operadores que entram j\u00e1 desistem nos primeiros dias quando percebem as condi\u00e7\u00f5es aqui, o risco de sofrer queimaduras mesmo sem receber adicional de periculosidade\u201d relatou um oper\u00e1rio que preferiu n\u00e3o se identificar\u00a0<\/span><\/p>\n<p><span>E conclui: \u201c\u00e9 muita coisa errada que a empresa faz, por exemplo, a fun\u00e7\u00e3o que est\u00e1 no meu contrato \u00e9 de operador de produ\u00e7\u00e3o, mas aqui a gente opera m\u00e1quinas que \u00e9 outra fun\u00e7\u00e3o de sal\u00e1rio maior\u201d<\/span><\/p>\n<p><span>Marlene*, recentemente demitida sob a justificativa de baixa produ\u00e7\u00e3o, \u201cEsse nosso trabalho na produ\u00e7\u00e3o \u00e9 que nem uma escravid\u00e3o, que a gente trabalha tanto, n\u00e3o descansa, e n\u00e3o sobra nada pra gente. Pra mim essa \u00e9 a verdadeira escravid\u00e3o\u201d.<\/span><\/p>\n<p><span>V\u00e1rios oper\u00e1rios relataram que s\u00f3 a greve resolveria essa situa\u00e7\u00e3o imposta pela empresa. Como fizeram trabalhadores da EssilorLuxottica na Fran\u00e7a que em novembro do ano passado entraram em greve nacional de tr\u00eas dias em todas as f\u00e1bricas e laborat\u00f3rios do pa\u00eds, com a ades\u00e3o de 9 mil pessoas exigindo aumento salarial e melhores condi\u00e7\u00f5es de trabalho.<\/span><\/p>\n<p><span>No Brasil, os oper\u00e1rios e oper\u00e1rias podem arrancar vit\u00f3rias assim como os trabalhadores da Fran\u00e7a, cruzando os bra\u00e7os e parando a produ\u00e7\u00e3o, por mais dignidade, redu\u00e7\u00e3o real da jornada, aumento do sal\u00e1rio, fim do ass\u00e9dio moral e, principalmente, lutando pelo socialismo\u00a0<\/span><\/p>\n<p><span>***Todos os nomes s\u00e3o fict\u00edcios para evitar repress\u00e3o por parte da empresa<\/span><\/p>\n<!-- Begin Yuzo --><div class='yuzo_related_post style-1'  data-version='5.12.89'><!-- without result --><div class='yuzo_clearfixed yuzo__title yuzo__title'><h3>Related Post<\/h3><\/div>\n\t\t\t\t\t\t  <div class=\"relatedthumb \" style=\"width:125px;float:left;overflow:hidden;\">  \n\t\t\t\t\t\t\t  \n\t\t\t\t\t\t\t  <a  href=\"https:\/\/redept.com.br\/blogosfera\/com-ataques-a-escolas-em-gaza-israel-cria-cultura-de-medo-e-odio-analisa-professor\/\"  >\n\t\t\t\t\t\t\t\t\t  <div class=\"yuzo-img-wrap \" style=\"width: 125px;height:90px;\">\n\t\t\t\t\t\t\t\t\t\t\n\t\t\t\t\t\t\t\t\t\t<div class=\"yuzo-img\" style=\"background:url('https:\/\/redept.org\/blogosfera\/wp-content\/plugins\/yuzo-related-post\/assets\/images\/default.png') 50% 50% no-repeat;width: 125px;height:90px;margin-bottom: 5px;background-size: cover; \"><\/div>\n\t\t\t\t\t\t\t\t\t  <\/div>\n\t\t\t\t\t\t\t\t\t  \n\t\t\t\t\t\t\t\t   <span class=\"yuzo__text--title\" style=\"font-size:13px;\">Com ataques a escolas em Gaza, Israel cria cultura...<\/span>\n\t\t\t\t\t\t\t  \n\t\t\t\t\t\t\t  \n\t\t\t\t\t\t\t  <\/a>\n\n\t\t\t\t\t\t  <\/div>\n\t\t\t\t\t\t  <div class=\"relatedthumb \" style=\"width:125px;float:left;overflow:hidden;\">  \n\t\t\t\t\t\t\t  \n\t\t\t\t\t\t\t  <a  href=\"https:\/\/redept.com.br\/blogosfera\/remocoes-artimanha-contra-a-moradia-popular\/\"  >\n\t\t\t\t\t\t\t\t\t  <div class=\"yuzo-img-wrap \" style=\"width: 125px;height:90px;\">\n\t\t\t\t\t\t\t\t\t\t\n\t\t\t\t\t\t\t\t\t\t<div class=\"yuzo-img\" style=\"background:url('https:\/\/redept.com.br\/blogosfera\/wp-content\/uploads\/2026\/04\/image_processing20220622-6633-18fa33t-150x150.jpeg') 50% 50% no-repeat;width: 125px;height:90px;margin-bottom: 5px;background-size: cover; \"><\/div>\n\t\t\t\t\t\t\t\t\t  <\/div>\n\t\t\t\t\t\t\t\t\t  \n\t\t\t\t\t\t\t\t   <span class=\"yuzo__text--title\" style=\"font-size:13px;\">Remo\u00e7\u00f5es, artimanha contra a moradia popular<\/span>\n\t\t\t\t\t\t\t  \n\t\t\t\t\t\t\t  \n\t\t\t\t\t\t\t  <\/a>\n\n\t\t\t\t\t\t  <\/div>\n\t\t\t\t\t\t  <div class=\"relatedthumb \" style=\"width:125px;float:left;overflow:hidden;\">  \n\t\t\t\t\t\t\t  \n\t\t\t\t\t\t\t  <a  href=\"https:\/\/redept.com.br\/blogosfera\/litio-ameaca-futuro-do-salar-de-uyuni-e-se-torna-pauta-central-da-eleicao-boliviana\/\"  >\n\t\t\t\t\t\t\t\t\t  <div class=\"yuzo-img-wrap \" style=\"width: 125px;height:90px;\">\n\t\t\t\t\t\t\t\t\t\t\n\t\t\t\t\t\t\t\t\t\t<div class=\"yuzo-img\" style=\"background:url('https:\/\/redept.org\/blogosfera\/wp-content\/plugins\/yuzo-related-post\/assets\/images\/default.png') 50% 50% no-repeat;width: 125px;height:90px;margin-bottom: 5px;background-size: cover; \"><\/div>\n\t\t\t\t\t\t\t\t\t  <\/div>\n\t\t\t\t\t\t\t\t\t  \n\t\t\t\t\t\t\t\t   <span class=\"yuzo__text--title\" style=\"font-size:13px;\">L\u00edtio amea\u00e7a futuro do Salar de Uyuni e se torna p...<\/span>\n\t\t\t\t\t\t\t  \n\t\t\t\t\t\t\t  \n\t\t\t\t\t\t\t  <\/a>\n\n\t\t\t\t\t\t  <\/div>\n\t\t\t\t\t\t  <div class=\"relatedthumb \" style=\"width:125px;float:left;overflow:hidden;\">  \n\t\t\t\t\t\t\t  \n\t\t\t\t\t\t\t  <a  href=\"https:\/\/redept.com.br\/blogosfera\/descentralizar-para-existir-como-o-apoio-ao-jornalismo-local-reconstroi-o-brasil-real\/\"  >\n\t\t\t\t\t\t\t\t\t  <div class=\"yuzo-img-wrap \" style=\"width: 125px;height:90px;\">\n\t\t\t\t\t\t\t\t\t\t\n\t\t\t\t\t\t\t\t\t\t<div class=\"yuzo-img\" style=\"background:url('https:\/\/redept.org\/blogosfera\/wp-content\/plugins\/yuzo-related-post\/assets\/images\/default.png') 50% 50% no-repeat;width: 125px;height:90px;margin-bottom: 5px;background-size: cover; \"><\/div>\n\t\t\t\t\t\t\t\t\t  <\/div>\n\t\t\t\t\t\t\t\t\t  \n\t\t\t\t\t\t\t\t   <span class=\"yuzo__text--title\" style=\"font-size:13px;\">Descentralizar para existir: como o apoio ao jorna...<\/span>\n\t\t\t\t\t\t\t  \n\t\t\t\t\t\t\t  \n\t\t\t\t\t\t\t  <\/a>\n\n\t\t\t\t\t\t  <\/div>\n<\/div> <script>\n\t\t\t\t\t\t  jQuery(document).ready(function( $ ){\n\t\t\t\t\t\t\t\/\/jQuery('.yuzo_related_post').equalizer({ overflow : 'relatedthumb' });\n\t\t\t\t\t\t\tjQuery('.yuzo_related_post .yuzo_wraps').equalizer({ columns : '> div' });\n\t\t\t\t\t\t   })\n\t\t\t\t\t\t  <\/script> <!-- End Yuzo :) -->","protected":false},"excerpt":{"rendered":"<p><img decoding=\"async\" width=\"1600\" height=\"1200\" src=\"https:\/\/averdade.org.br\/wp-content\/uploads\/2026\/04\/1000329509.jpg\" alt=\"Brigadistas do Jornal A Verdade recolhendo denuncias dos oper\u00e1rios da EssilorLuxottica (foto: Jornal a Verdade)\">Dois meses ap\u00f3s o novo acordo coletivo que acabaria com o trabalho aos s\u00e1bados com a contrapartida de reduzir o hor\u00e1rio das refei\u00e7\u00f5es dos oper\u00e1rios para 30 minutos, a EssilorLuxottica, multinacional de lucro bilion\u00e1rio com planta em Campinas, interior de S\u00e3o Paulo, obriga os oper\u00e1rios a continuar trabalhando em s\u00e1bados alternados. Jo\u00e3o Suzigan \u2013 Campinas [\u2026]<\/p>\n","protected":false},"author":2,"featured_media":85065,"comment_status":"open","ping_status":"closed","sticky":false,"template":"","format":"standard","meta":{"fifu_image_url":"","fifu_image_alt":"","footnotes":""},"categories":[36953,17258,1963,52111,3072,3559,497],"tags":[],"class_list":["post-85064","post","type-post","status-publish","format-standard","has-post-thumbnail","hentry","category-acordo-coletivo","category-escala-5x2","category-escala-6x1","category-essilorluxottica","category-instagram","category-monopolio","category-trabalhador-unido"],"_links":{"self":[{"href":"https:\/\/redept.com.br\/blogosfera\/wp-json\/wp\/v2\/posts\/85064","targetHints":{"allow":["GET"]}}],"collection":[{"href":"https:\/\/redept.com.br\/blogosfera\/wp-json\/wp\/v2\/posts"}],"about":[{"href":"https:\/\/redept.com.br\/blogosfera\/wp-json\/wp\/v2\/types\/post"}],"author":[{"embeddable":true,"href":"https:\/\/redept.com.br\/blogosfera\/wp-json\/wp\/v2\/users\/2"}],"replies":[{"embeddable":true,"href":"https:\/\/redept.com.br\/blogosfera\/wp-json\/wp\/v2\/comments?post=85064"}],"version-history":[{"count":0,"href":"https:\/\/redept.com.br\/blogosfera\/wp-json\/wp\/v2\/posts\/85064\/revisions"}],"wp:featuredmedia":[{"embeddable":true,"href":"https:\/\/redept.com.br\/blogosfera\/wp-json\/wp\/v2\/media\/85065"}],"wp:attachment":[{"href":"https:\/\/redept.com.br\/blogosfera\/wp-json\/wp\/v2\/media?parent=85064"}],"wp:term":[{"taxonomy":"category","embeddable":true,"href":"https:\/\/redept.com.br\/blogosfera\/wp-json\/wp\/v2\/categories?post=85064"},{"taxonomy":"post_tag","embeddable":true,"href":"https:\/\/redept.com.br\/blogosfera\/wp-json\/wp\/v2\/tags?post=85064"}],"curies":[{"name":"wp","href":"https:\/\/api.w.org\/{rel}","templated":true}]}}