{"id":85085,"date":"2026-04-28T11:58:50","date_gmt":"2026-04-28T14:58:50","guid":{"rendered":"https:\/\/redept.com.br\/blogosfera\/peru-e-colombia-tem-eleicoes-desafiadoras-para-esquerda-latino-americana\/"},"modified":"2026-04-28T11:58:50","modified_gmt":"2026-04-28T14:58:50","slug":"peru-e-colombia-tem-eleicoes-desafiadoras-para-esquerda-latino-americana","status":"publish","type":"post","link":"https:\/\/redept.com.br\/blogosfera\/peru-e-colombia-tem-eleicoes-desafiadoras-para-esquerda-latino-americana\/","title":{"rendered":"Peru e Col\u00f4mbia t\u00eam elei\u00e7\u00f5es desafiadoras para esquerda\u00a0latino-americana"},"content":{"rendered":"<p><img fetchpriority=\"high\" width=\"600\" height=\"400\"src=\"https:\/\/redept.com.br\/blogosfera\/wp-content\/uploads\/2026\/04\/Candidato-a-Presidencia-pelo-partido-Juntos-por-el-Peru-Roberto-Sanchez.jpg\" alt=\"\" decoding=\"async\" srcset=\"https:\/\/redept.com.br\/blogosfera\/wp-content\/uploads\/2026\/04\/Candidato-a-Presidencia-pelo-partido-Juntos-por-el-Peru-Roberto-Sanchez.jpg 600w, https:\/\/vermelho.org.br\/wp-content\/uploads\/2026\/04\/Candidato-a-Presidencia-pelo-partido-Juntos-por-el-Peru-Roberto-Sanchez-300x200.jpg 300w, https:\/\/vermelho.org.br\/wp-content\/uploads\/2026\/04\/Candidato-a-Presidencia-pelo-partido-Juntos-por-el-Peru-Roberto-Sanchez-272x182.jpg 272w\" sizes=\"(max-width: 600px) 100vw, 600px\"><\/p>\n<p>Marcada por instabilidade pol\u00edtica e incidentes t\u00e9cnicos que tornaram morosa a apura\u00e7\u00e3o dos votos, as elei\u00e7\u00f5es peruanas de 2026 representam um momento desafiador para as for\u00e7as progressistas e de esquerda. Com o segundo turno agendado para 7 de junho, essas for\u00e7as enfrentam a dif\u00edcil tarefa de mobilizar um eleitorado c\u00e9tico e contornar os obst\u00e1culos log\u00edsticos e riscos de fraude registrados no dia da realiza\u00e7\u00e3o do primeiro turno, em 12 de abril, para garantir sua relev\u00e2ncia no futuro pol\u00edtico do pa\u00eds. Estas elei\u00e7\u00f5es ocorrem ap\u00f3s uma severa crise pol\u00edtica. Desde a \u00faltima elei\u00e7\u00e3o, em 2021, o Peru viveu uma severa crise pol\u00edtica que resultaram na forma\u00e7\u00e3o de quatro governos.\u00a0<\/p>\n<p>No momento em que redigimos este artigo (28 de abril), a apura\u00e7\u00e3o no Peru mant\u00e9m a direitista Keiko Fujimori, filha do ex-ditador Alberto Fujimori (1938-2024), na lideran\u00e7a. O cen\u00e1rio, marcado por fragmenta\u00e7\u00e3o e baixa vantagem percentual, acende alertas sobre os riscos de uma guinada conservadora, ao mesmo tempo em que abre uma perspectiva para a esquerda.\u00a0<\/p>\n<p>Segundo dados oficiais da Oficina Nacional de Processos Eleitorais (ONPE), cerca de 96% das atas j\u00e1 foram contabilizadas, com Keiko \u00e0 frente com aproximadamente 17% dos votos v\u00e1lidos. A disputa pela segunda vaga permanece apertada, com Roberto S\u00e1nchez, do Juntos por el Per\u00fa, de esquerda, ligeiramente \u00e0 frente de Rafael L\u00f3pez Aliaga, ultradireitista, conhecido como Bolsonaro peruano. Ambos orbitam a faixa dos 12% e 11,9%, respectivamente, o que mant\u00e9m indefinida a composi\u00e7\u00e3o final do segundo turno.<\/p>\n<p>O avan\u00e7o de Keiko, ainda que sem maioria expressiva, recoloca no centro do debate o risco de retomada de pol\u00edticas de direita, em um contexto de forte insatisfa\u00e7\u00e3o social e deteriora\u00e7\u00e3o econ\u00f4mica. A fragmenta\u00e7\u00e3o do voto evidencia um eleitorado dividido, mas tamb\u00e9m abre espa\u00e7o para rearranjos decisivos na etapa final.<\/p>\n<p>Neste cen\u00e1rio, uma eventual ida de Roberto S\u00e1nchez ao segundo turno pode representar uma oportunidade concreta para a consolida\u00e7\u00e3o de um campo progressista mais amplo. A capacidade de unificar setores dispersos e captar o voto de rejei\u00e7\u00e3o \u00e0 direita ser\u00e1 determinante.<\/p>\n<p>A experi\u00eancia recente da regi\u00e3o indica que disputas polarizadas tendem a se definir no segundo turno. Caso S\u00e1nchez avance e consiga ampliar alian\u00e7as, as expectativas de uma vit\u00f3ria progressista ganham for\u00e7a, especialmente diante da aus\u00eancia de hegemonia de qualquer candidatura no primeiro turno.<\/p>\n<p>Com a totaliza\u00e7\u00e3o final ainda em andamento, o Peru se aproxima de uma decis\u00e3o que ultrapassa a escolha de nomes e reflete uma encruzilhada pol\u00edtica. O segundo turno, previsto para junho, ser\u00e1 um confronto entre projetos antag\u00f4nicos de pa\u00eds.<\/p>\n<p><strong>Col\u00f4mbia: sondagens indicam vantagem de Iv\u00e1n Cepeda, do progressista Pacto Hist\u00f3rico\u00a0<\/strong><\/p>\n<p>A lideran\u00e7a de Iv\u00e1n Cepeda nas pesquisas para a elei\u00e7\u00e3o presidencial colombiana indica uma poss\u00edvel continuidade do governo de Gustavo Petro. Com 36% das inten\u00e7\u00f5es de voto e vantagem de 15 pontos percentuais sobre os dois principais candidatos direitistas \u2013 Abelardo la Espriella e Paloma Valencia, esta ligada ao ex-presidente \u00c1lvaro Uribe, o candidato do Pacto Hist\u00f3rico surge como protagonista de uma disputa cada vez mais acirrada.\u00a0<\/p>\n<p>O dado mais relevante n\u00e3o \u00e9 apenas a lideran\u00e7a no primeiro turno, mas a vantagem projetada em cen\u00e1rios da segunda rodada, em 21 de junho, quando se prev\u00ea uma disputa acirrada entre Cepeda e um dos dois direitistas que passe para essa etapa.\u00a0\u00a0<\/p>\n<p>A elei\u00e7\u00e3o colombiana reflete n\u00e3o apenas uma luta entre personalidades, mas um embate mais amplo sobre os rumos pol\u00edticos do pa\u00eds, que se encontra em uma encruzilhada hist\u00f3rica, entre manter o ciclo progressista inaugurado com o governo de Gustavo Petro ou retroceder aos tempos sombrios sob a lideran\u00e7a de for\u00e7as direitistas antidemocr\u00e1ticas e pr\u00f3-imperialistas.\u00a0<\/p>\n<p>Os povos da Am\u00e9rica Latina e Caribe n\u00e3o s\u00e3o indiferentes ao que poder\u00e1 ocorrer no Peru e na Col\u00f4mbia. Uma vit\u00f3ria eleitoral das for\u00e7as direitistas aumenta os riscos de neocolonialismo, neoliberalismo e autoritarismo, sobretudo considerando a estrat\u00e9gia de seguran\u00e7a nacional dos Estados Unidos anunciada por Donald Trump em novembro do ano passado, em que proclama uma nova vers\u00e3o da famigerada Doutrina Monroe. Por outro lado, uma vit\u00f3ria progressista abre a perspectiva de novo protagonismo da Celac, a Comunidade de Estados Latino-Americanos e Caribenhos, e acumula for\u00e7as para desenvolver em melhores condi\u00e7\u00f5es a luta anti-imperialista.<\/p>\n<p>O post <a href=\"https:\/\/vermelho.org.br\/2026\/04\/28\/peru-e-colombia-tem-eleicoes-desafiadoras-para-esquerda-latino-americana\/\">Peru e Col\u00f4mbia t\u00eam elei\u00e7\u00f5es desafiadoras para esquerda\u00a0latino-americana<\/a> apareceu primeiro em <a href=\"https:\/\/vermelho.org.br\/\">Vermelho<\/a>.<\/p>\n<!-- Begin Yuzo --><div class='yuzo_related_post style-1'  data-version='5.12.89'><!-- without result --><div class='yuzo_clearfixed yuzo__title yuzo__title'><h3>Related Post<\/h3><\/div>\n\t\t\t\t\t\t  <div class=\"relatedthumb \" style=\"width:125px;float:left;overflow:hidden;\">  \n\t\t\t\t\t\t\t  \n\t\t\t\t\t\t\t  <a  href=\"https:\/\/redept.com.br\/blogosfera\/homem-ucraniano-arrastado-de-casa-para-guerra-viraliza-e-expoe-ironia-do-privilegio-masculino-video\/\"  >\n\t\t\t\t\t\t\t\t\t  <div class=\"yuzo-img-wrap \" style=\"width: 125px;height:90px;\">\n\t\t\t\t\t\t\t\t\t\t\n\t\t\t\t\t\t\t\t\t\t<div class=\"yuzo-img\" style=\"background:url('https:\/\/redept.org\/blogosfera\/wp-content\/plugins\/yuzo-related-post\/assets\/images\/default.png') 50% 50% no-repeat;width: 125px;height:90px;margin-bottom: 5px;background-size: cover; \"><\/div>\n\t\t\t\t\t\t\t\t\t  <\/div>\n\t\t\t\t\t\t\t\t\t  \n\t\t\t\t\t\t\t\t   <span class=\"yuzo__text--title\" style=\"font-size:13px;\">Homem ucraniano arrastado de casa para guerra vira...<\/span>\n\t\t\t\t\t\t\t  \n\t\t\t\t\t\t\t  \n\t\t\t\t\t\t\t  <\/a>\n\n\t\t\t\t\t\t  <\/div>\n\t\t\t\t\t\t  <div class=\"relatedthumb \" style=\"width:125px;float:left;overflow:hidden;\">  \n\t\t\t\t\t\t\t  \n\t\t\t\t\t\t\t  <a  href=\"https:\/\/redept.com.br\/blogosfera\/advogados-de-bolsonaro-tem-ate-quarta-feira-para-entregar-alegacoes-finais\/\"  >\n\t\t\t\t\t\t\t\t\t  <div class=\"yuzo-img-wrap \" style=\"width: 125px;height:90px;\">\n\t\t\t\t\t\t\t\t\t\t\n\t\t\t\t\t\t\t\t\t\t<div class=\"yuzo-img\" style=\"background:url('https:\/\/redept.com.br\/blogosfera\/wp-content\/uploads\/2025\/08\/Julgamento-150x150.jpg') 50% 50% no-repeat;width: 125px;height:90px;margin-bottom: 5px;background-size: cover; \"><\/div>\n\t\t\t\t\t\t\t\t\t  <\/div>\n\t\t\t\t\t\t\t\t\t  \n\t\t\t\t\t\t\t\t   <span class=\"yuzo__text--title\" style=\"font-size:13px;\">Advogados de Bolsonaro t\u00eam at\u00e9 quarta-feira para e...<\/span>\n\t\t\t\t\t\t\t  \n\t\t\t\t\t\t\t  \n\t\t\t\t\t\t\t  <\/a>\n\n\t\t\t\t\t\t  <\/div>\n\t\t\t\t\t\t  <div class=\"relatedthumb \" style=\"width:125px;float:left;overflow:hidden;\">  \n\t\t\t\t\t\t\t  \n\t\t\t\t\t\t\t  <a  href=\"https:\/\/redept.com.br\/blogosfera\/atividades-no-recife-denunciam-genocidio-e-exigem-rompimento-diplomatico-com-israel\/\"  >\n\t\t\t\t\t\t\t\t\t  <div class=\"yuzo-img-wrap \" style=\"width: 125px;height:90px;\">\n\t\t\t\t\t\t\t\t\t\t\n\t\t\t\t\t\t\t\t\t\t<div class=\"yuzo-img\" style=\"background:url('https:\/\/redept.com.br\/blogosfera\/wp-content\/uploads\/2025\/07\/WhatsApp-Image-2025-07-10-at-101003-150x150.jpeg') 50% 50% no-repeat;width: 125px;height:90px;margin-bottom: 5px;background-size: cover; \"><\/div>\n\t\t\t\t\t\t\t\t\t  <\/div>\n\t\t\t\t\t\t\t\t\t  \n\t\t\t\t\t\t\t\t   <span class=\"yuzo__text--title\" style=\"font-size:13px;\">Atividades no Recife denunciam genoc\u00eddio e exigem ...<\/span>\n\t\t\t\t\t\t\t  \n\t\t\t\t\t\t\t  \n\t\t\t\t\t\t\t  <\/a>\n\n\t\t\t\t\t\t  <\/div>\n\t\t\t\t\t\t  <div class=\"relatedthumb \" style=\"width:125px;float:left;overflow:hidden;\">  \n\t\t\t\t\t\t\t  \n\t\t\t\t\t\t\t  <a  href=\"https:\/\/redept.com.br\/blogosfera\/lula-sanciona-nesta-segunda-13-lei-que-restringe-celular-nas-escolas\/\"  >\n\t\t\t\t\t\t\t\t\t  <div class=\"yuzo-img-wrap \" style=\"width: 125px;height:90px;\">\n\t\t\t\t\t\t\t\t\t\t\n\t\t\t\t\t\t\t\t\t\t<div class=\"yuzo-img\" style=\"background:url('https:\/\/redept.com.br\/blogosfera\/wp-content\/uploads\/2025\/01\/15b037aa77f020f04346fd822b7c5a37c2a0d5fb-150x150.jpg') 50% 50% no-repeat;width: 125px;height:90px;margin-bottom: 5px;background-size: cover; \"><\/div>\n\t\t\t\t\t\t\t\t\t  <\/div>\n\t\t\t\t\t\t\t\t\t  \n\t\t\t\t\t\t\t\t   <span class=\"yuzo__text--title\" style=\"font-size:13px;\">Lula sanciona nesta segunda (13) lei que restringe...<\/span>\n\t\t\t\t\t\t\t  \n\t\t\t\t\t\t\t  \n\t\t\t\t\t\t\t  <\/a>\n\n\t\t\t\t\t\t  <\/div>\n<\/div> <script>\n\t\t\t\t\t\t  jQuery(document).ready(function( $ ){\n\t\t\t\t\t\t\t\/\/jQuery('.yuzo_related_post').equalizer({ overflow : 'relatedthumb' });\n\t\t\t\t\t\t\tjQuery('.yuzo_related_post .yuzo_wraps').equalizer({ columns : '> div' });\n\t\t\t\t\t\t   })\n\t\t\t\t\t\t  <\/script> <!-- End Yuzo :) -->","protected":false},"excerpt":{"rendered":"<p>Marcada por instabilidade pol\u00edtica e incidentes t\u00e9cnicos que tornaram morosa a apura\u00e7\u00e3o dos votos, as elei\u00e7\u00f5es peruanas de 2026 representam um momento desafiador para as for\u00e7as progressistas e de esquerda. Com o segundo turno agendado para 7 de junho, essas for\u00e7as enfrentam a dif\u00edcil tarefa de mobilizar um eleitorado c\u00e9tico e contornar os obst\u00e1culos log\u00edsticos [&hellip;]<\/p>\n","protected":false},"author":2,"featured_media":0,"comment_status":"open","ping_status":"closed","sticky":false,"template":"","format":"standard","meta":{"fifu_image_url":"","fifu_image_alt":"","footnotes":""},"categories":[52124,24348,7248,50,26179,24941,52125],"tags":[],"class_list":["post-85085","post","type-post","status-publish","format-standard","hentry","category-eleicoes-colombia-2026","category-eleicoes-peru-2026","category-esquerda-latino-americana","category-internacional","category-ivan-cepeda","category-keiko-fujimori","category-politica-na-america-latina"],"_links":{"self":[{"href":"https:\/\/redept.com.br\/blogosfera\/wp-json\/wp\/v2\/posts\/85085","targetHints":{"allow":["GET"]}}],"collection":[{"href":"https:\/\/redept.com.br\/blogosfera\/wp-json\/wp\/v2\/posts"}],"about":[{"href":"https:\/\/redept.com.br\/blogosfera\/wp-json\/wp\/v2\/types\/post"}],"author":[{"embeddable":true,"href":"https:\/\/redept.com.br\/blogosfera\/wp-json\/wp\/v2\/users\/2"}],"replies":[{"embeddable":true,"href":"https:\/\/redept.com.br\/blogosfera\/wp-json\/wp\/v2\/comments?post=85085"}],"version-history":[{"count":0,"href":"https:\/\/redept.com.br\/blogosfera\/wp-json\/wp\/v2\/posts\/85085\/revisions"}],"wp:attachment":[{"href":"https:\/\/redept.com.br\/blogosfera\/wp-json\/wp\/v2\/media?parent=85085"}],"wp:term":[{"taxonomy":"category","embeddable":true,"href":"https:\/\/redept.com.br\/blogosfera\/wp-json\/wp\/v2\/categories?post=85085"},{"taxonomy":"post_tag","embeddable":true,"href":"https:\/\/redept.com.br\/blogosfera\/wp-json\/wp\/v2\/tags?post=85085"}],"curies":[{"name":"wp","href":"https:\/\/api.w.org\/{rel}","templated":true}]}}