{"id":85091,"date":"2026-04-28T12:43:40","date_gmt":"2026-04-28T15:43:40","guid":{"rendered":"https:\/\/redept.com.br\/blogosfera\/policia-investiga-morte-de-operario-na-montagem-do-show-da-shakira-em-copacabana\/"},"modified":"2026-04-28T12:43:40","modified_gmt":"2026-04-28T15:43:40","slug":"policia-investiga-morte-de-operario-na-montagem-do-show-da-shakira-em-copacabana","status":"publish","type":"post","link":"https:\/\/redept.com.br\/blogosfera\/policia-investiga-morte-de-operario-na-montagem-do-show-da-shakira-em-copacabana\/","title":{"rendered":"Pol\u00edcia investiga morte de oper\u00e1rio na montagem do show da Shakira em Copacabana"},"content":{"rendered":"<p>Ap\u00f3s a morte de um oper\u00e1rio, o Conselho Regional de Engenharia e Agronomia do Rio de Janeiro (Crea-RJ) afirmou que vai autuar e multar a empresa contratada para montagem do palco da Shakira em Copacabana. Gabriel de Jesus Firmino, de 28 anos, ficou imprensado entre dois elevadores. O acidente ocorreu no \u00faltimo domingo (26).\u00a0 Uma [\u2026]<\/p>\n<p><a href=\"https:\/\/www.brasildefato.com.br\/2026\/04\/28\/policia-investiga-morte-de-operario-na-montagem-do-show-da-shakira-em-copacabana\/\" rel=\"nofollow\">Fonte<\/a><\/p>\n<!-- Begin Yuzo --><div class='yuzo_related_post style-1'  data-version='5.12.89'><!-- without result --><div class='yuzo_clearfixed yuzo__title yuzo__title'><h3>Related Post<\/h3><\/div>\n\t\t\t\t\t\t  <div class=\"relatedthumb \" style=\"width:125px;float:left;overflow:hidden;\">  \n\t\t\t\t\t\t\t  \n\t\t\t\t\t\t\t  <a  href=\"https:\/\/redept.com.br\/blogosfera\/flavio-bolsonaro-mente-sobre-a-fome-no-brasil\/\"  >\n\t\t\t\t\t\t\t\t\t  <div class=\"yuzo-img-wrap \" style=\"width: 125px;height:90px;\">\n\t\t\t\t\t\t\t\t\t\t\n\t\t\t\t\t\t\t\t\t\t<div class=\"yuzo-img\" style=\"background:url('https:\/\/redept.org\/blogosfera\/wp-content\/plugins\/yuzo-related-post\/assets\/images\/default.png') 50% 50% no-repeat;width: 125px;height:90px;margin-bottom: 5px;background-size: cover; \"><\/div>\n\t\t\t\t\t\t\t\t\t  <\/div>\n\t\t\t\t\t\t\t\t\t  \n\t\t\t\t\t\t\t\t   <span class=\"yuzo__text--title\" style=\"font-size:13px;\">Fl\u00e1vio Bolsonaro mente sobre a fome no Brasil<\/span>\n\t\t\t\t\t\t\t  \n\t\t\t\t\t\t\t  \n\t\t\t\t\t\t\t  <\/a>\n\n\t\t\t\t\t\t  <\/div>\n\t\t\t\t\t\t  <div class=\"relatedthumb \" style=\"width:125px;float:left;overflow:hidden;\">  \n\t\t\t\t\t\t\t  \n\t\t\t\t\t\t\t  <a  href=\"https:\/\/redept.com.br\/blogosfera\/100-mil-franceses-vao-as-ruas-contra-genocidio-de-israel-em-gaza\/\"  >\n\t\t\t\t\t\t\t\t\t  <div class=\"yuzo-img-wrap \" style=\"width: 125px;height:90px;\">\n\t\t\t\t\t\t\t\t\t\t\n\t\t\t\t\t\t\t\t\t\t<div class=\"yuzo-img\" style=\"background:url('https:\/\/redept.com.br\/blogosfera\/wp-content\/uploads\/2025\/06\/whatsapp-image-2025-06-09-at-163005-150x150.jpeg') 50% 50% no-repeat;width: 125px;height:90px;margin-bottom: 5px;background-size: cover; \"><\/div>\n\t\t\t\t\t\t\t\t\t  <\/div>\n\t\t\t\t\t\t\t\t\t  \n\t\t\t\t\t\t\t\t   <span class=\"yuzo__text--title\" style=\"font-size:13px;\">100 mil franceses v\u00e3o \u00e0s ruas contra genoc\u00eddio de ...<\/span>\n\t\t\t\t\t\t\t  \n\t\t\t\t\t\t\t  \n\t\t\t\t\t\t\t  <\/a>\n\n\t\t\t\t\t\t  <\/div>\n\t\t\t\t\t\t  <div class=\"relatedthumb \" style=\"width:125px;float:left;overflow:hidden;\">  \n\t\t\t\t\t\t\t  \n\t\t\t\t\t\t\t  <a  href=\"https:\/\/www.pragmatismopolitico.com.br\/2025\/07\/por-dentro-do-boom-das-apostas-no-brasil-o-que-esta-causando-o-aumento-apos-a-regulamentacao.html\"  >\n\t\t\t\t\t\t\t\t\t  <div class=\"yuzo-img-wrap \" style=\"width: 125px;height:90px;\">\n\t\t\t\t\t\t\t\t\t\t\n\t\t\t\t\t\t\t\t\t\t<div class=\"yuzo-img\" style=\"background:url('https:\/\/www.pragmatismopolitico.com.br\/wp-content\/uploads\/2025\/07\/apostas-esportivas-1.jpg') 50% 50% no-repeat;width: 125px;height:90px;margin-bottom: 5px;background-size: cover; \"><\/div>\n\t\t\t\t\t\t\t\t\t  <\/div>\n\t\t\t\t\t\t\t\t\t  \n\t\t\t\t\t\t\t\t   <span class=\"yuzo__text--title\" style=\"font-size:13px;\">Por Dentro do Boom das Apostas no Brasil: O Que Es...<\/span>\n\t\t\t\t\t\t\t  \n\t\t\t\t\t\t\t  \n\t\t\t\t\t\t\t  <\/a>\n\n\t\t\t\t\t\t  <\/div>\n\t\t\t\t\t\t  <div class=\"relatedthumb \" style=\"width:125px;float:left;overflow:hidden;\">  \n\t\t\t\t\t\t\t  \n\t\t\t\t\t\t\t  <a  href=\"https:\/\/redept.com.br\/blogosfera\/trump-suspende-restricoes-a-exportacao-de-tecnologia-para-china-em-busca-de-acordo\/\"  >\n\t\t\t\t\t\t\t\t\t  <div class=\"yuzo-img-wrap \" style=\"width: 125px;height:90px;\">\n\t\t\t\t\t\t\t\t\t\t\n\t\t\t\t\t\t\t\t\t\t<div class=\"yuzo-img\" style=\"background:url('https:\/\/redept.org\/blogosfera\/wp-content\/plugins\/yuzo-related-post\/assets\/images\/default.png') 50% 50% no-repeat;width: 125px;height:90px;margin-bottom: 5px;background-size: cover; \"><\/div>\n\t\t\t\t\t\t\t\t\t  <\/div>\n\t\t\t\t\t\t\t\t\t  \n\t\t\t\t\t\t\t\t   <span class=\"yuzo__text--title\" style=\"font-size:13px;\">Trump suspende restri\u00e7\u00f5es \u00e0 exporta\u00e7\u00e3o de tecnolog...<\/span>\n\t\t\t\t\t\t\t  \n\t\t\t\t\t\t\t  \n\t\t\t\t\t\t\t  <\/a>\n\n\t\t\t\t\t\t  <\/div>\n<\/div> <script>\n\t\t\t\t\t\t  jQuery(document).ready(function( $ ){\n\t\t\t\t\t\t\t\/\/jQuery('.yuzo_related_post').equalizer({ overflow : 'relatedthumb' });\n\t\t\t\t\t\t\tjQuery('.yuzo_related_post .yuzo_wraps').equalizer({ columns : '> div' });\n\t\t\t\t\t\t   })\n\t\t\t\t\t\t  <\/script> <!-- End Yuzo :) -->","protected":false},"excerpt":{"rendered":"<p>Ap\u00f3s a morte de um oper\u00e1rio, o Conselho Regional de Engenharia e Agronomia do Rio de Janeiro (Crea-RJ) afirmou que vai autuar e multar a empresa contratada para montagem do palco da Shakira em Copacabana. Gabriel de Jesus Firmino, de 28 anos, ficou imprensado entre dois elevadores. O acidente ocorreu no \u00faltimo domingo (26).\u00a0 Uma [&hellip;]<\/p>\n","protected":false},"author":2,"featured_media":0,"comment_status":"open","ping_status":"closed","sticky":false,"template":"","format":"standard","meta":{"fifu_image_url":"","fifu_image_alt":"","footnotes":""},"categories":[22536,12074,52131,68,52132,52133,1011,9427,52134,52135,52136,6580,6603,52137,52138,49504,52139,52140,52141,4618,52142,5651,52143,52144,52145,52146,38643,52147,52148,52149,52150],"tags":[],"class_list":["post-85091","post","type-post","status-publish","format-standard","hentry","category-acidente-de-trabalho","category-agronomia","category-amparo-a-familia","category-baixada-fluminense","category-bonus-track","category-cenoart","category-cidades","category-copacabana","category-crea-rj","category-elevador","category-empresa-sem-registro","category-engenharia","category-fiscalizacao","category-gabriel-de-jesus-firmino","category-laudo-conclusivo","category-mage","category-mg-coutinho-servicos-cenograficos","category-montagem-de-palco","category-morte-de-operario","category-multa","category-pericia-policial","category-policia-civil","category-prefeitura-do-rio","category-produtora","category-r-15-milhoes","category-responsavel-tecnico","category-seguranca-do-trabalho","category-serralheiro","category-shakira","category-show-gratuito","category-todo-mundo-no-rio"],"_links":{"self":[{"href":"https:\/\/redept.com.br\/blogosfera\/wp-json\/wp\/v2\/posts\/85091","targetHints":{"allow":["GET"]}}],"collection":[{"href":"https:\/\/redept.com.br\/blogosfera\/wp-json\/wp\/v2\/posts"}],"about":[{"href":"https:\/\/redept.com.br\/blogosfera\/wp-json\/wp\/v2\/types\/post"}],"author":[{"embeddable":true,"href":"https:\/\/redept.com.br\/blogosfera\/wp-json\/wp\/v2\/users\/2"}],"replies":[{"embeddable":true,"href":"https:\/\/redept.com.br\/blogosfera\/wp-json\/wp\/v2\/comments?post=85091"}],"version-history":[{"count":0,"href":"https:\/\/redept.com.br\/blogosfera\/wp-json\/wp\/v2\/posts\/85091\/revisions"}],"wp:attachment":[{"href":"https:\/\/redept.com.br\/blogosfera\/wp-json\/wp\/v2\/media?parent=85091"}],"wp:term":[{"taxonomy":"category","embeddable":true,"href":"https:\/\/redept.com.br\/blogosfera\/wp-json\/wp\/v2\/categories?post=85091"},{"taxonomy":"post_tag","embeddable":true,"href":"https:\/\/redept.com.br\/blogosfera\/wp-json\/wp\/v2\/tags?post=85091"}],"curies":[{"name":"wp","href":"https:\/\/api.w.org\/{rel}","templated":true}]}}