{"id":85095,"date":"2026-04-28T13:13:40","date_gmt":"2026-04-28T16:13:40","guid":{"rendered":"https:\/\/redept.com.br\/blogosfera\/mesmo-com-queda-de-conflitos-no-campo-brasil-tem-dobro-de-assassinatos\/"},"modified":"2026-04-28T13:13:40","modified_gmt":"2026-04-28T16:13:40","slug":"mesmo-com-queda-de-conflitos-no-campo-brasil-tem-dobro-de-assassinatos","status":"publish","type":"post","link":"https:\/\/redept.com.br\/blogosfera\/mesmo-com-queda-de-conflitos-no-campo-brasil-tem-dobro-de-assassinatos\/","title":{"rendered":"Mesmo com queda de conflitos no campo, Brasil tem dobro de assassinatos"},"content":{"rendered":"<p><img fetchpriority=\"high\" width=\"823\" height=\"462\"src=\"https:\/\/redept.com.br\/blogosfera\/wp-content\/uploads\/2026\/04\/conflito-rondonia_redes.jpg\" alt=\"\" decoding=\"async\" srcset=\"https:\/\/redept.com.br\/blogosfera\/wp-content\/uploads\/2026\/04\/conflito-rondonia_redes.jpg 823w, https:\/\/vermelho.org.br\/wp-content\/uploads\/2026\/04\/conflito-rondonia_redes-300x168.jpg 300w, https:\/\/vermelho.org.br\/wp-content\/uploads\/2026\/04\/conflito-rondonia_redes-768x431.jpg 768w\" sizes=\"(max-width: 823px) 100vw, 823px\"><\/p>\n<p>Embora o Brasil tenha registrado queda nas ocorr\u00eancias de conflitos no campo, bem como no n\u00famero de pessoas impactadas por esse tipo de viol\u00eancia entre 2024 e 2025, o n\u00famero de assassinatos dobrou, passando de 13 para 26. Isso demonstra o qu\u00e3o longe os senhores das terras s\u00e3o capazes de ir para terem cada vez mais propriedades e recursos, num pa\u00eds j\u00e1 historicamente marcado pela profunda concentra\u00e7\u00e3o de terras e renda.<\/p>\n<p>A 40\u00aa edi\u00e7\u00e3o do relat\u00f3rio \u201cConflitos no Campo Brasil 2025\u201d, lan\u00e7ado pela Comiss\u00e3o Pastoral da Terra (CPT) nesta segunda-feira (27), aponta para esse aumento de 100% nas mortes e, ao mesmo tempo, para a queda no registro das ocorr\u00eancias de conflitos no campo, que passaram de 2.207, em 2024, para 1.593, no ano passado. Tamb\u00e9m houve diminui\u00e7\u00e3o de 1.181 para 581 o n\u00famero de v\u00edtimas envolvidas no mesmo per\u00edodo.<\/p>\n<p>De acordo com a publica\u00e7\u00e3o, em 2025, foram notificados dois massacres \u2014 quando, pelos crit\u00e9rios da CPT, h\u00e1 mais de tr\u00eas mortes no mesmo local, em ataques concentrados de for\u00e7as p\u00fablicas e privadas. Um caso aconteceu no estado do Par\u00e1; o outro, em Rond\u00f4nia \u2013 cada um com tr\u00eas mortes, o que representa 23% dos assassinatos daquele ano.<\/p>\n<p><strong>Saiba mais:<\/strong> <a href=\"https:\/\/vermelho.org.br\/2026\/04\/14\/30-anos-de-carajas-a-impunidade-e-a-violencia-no-campo-seguem-intactas\/\">30 anos de Caraj\u00e1s: a impunidade e a viol\u00eancia no campo seguem intactas<\/a><\/p>\n<p>Segundo o documento, os fazendeiros s\u00e3o os principais agentes envolvidos nos casos de assassinatos do ano passado. Dos 26 registros, 20 (77%) s\u00e3o atribu\u00eddos, direta ou indiretamente, a esse grupo, na condi\u00e7\u00e3o de mandantes ou executores.<\/p>\n<p>Quanto \u00e0s ocorr\u00eancias de outras viol\u00eancias, houve tamb\u00e9m redu\u00e7\u00e3o acentuada de um ano para outro, saindo de 1.548 casos para 978, recuo de 37%. Contudo, o relat\u00f3rio denuncia o aumento nos registros de pris\u00f5es (de 71 para 111), casos de humilha\u00e7\u00e3o (de cinco para 142) e c\u00e1rcere privado (de um para 105) nesse mesmo per\u00edodo.<\/p>\n<p><strong>Expans\u00e3o colonial e do crime organizado<\/strong><\/p>\n<p>O Norte do pa\u00eds segue concentrando a maior parte desse tipo de assassinato, sintoma de problemas hist\u00f3ricos e tamb\u00e9m mais recentes, como a explora\u00e7\u00e3o das riquezas naturais locais ao longo dos s\u00e9culos e o avan\u00e7o do crime organizado para essas \u00e1reas.<\/p>\n<p>Dos casos registrados em 2025, a regi\u00e3o responde por 61% (16). No ano retrasado, foram sete. Rond\u00f4nia e Par\u00e1 acumulam, cada um, sete casos, ao passo que o Amazonas teve duas ocorr\u00eancias.<\/p>\n<p>Para Larissa Rodrigues, da Articula\u00e7\u00e3o das CPTs da Amaz\u00f4nia, esses n\u00fameros revelam \u201co avan\u00e7o de um projeto hist\u00f3rico de expans\u00e3o colonial e capitalista sobre a Amaz\u00f4nia, que continua atingindo e transformando povos e territ\u00f3rios inteiros em alvos de expropria\u00e7\u00e3o e exterm\u00ednio\u201d.<\/p>\n<p>Al\u00e9m disso, ela explica que esse quadro de mortes tamb\u00e9m se relaciona com o fortalecimento do \u201ccons\u00f3rcio entre grilagem, crime organizado, setores do Estado, al\u00e9m de setores privados, que atuam juntos para atingir terras p\u00fablicas e \u00e1reas protegidas\u201d.<\/p>\n<p>Considerando a \u00faltima d\u00e9cada (2016-2025), o levantamento aponta para a ocorr\u00eancia e 24.774 casos de viol\u00eancia contra pessoas, n\u00famero que abarca desde amea\u00e7as e tentativas de assassinatos e pris\u00f5es at\u00e9 assassinatos. Ao longo dos \u00faltimos dez anos, os sem-terra (129), os ind\u00edgenas (93), os posseiros (38) e os quilombolas (31) foram as principais v\u00edtimas de assassinatos.<\/p>\n<p>Outra chaga brasileira levantada pelo relat\u00f3rio \u00e9 a ocorr\u00eancia de trabalho escravo nas \u00e1reas rurais. Ao todo, foram registrados 159 casos e 1.991 trabalhadores resgatados em 2025. Tais ocorr\u00eancias apresentaram crescimento de, respectivamente, 5% e 23% em rela\u00e7\u00e3o ao ano anterior.<\/p>\n<p>Entre as atividades econ\u00f4micas com mais trabalhadores resgatados est\u00e3o constru\u00e7\u00e3o de usina (586), lavouras (479), cana de a\u00e7\u00facar (253), minera\u00e7\u00e3o (170) e pecu\u00e1ria (154).<\/p>\n<p><strong>Conflitos por terra e \u00e1gua<\/strong><\/p>\n<p>A publica\u00e7\u00e3o da CPT tamb\u00e9m mostra os tipos de conflito ocorridos no campo, que envolvem principalmente a disputa pela terra e pela \u00e1gua.<\/p>\n<p>Em 2025, foram registadas 1.286 ocorr\u00eancias de conflitos por terra (ante 1.787 no ano anterior), sendo 1.186 referentes \u00e0 viol\u00eancia pela ocupa\u00e7\u00e3o e a posse da terra e 100 \u00e0s a\u00e7\u00f5es de resist\u00eancia, como acampamentos, ocupa\u00e7\u00f5es e retomadas.O Maranh\u00e3o lidera os casos, com 190 registros, seguido do Par\u00e1 (142), Rond\u00f4nia (111) e Bahia (101).<\/p>\n<p><strong>Saiba mais:<\/strong> <a href=\"https:\/\/vermelho.org.br\/2024\/08\/23\/em-34-anos-apenas-11-dos-suspeitos-foram-condenados-por-massacres-no-campo\/\">Em 34 anos, apenas 11% dos suspeitos foram condenados por massacres no campo<\/a><\/p>\n<p>\u2028Os conflitos pela \u00e1gua tamb\u00e9m tiveram queda, com 148 ocorr\u00eancias, contra 269 em 2024, sendo o menor n\u00famero de registros dos \u00faltimos dez anos, conforme o relat\u00f3rio.<\/p>\n<p>O Par\u00e1 lidera com 21, seguido da Bahia (19) e Minas Gerais (18). Os casos envolvem destrui\u00e7\u00e3o e polui\u00e7\u00e3o dos mananciais de \u00e1gua, contamina\u00e7\u00e3o por agrot\u00f3xicos e por min\u00e9rios, diminui\u00e7\u00e3o e impedimento de acesso \u00e0 \u00e1gua, pesca predat\u00f3ria, entre outros.<\/p>\n<p>Segundo a CPT, com exce\u00e7\u00e3o do Distrito Federal, todas as unidades federativas tiveram pelo menos um caso de conflito pelo acesso ou uso da \u00e1gua, vitimando principalmente ind\u00edgenas, quilombolas, pequenos agricultores e ribeirinhos.<\/p>\n<p>O post <a href=\"https:\/\/vermelho.org.br\/2026\/04\/28\/mesmo-com-queda-de-conflitos-no-campo-brasil-tem-dobro-de-assassinatos\/\">Mesmo com queda de conflitos no campo, Brasil tem dobro de assassinatos<\/a> apareceu primeiro em <a href=\"https:\/\/vermelho.org.br\/\">Vermelho<\/a>.<\/p>\n<!-- Begin Yuzo --><div class='yuzo_related_post style-1'  data-version='5.12.89'><!-- without result --><div class='yuzo_clearfixed yuzo__title yuzo__title'><h3>Related Post<\/h3><\/div>\n\t\t\t\t\t\t  <div class=\"relatedthumb \" style=\"width:125px;float:left;overflow:hidden;\">  \n\t\t\t\t\t\t\t  \n\t\t\t\t\t\t\t  <a  href=\"https:\/\/redept.com.br\/blogosfera\/ato-de-abertura-de-feira-da-reforma-agraria-demarca-luta-pelo-direito-a-alimentacao-em-mg\/\"  >\n\t\t\t\t\t\t\t\t\t  <div class=\"yuzo-img-wrap \" style=\"width: 125px;height:90px;\">\n\t\t\t\t\t\t\t\t\t\t\n\t\t\t\t\t\t\t\t\t\t<div class=\"yuzo-img\" style=\"background:url('https:\/\/redept.com.br\/blogosfera\/wp-content\/uploads\/2025\/10\/IMG_20251017_175123_914-150x150.jpg') 50% 50% no-repeat;width: 125px;height:90px;margin-bottom: 5px;background-size: cover; \"><\/div>\n\t\t\t\t\t\t\t\t\t  <\/div>\n\t\t\t\t\t\t\t\t\t  \n\t\t\t\t\t\t\t\t   <span class=\"yuzo__text--title\" style=\"font-size:13px;\">Ato de abertura de Feira da Reforma Agr\u00e1ria demarc...<\/span>\n\t\t\t\t\t\t\t  \n\t\t\t\t\t\t\t  \n\t\t\t\t\t\t\t  <\/a>\n\n\t\t\t\t\t\t  <\/div>\n\t\t\t\t\t\t  <div class=\"relatedthumb \" style=\"width:125px;float:left;overflow:hidden;\">  \n\t\t\t\t\t\t\t  \n\t\t\t\t\t\t\t  <a  href=\"https:\/\/redept.com.br\/blogosfera\/bruxelas-e-washington-fazem-de-tudo-para-evitar-a-paz-apos-posse-de-trump-diz-chanceler-da-hungria\/\"  >\n\t\t\t\t\t\t\t\t\t  <div class=\"yuzo-img-wrap \" style=\"width: 125px;height:90px;\">\n\t\t\t\t\t\t\t\t\t\t\n\t\t\t\t\t\t\t\t\t\t<div class=\"yuzo-img\" style=\"background:url('https:\/\/redept.org\/blogosfera\/wp-content\/plugins\/yuzo-related-post\/assets\/images\/default.png') 50% 50% no-repeat;width: 125px;height:90px;margin-bottom: 5px;background-size: cover; \"><\/div>\n\t\t\t\t\t\t\t\t\t  <\/div>\n\t\t\t\t\t\t\t\t\t  \n\t\t\t\t\t\t\t\t   <span class=\"yuzo__text--title\" style=\"font-size:13px;\">Bruxelas e Washington fazem de tudo para evitar a ...<\/span>\n\t\t\t\t\t\t\t  \n\t\t\t\t\t\t\t  \n\t\t\t\t\t\t\t  <\/a>\n\n\t\t\t\t\t\t  <\/div>\n\t\t\t\t\t\t  <div class=\"relatedthumb \" style=\"width:125px;float:left;overflow:hidden;\">  \n\t\t\t\t\t\t\t  \n\t\t\t\t\t\t\t  <a  href=\"https:\/\/redept.com.br\/blogosfera\/lula-lanca-programa-periferia-viva-para-transformar-a-vida-de-pessoas-invisiveis\/\"  >\n\t\t\t\t\t\t\t\t\t  <div class=\"yuzo-img-wrap \" style=\"width: 125px;height:90px;\">\n\t\t\t\t\t\t\t\t\t\t\n\t\t\t\t\t\t\t\t\t\t<div class=\"yuzo-img\" style=\"background:url('https:\/\/redept.org\/blogosfera\/wp-content\/plugins\/yuzo-related-post\/assets\/images\/default.png') 50% 50% no-repeat;width: 125px;height:90px;margin-bottom: 5px;background-size: cover; \"><\/div>\n\t\t\t\t\t\t\t\t\t  <\/div>\n\t\t\t\t\t\t\t\t\t  \n\t\t\t\t\t\t\t\t   <span class=\"yuzo__text--title\" style=\"font-size:13px;\">Lula lan\u00e7a programa Periferia Viva para transforma...<\/span>\n\t\t\t\t\t\t\t  \n\t\t\t\t\t\t\t  \n\t\t\t\t\t\t\t  <\/a>\n\n\t\t\t\t\t\t  <\/div>\n\t\t\t\t\t\t  <div class=\"relatedthumb \" style=\"width:125px;float:left;overflow:hidden;\">  \n\t\t\t\t\t\t\t  \n\t\t\t\t\t\t\t  <a  href=\"https:\/\/redept.com.br\/blogosfera\/conta-de-luz-tera-bandeira-tarifaria-vermelha-patamar-2-em-agosto\/\"  >\n\t\t\t\t\t\t\t\t\t  <div class=\"yuzo-img-wrap \" style=\"width: 125px;height:90px;\">\n\t\t\t\t\t\t\t\t\t\t\n\t\t\t\t\t\t\t\t\t\t<div class=\"yuzo-img\" style=\"background:url('https:\/\/redept.org\/blogosfera\/wp-content\/plugins\/yuzo-related-post\/assets\/images\/default.png') 50% 50% no-repeat;width: 125px;height:90px;margin-bottom: 5px;background-size: cover; \"><\/div>\n\t\t\t\t\t\t\t\t\t  <\/div>\n\t\t\t\t\t\t\t\t\t  \n\t\t\t\t\t\t\t\t   <span class=\"yuzo__text--title\" style=\"font-size:13px;\">Conta de luz ter\u00e1\u00a0bandeira tarif\u00e1ria vermelha pata...<\/span>\n\t\t\t\t\t\t\t  \n\t\t\t\t\t\t\t  \n\t\t\t\t\t\t\t  <\/a>\n\n\t\t\t\t\t\t  <\/div>\n<\/div> <script>\n\t\t\t\t\t\t  jQuery(document).ready(function( $ ){\n\t\t\t\t\t\t\t\/\/jQuery('.yuzo_related_post').equalizer({ overflow : 'relatedthumb' });\n\t\t\t\t\t\t\tjQuery('.yuzo_related_post .yuzo_wraps').equalizer({ columns : '> div' });\n\t\t\t\t\t\t   })\n\t\t\t\t\t\t  <\/script> <!-- End Yuzo :) -->","protected":false},"excerpt":{"rendered":"<p>Embora o Brasil tenha registrado queda nas ocorr\u00eancias de conflitos no campo, bem como no n\u00famero de pessoas impactadas por esse tipo de viol\u00eancia entre 2024 e 2025, o n\u00famero de assassinatos dobrou, passando de 13 para 26. Isso demonstra o qu\u00e3o longe os senhores das terras s\u00e3o capazes de ir para terem cada vez [&hellip;]<\/p>\n","protected":false},"author":2,"featured_media":0,"comment_status":"open","ping_status":"closed","sticky":false,"template":"","format":"standard","meta":{"fifu_image_url":"","fifu_image_alt":"","footnotes":""},"categories":[4221,51592,42325,1541,2479,307,195,974],"tags":[],"class_list":["post-85095","post","type-post","status-publish","format-standard","hentry","category-assassinatos-no-campo","category-conflitos-por-agua","category-conflitos-por-terra","category-conflitos-no-campo","category-cpt-comissao-pastoral-da-terra","category-direitos-humanos","category-reforma-agraria","category-trabalho-escravo"],"_links":{"self":[{"href":"https:\/\/redept.com.br\/blogosfera\/wp-json\/wp\/v2\/posts\/85095","targetHints":{"allow":["GET"]}}],"collection":[{"href":"https:\/\/redept.com.br\/blogosfera\/wp-json\/wp\/v2\/posts"}],"about":[{"href":"https:\/\/redept.com.br\/blogosfera\/wp-json\/wp\/v2\/types\/post"}],"author":[{"embeddable":true,"href":"https:\/\/redept.com.br\/blogosfera\/wp-json\/wp\/v2\/users\/2"}],"replies":[{"embeddable":true,"href":"https:\/\/redept.com.br\/blogosfera\/wp-json\/wp\/v2\/comments?post=85095"}],"version-history":[{"count":0,"href":"https:\/\/redept.com.br\/blogosfera\/wp-json\/wp\/v2\/posts\/85095\/revisions"}],"wp:attachment":[{"href":"https:\/\/redept.com.br\/blogosfera\/wp-json\/wp\/v2\/media?parent=85095"}],"wp:term":[{"taxonomy":"category","embeddable":true,"href":"https:\/\/redept.com.br\/blogosfera\/wp-json\/wp\/v2\/categories?post=85095"},{"taxonomy":"post_tag","embeddable":true,"href":"https:\/\/redept.com.br\/blogosfera\/wp-json\/wp\/v2\/tags?post=85095"}],"curies":[{"name":"wp","href":"https:\/\/api.w.org\/{rel}","templated":true}]}}