{"id":85101,"date":"2026-04-28T13:56:29","date_gmt":"2026-04-28T16:56:29","guid":{"rendered":"https:\/\/redept.com.br\/blogosfera\/galipolo-continua-com-a-sabotagem-de-campos-neto-diz-presidente-da-ctb\/"},"modified":"2026-04-28T13:56:29","modified_gmt":"2026-04-28T16:56:29","slug":"galipolo-continua-com-a-sabotagem-de-campos-neto-diz-presidente-da-ctb","status":"publish","type":"post","link":"https:\/\/redept.com.br\/blogosfera\/galipolo-continua-com-a-sabotagem-de-campos-neto-diz-presidente-da-ctb\/","title":{"rendered":"Gal\u00edpolo continua com a sabotagem de Campos Neto, diz presidente da CTB"},"content":{"rendered":"<p><img loading=\"lazy\" width=\"1024\" height=\"768\"src=\"https:\/\/redept.com.br\/blogosfera\/wp-content\/uploads\/2026\/04\/birajuros1-1024x768-1.jpeg\" alt=\"\" decoding=\"async\" loading=\"lazy\" srcset=\"https:\/\/redept.com.br\/blogosfera\/wp-content\/uploads\/2026\/04\/birajuros1-1024x768-1.jpeg 1024w, https:\/\/vermelho.org.br\/wp-content\/uploads\/2026\/04\/birajuros1-1024x768-1-300x225.jpeg 300w, https:\/\/vermelho.org.br\/wp-content\/uploads\/2026\/04\/birajuros1-1024x768-1-768x576.jpeg 768w\" sizes=\"auto, (max-width: 1024px) 100vw, 1024px\"><\/p>\n<p>As centrais sindicais protestaram nesta ter\u00e7a-feira (28), <a href=\"https:\/\/vermelho.org.br\/2026\/04\/27\/centrais-sindicais-convocam-ato-contra-a-insuportavel-politica-de-juros\/\">em frente ao Banco Central (BC)<\/a>, na Avenida Paulista, em S\u00e3o Paulo (SP), pela redu\u00e7\u00e3o dos juros. O Comit\u00ea de Pol\u00edtica Econ\u00f4mica (Copom) se re\u00fane at\u00e9 amanh\u00e3, quarta-feira (29), quando definir\u00e1 em quanto ficar\u00e1 a Selic, atualmente em 14,75% ao ano.<\/p>\n<p>O apelo do movimento sindical n\u00e3o \u00e9 de hoje. Desde a presid\u00eancia de Roberto Campos Neto no BC, as centrais est\u00e3o nas ruas para protestar contra a pol\u00edtica monet\u00e1ria. Com a mudan\u00e7a na presid\u00eancia para Gabriel Gal\u00edpolo, indicado pelo presidente Lula, pensava-se que haveria uma mudan\u00e7a de rumo.<\/p>\n<p>No entanto, ap\u00f3s meses, a mesma condu\u00e7\u00e3o da Selic continua, o que encarece o cr\u00e9dito, prejudica investimentos, reduz o consumo e tem como resultado o enfraquecimento econ\u00f4mico que se reflete na gera\u00e7\u00e3o de empregos e na renda da popula\u00e7\u00e3o.<\/p>\n<p>O presidente da CTB (Central dos Trabalhadores e Trabalhadoras do Brasil), Adilson Ara\u00fajo, fez duras cr\u00edticas ao BC e Gal\u00edpolo. Na sua avalia\u00e7\u00e3o, j\u00e1 passou da hora de um \u201ccavalo de pau\u201d que acerte o direcionamento da pol\u00edtica monet\u00e1ria.<\/p>\n<p>\u201cN\u00e3o \u00e9 mais o Roberto Campos Neto, \u00e9 um presidente indicado pelo Lula, que segue a cartilha do dem\u00f4nio do Deus mercado, que est\u00e1 pouco ou quase nada se lixando com o pre\u00e7o do arroz e do feij\u00e3o no supermercado. A gente n\u00e3o pode admitir que, no curso das mudan\u00e7as pol\u00edticas, o Brasil siga arando terra para o neocolonialismo\u201d, afirma.<\/p>\n<p><strong>Leia mais<\/strong>: <a href=\"https:\/\/vermelho.org.br\/2026\/04\/27\/ctb-promove-1o-de-maio-com-atos-nacionais-e-defesa-do-fim-da-escala-6x1\/\">CTB promove 1\u00ba de Maio com atos e defesa do fim da escala 6\u00d71<\/a><\/p>\n<p>Adilson ainda destacou que 80,4% dos brasileiros est\u00e3o endividados e que as medidas adotadas pelo governo Lula para atacar essa mazela da sociedade ser\u00e3o in\u00fateis caso os juros n\u00e3o sejam reduzidos: \u201cO governo precisa pressionar para reduzir a taxa de juros, se n\u00e3o as medidas, al\u00e9m de compensat\u00f3rias, v\u00e3o subtrair o lucro dos trabalhadores\u201d.<\/p>\n<p>O cetebista tamb\u00e9m lembra que mesmo pa\u00edses em guerra como os Estados Unidos t\u00eam uma taxa de juros de 3,50% a 3,75% ao ano. J\u00e1 no Jap\u00e3o \u00e9 de 0,75% e no Reino Unido est\u00e1 em 3,75%. Al\u00e9m da indigna\u00e7\u00e3o provocada por essa compara\u00e7\u00e3o, ele aponta para o lucro absurdo que os bancos conseguem no Brasil com esses juros: \u201cA\u00ed voc\u00ea pega Bradesco, Santander e Ita\u00fa. Sabe quanto foi o lucro desses bancos? R$ 84 bilh\u00f5es.\u00a0Houve um aumento de 16% no lucro dos bancos. N\u00e3o podemos admitir que as coisas se perpetuem\u201d.<\/p>\n<div>\n<figure><img loading=\"lazy\" loading=\"lazy\" decoding=\"async\" width=\"768\" height=\"432\"src=\"https:\/\/redept.com.br\/blogosfera\/wp-content\/uploads\/2026\/04\/IMG_0032JPG-768x432-1.jpeg\" alt=\"\" srcset=\"https:\/\/redept.com.br\/blogosfera\/wp-content\/uploads\/2026\/04\/IMG_0032JPG-768x432-1.jpeg 768w, https:\/\/vermelho.org.br\/wp-content\/uploads\/2026\/04\/IMG_0032.JPG-768x432-1-300x169.jpeg 300w\" sizes=\"auto, (max-width: 768px) 100vw, 768px\"><figcaption>Adilson Ara\u00fajo. Foto: CTB<\/figcaption><\/figure>\n<\/div>\n<p>O sindicalista ainda cobra que o presidente Lula seja mais enf\u00e1tico na defesa da redu\u00e7\u00e3o dos juros, pois \u201ca mesma sabotagem praticada por Roberto Campos Neto segue sendo praticada por Gabriel Gal\u00edpolo\u201d, afirma.<\/p>\n<p>\u201cN\u00e3o h\u00e1 diferen\u00e7a. A m\u00e1scara \u00e9 a mesma. A turma do Banco Central s\u00f3 faz servir de gar\u00e7om para os banqueiros. Para a gente mudar esse estado de caos, temos que dar centralidade e aten\u00e7\u00e3o ao projeto nacional de desenvolvimento [\u2026] se n\u00e3o baixar os juros, n\u00e3o tem desenvolvimento produtivo, n\u00e3o tem alimento para as fam\u00edlias, n\u00e3o tem investimento na sa\u00fade, na educa\u00e7\u00e3o, em moradia\u201d, completa o presidente da CTB.<\/p>\n<p>J\u00e1 Ubiraci Dantas, vice-presidente da CTB, respaldou a fala de Adilson e refor\u00e7ou a necessidade de reduzir os juros de forma consistente ao longo do tempo, bem como de ampliar a mobiliza\u00e7\u00e3o para o 1\u00ba de Maio, que ter\u00e1 como tema o fim da escala 6\u00d71: \u201cVamos seguindo na luta, unificando na pr\u00e1tica, com palavras de ordem concretas: redu\u00e7\u00e3o da jornada de trabalho, fim da escala 6\u00d71 e redu\u00e7\u00e3o das taxas de juros.\u201d<\/p>\n<p>Tamb\u00e9m estiveram no ato lideran\u00e7as da CUT, For\u00e7a Sindical, UGT,\u00a0Nova Central e da UNE (Uni\u00e3o Nacional dos Estudantes).<\/p>\n<figure>\n<figure><img loading=\"lazy\" loading=\"lazy\" decoding=\"async\" width=\"1024\" height=\"768\" data-id=\"742417\"src=\"https:\/\/redept.com.br\/blogosfera\/wp-content\/uploads\/2026\/04\/atojuros.jpeg\" alt=\"\" srcset=\"https:\/\/vermelho.org.br\/wp-content\/uploads\/2026\/04\/atojuros-1024x768.jpeg 1024w, https:\/\/vermelho.org.br\/wp-content\/uploads\/2026\/04\/atojuros-300x225.jpeg 300w, https:\/\/vermelho.org.br\/wp-content\/uploads\/2026\/04\/atojuros-768x576.jpeg 768w, https:\/\/redept.com.br\/blogosfera\/wp-content\/uploads\/2026\/04\/atojuros.jpeg 1280w\" sizes=\"auto, (max-width: 1024px) 100vw, 1024px\"><figcaption>Foto: CTB<\/figcaption><\/figure>\n<figure><img loading=\"lazy\" loading=\"lazy\" decoding=\"async\" width=\"1024\" height=\"576\" data-id=\"742418\"src=\"https:\/\/redept.com.br\/blogosfera\/wp-content\/uploads\/2026\/04\/IMG_9918JPG-1024x576-1.jpeg\" alt=\"\" srcset=\"https:\/\/redept.com.br\/blogosfera\/wp-content\/uploads\/2026\/04\/IMG_9918JPG-1024x576-1.jpeg 1024w, https:\/\/vermelho.org.br\/wp-content\/uploads\/2026\/04\/IMG_9918.JPG-1024x576-1-300x169.jpeg 300w, https:\/\/vermelho.org.br\/wp-content\/uploads\/2026\/04\/IMG_9918.JPG-1024x576-1-768x432.jpeg 768w\" sizes=\"auto, (max-width: 1024px) 100vw, 1024px\"><figcaption>Foto: CTB<\/figcaption><\/figure>\n<\/figure>\n<p>O post <a href=\"https:\/\/vermelho.org.br\/2026\/04\/28\/galipolo-continua-com-a-sabotagem-de-campos-neto-diz-presidente-da-ctb\/\">Gal\u00edpolo continua com a sabotagem de Campos Neto, diz presidente da CTB<\/a> apareceu primeiro em <a href=\"https:\/\/vermelho.org.br\/\">Vermelho<\/a>.<\/p>\n<!-- Begin Yuzo --><div class='yuzo_related_post style-1'  data-version='5.12.89'><!-- without result --><div class='yuzo_clearfixed yuzo__title yuzo__title'><h3>Related Post<\/h3><\/div>\n\t\t\t\t\t\t  <div class=\"relatedthumb \" style=\"width:125px;float:left;overflow:hidden;\">  \n\t\t\t\t\t\t\t  \n\t\t\t\t\t\t\t  <a  href=\"https:\/\/redept.com.br\/blogosfera\/festival-preamp-leva-pluralidade-de-ritmos-e-cena-independente-em-shows-no-bairro-do-recife\/\"  >\n\t\t\t\t\t\t\t\t\t  <div class=\"yuzo-img-wrap \" style=\"width: 125px;height:90px;\">\n\t\t\t\t\t\t\t\t\t\t\n\t\t\t\t\t\t\t\t\t\t<div class=\"yuzo-img\" style=\"background:url('https:\/\/redept.org\/blogosfera\/wp-content\/plugins\/yuzo-related-post\/assets\/images\/default.png') 50% 50% no-repeat;width: 125px;height:90px;margin-bottom: 5px;background-size: cover; \"><\/div>\n\t\t\t\t\t\t\t\t\t  <\/div>\n\t\t\t\t\t\t\t\t\t  \n\t\t\t\t\t\t\t\t   <span class=\"yuzo__text--title\" style=\"font-size:13px;\">Festival PREAMP leva pluralidade de ritmos e cena ...<\/span>\n\t\t\t\t\t\t\t  \n\t\t\t\t\t\t\t  \n\t\t\t\t\t\t\t  <\/a>\n\n\t\t\t\t\t\t  <\/div>\n\t\t\t\t\t\t  <div class=\"relatedthumb \" style=\"width:125px;float:left;overflow:hidden;\">  \n\t\t\t\t\t\t\t  \n\t\t\t\t\t\t\t  <a  href=\"https:\/\/redept.com.br\/blogosfera\/eliminatorias-da-copa-selecao-encara-chile-e-se-despede-da-torcida-brasileira-no-maracana\/\"  >\n\t\t\t\t\t\t\t\t\t  <div class=\"yuzo-img-wrap \" style=\"width: 125px;height:90px;\">\n\t\t\t\t\t\t\t\t\t\t\n\t\t\t\t\t\t\t\t\t\t<div class=\"yuzo-img\" style=\"background:url('https:\/\/redept.com.br\/blogosfera\/wp-content\/uploads\/2025\/09\/selecao-treino-2048x1246-1-150x150.jpg') 50% 50% no-repeat;width: 125px;height:90px;margin-bottom: 5px;background-size: cover; \"><\/div>\n\t\t\t\t\t\t\t\t\t  <\/div>\n\t\t\t\t\t\t\t\t\t  \n\t\t\t\t\t\t\t\t   <span class=\"yuzo__text--title\" style=\"font-size:13px;\">Eliminat\u00f3rias da Copa: Sele\u00e7\u00e3o encara Chile e se d...<\/span>\n\t\t\t\t\t\t\t  \n\t\t\t\t\t\t\t  \n\t\t\t\t\t\t\t  <\/a>\n\n\t\t\t\t\t\t  <\/div>\n\t\t\t\t\t\t  <div class=\"relatedthumb \" style=\"width:125px;float:left;overflow:hidden;\">  \n\t\t\t\t\t\t\t  \n\t\t\t\t\t\t\t  <a  href=\"https:\/\/redept.com.br\/blogosfera\/cultura-nordestina-ganha-vida-em-espetaculo-infantil-de-carol-levy-na-caixa-cultural\/\"  >\n\t\t\t\t\t\t\t\t\t  <div class=\"yuzo-img-wrap \" style=\"width: 125px;height:90px;\">\n\t\t\t\t\t\t\t\t\t\t\n\t\t\t\t\t\t\t\t\t\t<div class=\"yuzo-img\" style=\"background:url('https:\/\/redept.org\/blogosfera\/wp-content\/plugins\/yuzo-related-post\/assets\/images\/default.png') 50% 50% no-repeat;width: 125px;height:90px;margin-bottom: 5px;background-size: cover; \"><\/div>\n\t\t\t\t\t\t\t\t\t  <\/div>\n\t\t\t\t\t\t\t\t\t  \n\t\t\t\t\t\t\t\t   <span class=\"yuzo__text--title\" style=\"font-size:13px;\">Cultura nordestina ganha vida em espet\u00e1culo infant...<\/span>\n\t\t\t\t\t\t\t  \n\t\t\t\t\t\t\t  \n\t\t\t\t\t\t\t  <\/a>\n\n\t\t\t\t\t\t  <\/div>\n\t\t\t\t\t\t  <div class=\"relatedthumb \" style=\"width:125px;float:left;overflow:hidden;\">  \n\t\t\t\t\t\t\t  \n\t\t\t\t\t\t\t  <a  href=\"https:\/\/redept.com.br\/blogosfera\/encceja-resultado-de-pedidos-de-atendimento-especializado-e-divulgado\/\"  >\n\t\t\t\t\t\t\t\t\t  <div class=\"yuzo-img-wrap \" style=\"width: 125px;height:90px;\">\n\t\t\t\t\t\t\t\t\t\t\n\t\t\t\t\t\t\t\t\t\t<div class=\"yuzo-img\" style=\"background:url('https:\/\/redept.org\/blogosfera\/wp-content\/plugins\/yuzo-related-post\/assets\/images\/default.png') 50% 50% no-repeat;width: 125px;height:90px;margin-bottom: 5px;background-size: cover; \"><\/div>\n\t\t\t\t\t\t\t\t\t  <\/div>\n\t\t\t\t\t\t\t\t\t  \n\t\t\t\t\t\t\t\t   <span class=\"yuzo__text--title\" style=\"font-size:13px;\">Encceja: resultado de pedidos de atendimento espec...<\/span>\n\t\t\t\t\t\t\t  \n\t\t\t\t\t\t\t  \n\t\t\t\t\t\t\t  <\/a>\n\n\t\t\t\t\t\t  <\/div>\n<\/div> <script>\n\t\t\t\t\t\t  jQuery(document).ready(function( $ ){\n\t\t\t\t\t\t\t\/\/jQuery('.yuzo_related_post').equalizer({ overflow : 'relatedthumb' });\n\t\t\t\t\t\t\tjQuery('.yuzo_related_post .yuzo_wraps').equalizer({ columns : '> div' });\n\t\t\t\t\t\t   })\n\t\t\t\t\t\t  <\/script> <!-- End Yuzo :) -->","protected":false},"excerpt":{"rendered":"<p>As centrais sindicais protestaram nesta ter\u00e7a-feira (28), em frente ao Banco Central (BC), na Avenida Paulista, em S\u00e3o Paulo (SP), pela redu\u00e7\u00e3o dos juros. O Comit\u00ea de Pol\u00edtica Econ\u00f4mica (Copom) se re\u00fane at\u00e9 amanh\u00e3, quarta-feira (29), quando definir\u00e1 em quanto ficar\u00e1 a Selic, atualmente em 14,75% ao ano. O apelo do movimento sindical n\u00e3o \u00e9 [&hellip;]<\/p>\n","protected":false},"author":2,"featured_media":0,"comment_status":"open","ping_status":"closed","sticky":false,"template":"","format":"standard","meta":{"fifu_image_url":"","fifu_image_alt":"","footnotes":""},"categories":[279,119,52179,282,124,278,4391,602,4392,548,2719],"tags":[],"class_list":["post-85101","post","type-post","status-publish","format-standard","hentry","category-adilson-araujo","category-banco-central","category-centrais-sindcais","category-ctb","category-juros","category-movimentos","category-roberto-campos-neto","category-selic","category-taxa-basica-de-juros","category-taxa-de-juros","category-taxa-selic"],"_links":{"self":[{"href":"https:\/\/redept.com.br\/blogosfera\/wp-json\/wp\/v2\/posts\/85101","targetHints":{"allow":["GET"]}}],"collection":[{"href":"https:\/\/redept.com.br\/blogosfera\/wp-json\/wp\/v2\/posts"}],"about":[{"href":"https:\/\/redept.com.br\/blogosfera\/wp-json\/wp\/v2\/types\/post"}],"author":[{"embeddable":true,"href":"https:\/\/redept.com.br\/blogosfera\/wp-json\/wp\/v2\/users\/2"}],"replies":[{"embeddable":true,"href":"https:\/\/redept.com.br\/blogosfera\/wp-json\/wp\/v2\/comments?post=85101"}],"version-history":[{"count":0,"href":"https:\/\/redept.com.br\/blogosfera\/wp-json\/wp\/v2\/posts\/85101\/revisions"}],"wp:attachment":[{"href":"https:\/\/redept.com.br\/blogosfera\/wp-json\/wp\/v2\/media?parent=85101"}],"wp:term":[{"taxonomy":"category","embeddable":true,"href":"https:\/\/redept.com.br\/blogosfera\/wp-json\/wp\/v2\/categories?post=85101"},{"taxonomy":"post_tag","embeddable":true,"href":"https:\/\/redept.com.br\/blogosfera\/wp-json\/wp\/v2\/tags?post=85101"}],"curies":[{"name":"wp","href":"https:\/\/api.w.org\/{rel}","templated":true}]}}