{"id":85106,"date":"2026-04-28T14:03:25","date_gmt":"2026-04-28T17:03:25","guid":{"rendered":"https:\/\/redept.com.br\/blogosfera\/ataques-ao-voto-feminino-expoem-avanco-conservador-nos-eua\/"},"modified":"2026-04-28T14:03:25","modified_gmt":"2026-04-28T17:03:25","slug":"ataques-ao-voto-feminino-expoem-avanco-conservador-nos-eua","status":"publish","type":"post","link":"https:\/\/redept.com.br\/blogosfera\/ataques-ao-voto-feminino-expoem-avanco-conservador-nos-eua\/","title":{"rendered":"Ataques ao voto feminino exp\u00f5em avan\u00e7o conservador nos EUA"},"content":{"rendered":"<p><img fetchpriority=\"high\" width=\"836\" height=\"409\"src=\"https:\/\/redept.com.br\/blogosfera\/wp-content\/uploads\/2026\/04\/5298da7e-6053-49ac-8290-173046b77f46.jpg\" alt=\"\" decoding=\"async\" srcset=\"https:\/\/redept.com.br\/blogosfera\/wp-content\/uploads\/2026\/04\/5298da7e-6053-49ac-8290-173046b77f46.jpg 836w, https:\/\/vermelho.org.br\/wp-content\/uploads\/2026\/04\/5298da7e-6053-49ac-8290-173046b77f46-300x147.jpg 300w, https:\/\/vermelho.org.br\/wp-content\/uploads\/2026\/04\/5298da7e-6053-49ac-8290-173046b77f46-768x376.jpg 768w\" sizes=\"(max-width: 836px) 100vw, 836px\"><\/p>\n<p>Declara\u00e7\u00f5es que defendem o fim do voto feminino t\u00eam ganhado visibilidade nos Estados Unidos, impulsionadas por influenciadores, l\u00edderes religiosos e setores da extrema direita. Ainda que restritas a nichos e sem respaldo institucional direto, essas falas ampliam sua circula\u00e7\u00e3o e reintroduzem no debate p\u00fablico questionamentos sobre direitos consolidados das mulheres h\u00e1 mais de um s\u00e9culo.<\/p>\n<p><strong>Da extrema direita digital aos p\u00falpitos religiosos<\/strong><\/p>\n<p>O influenciador Nick Fuentes est\u00e1 entre os nomes que vocalizam esse posicionamento de forma mais expl\u00edcita. Ligado \u00e0 nova extrema direita digital, ele lidera o movimento America First e re\u00fane uma base de seguidores conhecida como \u201cGroypers\u201d. Fuentes ganhou proje\u00e7\u00e3o com transmiss\u00f5es ao vivo e podcasts nos quais combina nacionalismo, ataques \u00e0 imigra\u00e7\u00e3o e discursos contra minorias, al\u00e9m de j\u00e1 ter sido banido de plataformas tradicionais por violar pol\u00edticas contra discurso de \u00f3dio. Em suas falas, defende o retorno a modelos tradicionais de organiza\u00e7\u00e3o social e j\u00e1 afirmou que mulheres n\u00e3o deveriam votar.<\/p>\n<p>Esse tipo de discurso tamb\u00e9m encontra respaldo em setores religiosos conservadores. O pastor Doug Wilson \u00e9 um dos principais nomes do chamado nacionalismo crist\u00e3o no pa\u00eds. H\u00e1 d\u00e9cadas, defende a reorganiza\u00e7\u00e3o da sociedade com base em princ\u00edpios b\u00edblicos, com \u00eanfase em estruturas patriarcais e na autoridade masculina dentro da fam\u00edlia. A partir de Idaho, construiu uma rede de igrejas, escolas e institui\u00e7\u00f5es religiosas e, nos \u00faltimos anos, passou a ganhar espa\u00e7o em setores da direita ligados ao presidente Donald Trump. Entre suas propostas est\u00e1 o modelo de \u201cum voto por fam\u00edlia\u201d, no qual a decis\u00e3o pol\u00edtica caberia ao homem. Formula\u00e7\u00e3o que, na pr\u00e1tica, exclui as mulheres da participa\u00e7\u00e3o direta na vida pol\u00edtica.<\/p>\n<p>Na mesma linha, o pastor Dale Partridge tem difundido nas redes sociais cr\u00edticas diretas \u00e0 participa\u00e7\u00e3o pol\u00edtica das mulheres. Em uma publica\u00e7\u00e3o feita em 13 de fevereiro na plataforma X , afirmou que mulheres votam \u201ccom emo\u00e7\u00e3o\u201d, que a pol\u00edtica estaria \u201cfeminizada\u201d e defendeu a revoga\u00e7\u00e3o da 19\u00aa Emenda dos EUA.<\/p>\n<p>No mesmo conte\u00fado, associou a amplia\u00e7\u00e3o de direitos a um suposto \u201ccolapso\u201d das na\u00e7\u00f5es ocidentais, relacionando avan\u00e7os sociais a imigra\u00e7\u00e3o, multiculturalismo e mudan\u00e7as nos costumes. A formula\u00e7\u00e3o retoma uma l\u00f3gica recorrente nesses setores, que atribuem a grupos historicamente exclu\u00eddos (como mulheres e minorias) a responsabilidade por transforma\u00e7\u00f5es sociais, ao mesmo tempo em que justificam a restri\u00e7\u00e3o de direitos como resposta pol\u00edtica.<\/p>\n<\/p>\n<figure><img decoding=\"async\" width=\"430\" height=\"544\"src=\"https:\/\/redept.com.br\/blogosfera\/wp-content\/uploads\/2026\/04\/image-19-2.png\" alt=\"\" srcset=\"https:\/\/redept.com.br\/blogosfera\/wp-content\/uploads\/2026\/04\/image-19-2.png 430w, https:\/\/vermelho.org.br\/wp-content\/uploads\/2026\/04\/image-19-237x300.png 237w\" sizes=\"(max-width: 430px) 100vw, 430px\"><\/figure>\n<p><strong>Ofensiva conservadora mira o voto por vias indiretas<\/strong><\/p>\n<p>A 19\u00aa Emenda dos EUA, aprovada h\u00e1 mais de um s\u00e9culo, n\u00e3o est\u00e1 sob amea\u00e7a legislativa direta. Ainda assim, o avan\u00e7o desse tipo de discurso ocorre em paralelo a propostas concretas sobre regras eleitorais. Um projeto apoiado por Donald Trump, aprovado pela C\u00e2mara em abril de 2026, prev\u00ea exig\u00eancias mais r\u00edgidas de comprova\u00e7\u00e3o de cidadania e de correspond\u00eancia de nomes nos documentos apresentados no momento do voto.<\/p>\n<p>Na pr\u00e1tica, a medida pode atingir especialmente mulheres casadas que adotaram o sobrenome do parceiro, al\u00e9m de pessoas transg\u00eanero e eleitores de baixa renda. Em casos de diverg\u00eancia, o texto exige documenta\u00e7\u00e3o adicional, o que pode criar barreiras indiretas ao exerc\u00edcio do voto.<\/p>\n<p>Esse tipo de posicionamento tamb\u00e9m tem sido refor\u00e7ado por integrantes do pr\u00f3prio governo. Em agosto de 2025, o secret\u00e1rio de Defesa dos Estados Unidos, Pete Hegseth, republicou em suas redes sociais um v\u00eddeo de um pastor ligado ao nacionalismo crist\u00e3o que defende abertamente a exclus\u00e3o das mulheres do voto. O epis\u00f3dio evidencia como esse tipo de discurso passa a transitar tamb\u00e9m em esferas de poder, ampliando seu alcance pol\u00edtico.<\/p>\n<p>Esse conjunto de posi\u00e7\u00f5es emerge em um cen\u00e1rio de forte polariza\u00e7\u00e3o nos Estados Unidos, no qual disputas em torno de g\u00eanero, direitos e participa\u00e7\u00e3o pol\u00edtica t\u00eam se intensificado. Em setores conservadores, mulheres t\u00eam sido associadas a transforma\u00e7\u00f5es sociais recentes, como o avan\u00e7o de agendas progressistas e mudan\u00e7as no comportamento eleitoral. Dados indicam que eleitoras americanas tendem a votar majoritariamente em candidatos do Partido Democrata, o que refor\u00e7a seu peso nas disputas pol\u00edticas.<\/p>\n<p>Mais do que epis\u00f3dios isolados, a circula\u00e7\u00e3o dessas ideias revela uma ofensiva pol\u00edtica mais ampla. Ao colocar em d\u00favida o direito ao voto feminino, ainda que sem viabilidade imediata, esses discursos atuam para deslocar o debate p\u00fablico e fragilizar conquistas hist\u00f3ricas.<\/p>\n<p>Na pr\u00e1tica, esse tipo de narrativa reabre disputas que j\u00e1 estavam consolidadas e cria um ambiente em que direitos passam a ser tratados como pass\u00edveis de revis\u00e3o. \u00c9 nesse processo que agendas conservadoras e regressivas deixam de permanecer restritas a nichos e passam a disputar espa\u00e7o no centro do debate pol\u00edtico, tensionando, na pr\u00e1tica, os limites da pr\u00f3pria democracia.<\/p>\n<p>O post <a href=\"https:\/\/vermelho.org.br\/2026\/04\/28\/ataques-ao-voto-feminino-expoem-avanco-conservador-nos-eua\/\">Ataques ao voto feminino exp\u00f5em avan\u00e7o conservador nos EUA<\/a> apareceu primeiro em <a href=\"https:\/\/vermelho.org.br\/\">Vermelho<\/a>.<\/p>\n<!-- Begin Yuzo --><div class='yuzo_related_post style-1'  data-version='5.12.89'><!-- without result --><div class='yuzo_clearfixed yuzo__title yuzo__title'><h3>Related Post<\/h3><\/div>\n\t\t\t\t\t\t  <div class=\"relatedthumb \" style=\"width:125px;float:left;overflow:hidden;\">  \n\t\t\t\t\t\t\t  \n\t\t\t\t\t\t\t  <a  href=\"https:\/\/redept.com.br\/blogosfera\/nos-temos-consciencia-que-vamos-baixar-o-custo-de-vida-garante-lula\/\"  >\n\t\t\t\t\t\t\t\t\t  <div class=\"yuzo-img-wrap \" style=\"width: 125px;height:90px;\">\n\t\t\t\t\t\t\t\t\t\t\n\t\t\t\t\t\t\t\t\t\t<div class=\"yuzo-img\" style=\"background:url('https:\/\/redept.org\/blogosfera\/wp-content\/plugins\/yuzo-related-post\/assets\/images\/default.png') 50% 50% no-repeat;width: 125px;height:90px;margin-bottom: 5px;background-size: cover; \"><\/div>\n\t\t\t\t\t\t\t\t\t  <\/div>\n\t\t\t\t\t\t\t\t\t  \n\t\t\t\t\t\t\t\t   <span class=\"yuzo__text--title\" style=\"font-size:13px;\">\u201cN\u00f3s temos consci\u00eancia que vamos baixar o custo de...<\/span>\n\t\t\t\t\t\t\t  \n\t\t\t\t\t\t\t  \n\t\t\t\t\t\t\t  <\/a>\n\n\t\t\t\t\t\t  <\/div>\n\t\t\t\t\t\t  <div class=\"relatedthumb \" style=\"width:125px;float:left;overflow:hidden;\">  \n\t\t\t\t\t\t\t  \n\t\t\t\t\t\t\t  <a  href=\"https:\/\/redept.com.br\/blogosfera\/com-voto-do-pt-senado-autoriza-uso-de-fundo-para-custear-programa-pe-de-meia\/\"  >\n\t\t\t\t\t\t\t\t\t  <div class=\"yuzo-img-wrap \" style=\"width: 125px;height:90px;\">\n\t\t\t\t\t\t\t\t\t\t\n\t\t\t\t\t\t\t\t\t\t<div class=\"yuzo-img\" style=\"background:url('https:\/\/redept.org\/blogosfera\/wp-content\/plugins\/yuzo-related-post\/assets\/images\/default.png') 50% 50% no-repeat;width: 125px;height:90px;margin-bottom: 5px;background-size: cover; \"><\/div>\n\t\t\t\t\t\t\t\t\t  <\/div>\n\t\t\t\t\t\t\t\t\t  \n\t\t\t\t\t\t\t\t   <span class=\"yuzo__text--title\" style=\"font-size:13px;\">Com voto do PT, Senado autoriza uso de fundo para ...<\/span>\n\t\t\t\t\t\t\t  \n\t\t\t\t\t\t\t  \n\t\t\t\t\t\t\t  <\/a>\n\n\t\t\t\t\t\t  <\/div>\n\t\t\t\t\t\t  <div class=\"relatedthumb \" style=\"width:125px;float:left;overflow:hidden;\">  \n\t\t\t\t\t\t\t  \n\t\t\t\t\t\t\t  <a  href=\"https:\/\/redept.com.br\/blogosfera\/tocantins-avanca-na-construcao-de-proposta-de-politica-publica-para-agroecologia\/\"  >\n\t\t\t\t\t\t\t\t\t  <div class=\"yuzo-img-wrap \" style=\"width: 125px;height:90px;\">\n\t\t\t\t\t\t\t\t\t\t\n\t\t\t\t\t\t\t\t\t\t<div class=\"yuzo-img\" style=\"background:url('https:\/\/redept.com.br\/blogosfera\/wp-content\/uploads\/2025\/02\/To-150x150.jpg') 50% 50% no-repeat;width: 125px;height:90px;margin-bottom: 5px;background-size: cover; \"><\/div>\n\t\t\t\t\t\t\t\t\t  <\/div>\n\t\t\t\t\t\t\t\t\t  \n\t\t\t\t\t\t\t\t   <span class=\"yuzo__text--title\" style=\"font-size:13px;\">Tocantins avan\u00e7a na constru\u00e7\u00e3o de proposta de Pol\u00ed...<\/span>\n\t\t\t\t\t\t\t  \n\t\t\t\t\t\t\t  \n\t\t\t\t\t\t\t  <\/a>\n\n\t\t\t\t\t\t  <\/div>\n\t\t\t\t\t\t  <div class=\"relatedthumb \" style=\"width:125px;float:left;overflow:hidden;\">  \n\t\t\t\t\t\t\t  \n\t\t\t\t\t\t\t  <a  href=\"https:\/\/redept.com.br\/blogosfera\/china-abre-portas-para-cafe-brasileiro-apos-tarifas-dos-eua-183-empresas-liberadas\/\"  >\n\t\t\t\t\t\t\t\t\t  <div class=\"yuzo-img-wrap \" style=\"width: 125px;height:90px;\">\n\t\t\t\t\t\t\t\t\t\t\n\t\t\t\t\t\t\t\t\t\t<div class=\"yuzo-img\" style=\"background:url('https:\/\/redept.org\/blogosfera\/wp-content\/plugins\/yuzo-related-post\/assets\/images\/default.png') 50% 50% no-repeat;width: 125px;height:90px;margin-bottom: 5px;background-size: cover; \"><\/div>\n\t\t\t\t\t\t\t\t\t  <\/div>\n\t\t\t\t\t\t\t\t\t  \n\t\t\t\t\t\t\t\t   <span class=\"yuzo__text--title\" style=\"font-size:13px;\">China abre portas para caf\u00e9 brasileiro ap\u00f3s tarifa...<\/span>\n\t\t\t\t\t\t\t  \n\t\t\t\t\t\t\t  \n\t\t\t\t\t\t\t  <\/a>\n\n\t\t\t\t\t\t  <\/div>\n<\/div> <script>\n\t\t\t\t\t\t  jQuery(document).ready(function( $ ){\n\t\t\t\t\t\t\t\/\/jQuery('.yuzo_related_post').equalizer({ overflow : 'relatedthumb' });\n\t\t\t\t\t\t\tjQuery('.yuzo_related_post .yuzo_wraps').equalizer({ columns : '> div' });\n\t\t\t\t\t\t   })\n\t\t\t\t\t\t  <\/script> <!-- End Yuzo :) -->","protected":false},"excerpt":{"rendered":"<p>Declara\u00e7\u00f5es que defendem o fim do voto feminino t\u00eam ganhado visibilidade nos Estados Unidos, impulsionadas por influenciadores, l\u00edderes religiosos e setores da extrema direita. Ainda que restritas a nichos e sem respaldo institucional direto, essas falas ampliam sua circula\u00e7\u00e3o e reintroduzem no debate p\u00fablico questionamentos sobre direitos consolidados das mulheres h\u00e1 mais de um s\u00e9culo. [&hellip;]<\/p>\n","protected":false},"author":2,"featured_media":0,"comment_status":"open","ping_status":"closed","sticky":false,"template":"","format":"standard","meta":{"fifu_image_url":"","fifu_image_alt":"","footnotes":""},"categories":[50,29],"tags":[],"class_list":["post-85106","post","type-post","status-publish","format-standard","hentry","category-internacional","category-sao-paulo"],"_links":{"self":[{"href":"https:\/\/redept.com.br\/blogosfera\/wp-json\/wp\/v2\/posts\/85106","targetHints":{"allow":["GET"]}}],"collection":[{"href":"https:\/\/redept.com.br\/blogosfera\/wp-json\/wp\/v2\/posts"}],"about":[{"href":"https:\/\/redept.com.br\/blogosfera\/wp-json\/wp\/v2\/types\/post"}],"author":[{"embeddable":true,"href":"https:\/\/redept.com.br\/blogosfera\/wp-json\/wp\/v2\/users\/2"}],"replies":[{"embeddable":true,"href":"https:\/\/redept.com.br\/blogosfera\/wp-json\/wp\/v2\/comments?post=85106"}],"version-history":[{"count":0,"href":"https:\/\/redept.com.br\/blogosfera\/wp-json\/wp\/v2\/posts\/85106\/revisions"}],"wp:attachment":[{"href":"https:\/\/redept.com.br\/blogosfera\/wp-json\/wp\/v2\/media?parent=85106"}],"wp:term":[{"taxonomy":"category","embeddable":true,"href":"https:\/\/redept.com.br\/blogosfera\/wp-json\/wp\/v2\/categories?post=85106"},{"taxonomy":"post_tag","embeddable":true,"href":"https:\/\/redept.com.br\/blogosfera\/wp-json\/wp\/v2\/tags?post=85106"}],"curies":[{"name":"wp","href":"https:\/\/api.w.org\/{rel}","templated":true}]}}