{"id":85109,"date":"2026-04-28T14:09:59","date_gmt":"2026-04-28T17:09:59","guid":{"rendered":"https:\/\/redept.com.br\/blogosfera\/assassinatos-no-campo-dobram-em-2025-e-sem-terra-seguem-na-linha-de-frente-da-resistencia\/"},"modified":"2026-04-28T14:09:59","modified_gmt":"2026-04-28T17:09:59","slug":"assassinatos-no-campo-dobram-em-2025-e-sem-terra-seguem-na-linha-de-frente-da-resistencia","status":"publish","type":"post","link":"https:\/\/redept.com.br\/blogosfera\/assassinatos-no-campo-dobram-em-2025-e-sem-terra-seguem-na-linha-de-frente-da-resistencia\/","title":{"rendered":"Assassinatos no campo dobram em 2025 e Sem Terra seguem na linha de frente da resist\u00eancia"},"content":{"rendered":"<figure><img fetchpriority=\"high\" fetchpriority=\"high\" decoding=\"async\" width=\"702\" height=\"558\"src=\"https:\/\/redept.com.br\/blogosfera\/wp-content\/uploads\/2026\/04\/image-23.jpg\" alt=\"\" srcset=\"https:\/\/redept.com.br\/blogosfera\/wp-content\/uploads\/2026\/04\/image-23.jpg 702w, https:\/\/mst.org.br\/wp-content\/uploads\/2026\/04\/image-23-300x238.jpg 300w\" sizes=\"(max-width: 702px) 100vw, 702px\"><figcaption><em>Imagem: Divulga\u00e7\u00e3o<\/em><\/figcaption><\/figure>\n<p><em>Da P\u00e1gina do MST<\/em><\/p>\n<p>O n\u00famero de assassinatos no campo brasileiro dobrou em 2025. Segundo o relat\u00f3rio Conflitos no Campo Brasil, divulgado nesta segunda-feira (27) pela Comiss\u00e3o Pastoral da Terra (CPT), foram 26 mortes registradas nos conflitos agr\u00e1rios do pa\u00eds, contra 13 no ano anterior. Dos 26 assassinados, 16 estavam na regi\u00e3o da Amaz\u00f4nia Legal. O Par\u00e1 e Rond\u00f4nia lideram o ranking de mortes, com 7 v\u00edtimas fatais cada \u2014 e foi nesses dois estados que ocorreram os dois massacres registrados no per\u00edodo, cada um com tr\u00eas mortes.<\/p>\n<p>Apesar do n\u00famero geral de conflitos ter ca\u00eddo 28% em rela\u00e7\u00e3o a 2024 \u2014 de 2.207 para 1.593 ocorr\u00eancias \u2014, os dados revelam que a redu\u00e7\u00e3o nos registros n\u00e3o significou recuo da viol\u00eancia. Ao contr\u00e1rio: ela se tornou mais letal.<\/p>\n<p>Entre todos os grupos que protagonizaram a\u00e7\u00f5es no campo em 2025, foram as trabalhadoras e os trabalhadores rurais sem terra os que mais se mobilizaram. Ao todo, foram 72 ocupa\u00e7\u00f5es e 9 acampamentos registrados, dentro de um total de 100 a\u00e7\u00f5es de resist\u00eancia \u2014 como acampamentos, ocupa\u00e7\u00f5es e retomadas \u2014, que comp\u00f5em parte dos 1.286 conflitos por terra documentados no per\u00edodo.<\/p>\n<figure><img decoding=\"async\" width=\"1024\" height=\"559\"src=\"https:\/\/redept.com.br\/blogosfera\/wp-content\/uploads\/2026\/04\/image-1-1.jpg\" alt=\"\" srcset=\"https:\/\/redept.com.br\/blogosfera\/wp-content\/uploads\/2026\/04\/image-1-1.jpg 1024w, https:\/\/mst.org.br\/wp-content\/uploads\/2026\/04\/image-1-1-300x164.jpg 300w, https:\/\/mst.org.br\/wp-content\/uploads\/2026\/04\/image-1-1-768x419.jpg 768w\" sizes=\"(max-width: 1024px) 100vw, 1024px\"><\/figure>\n<p>Os conflitos fundi\u00e1rios continuam sendo a principal forma de viol\u00eancia no campo: 75% de todas as ocorr\u00eancias, ou 1.186 registros, est\u00e3o relacionadas \u00e0 disputa pela ocupa\u00e7\u00e3o e pela posse da terra. O Maranh\u00e3o lidera com 190 casos, seguido pelo Par\u00e1 (142), Rond\u00f4nia (111) e Bahia (101).<\/p>\n<figure><img decoding=\"async\" width=\"1024\" height=\"559\"src=\"https:\/\/redept.com.br\/blogosfera\/wp-content\/uploads\/2026\/04\/image-21.jpg\" alt=\"\" srcset=\"https:\/\/redept.com.br\/blogosfera\/wp-content\/uploads\/2026\/04\/image-21.jpg 1024w, https:\/\/mst.org.br\/wp-content\/uploads\/2026\/04\/image-21-300x164.jpg 300w, https:\/\/mst.org.br\/wp-content\/uploads\/2026\/04\/image-21-768x419.jpg 768w\" sizes=\"(max-width: 1024px) 100vw, 1024px\"><\/figure>\n<p>O relat\u00f3rio aponta ainda crescimento no trabalho escravo rural. Foram 159 casos registrados em 2025, com 1.991 trabalhadores resgatados \u2014 aumento de 5% nos casos e de 23% no n\u00famero de pessoas libradas em rela\u00e7\u00e3o ao ano anterior. Um dos epis\u00f3dios mais graves ocorreu em Porto Alegre do Norte (MT), onde 586 pessoas foram resgatadas durante a constru\u00e7\u00e3o de uma usina. As atividades ligadas ao agroneg\u00f3cio \u2014 lavouras, cana-de-a\u00e7\u00facar, minera\u00e7\u00e3o e pecu\u00e1ria \u2014 concentram a maioria dos casos. Mato Grosso, Minas Gerais, Goi\u00e1s, Bahia, S\u00e3o Paulo e Maranh\u00e3o lideram o n\u00famero de trabalhadores resgatados.<\/p>\n<figure><img decoding=\"async\" width=\"1024\" height=\"559\"src=\"https:\/\/redept.com.br\/blogosfera\/wp-content\/uploads\/2026\/04\/image-22.jpg\" alt=\"\" srcset=\"https:\/\/redept.com.br\/blogosfera\/wp-content\/uploads\/2026\/04\/image-22.jpg 1024w, https:\/\/mst.org.br\/wp-content\/uploads\/2026\/04\/image-22-300x164.jpg 300w, https:\/\/mst.org.br\/wp-content\/uploads\/2026\/04\/image-22-768x419.jpg 768w\" sizes=\"(max-width: 1024px) 100vw, 1024px\"><\/figure>\n<p>J\u00e1 os conflitos pela \u00e1gua ca\u00edram para 148 ocorr\u00eancias, o menor n\u00famero em dez anos. Mesmo assim, com exce\u00e7\u00e3o do Distrito Federal, todos os estados brasileiros registraram ao menos um caso de disputa pelo acesso ou uso da \u00e1gua. Ind\u00edgenas, quilombolas, pequenos agricultores e ribeirinhos s\u00e3o as principais v\u00edtimas de casos como destrui\u00e7\u00e3o de mananciais, contamina\u00e7\u00e3o por agrot\u00f3xicos e impedimento de acesso \u00e0 \u00e1gua.<\/p>\n<h2>Resist\u00eancia popular n\u00e3o para<\/h2>\n<p>Mesmo diante da viol\u00eancia, os povos do campo n\u00e3o recuaram. Foram 502 manifesta\u00e7\u00f5es de luta registradas em 2025, com destaque para as mobiliza\u00e7\u00f5es contra o PL da Devasta\u00e7\u00e3o, o Marco Temporal e as a\u00e7\u00f5es durante a COP 30. Os povos ind\u00edgenas tiveram participa\u00e7\u00e3o expressiva, reagindo aos megaempreendimentos de infraestrutura, energia e transporte que amea\u00e7am seus territ\u00f3rios.<\/p>\n<p>Elaborado anualmente pela CPT desde 1985, o relat\u00f3rio Conflitos no Campo Brasil \u00e9 produzido a partir do trabalho de agentes pastorais em comunidades rurais de todo o pa\u00eds e serve de refer\u00eancia para universidades, ve\u00edculos de m\u00eddia e organismos governamentais e n\u00e3o-governamentais.<\/p>\n<p><em>Saiba mais sobre o relat\u00f3rio:<\/em><\/p>\n<figure>\n<div>\n<blockquote data-secret=\"t2GtQ1YR8x\"><p><a href=\"https:\/\/cptnacional.org.br\/caderno\/conflitos-no-campo-brasil-2025\/\">Conflitos no Campo Brasil 2025<\/a><\/p><\/blockquote>\n<\/div>\n<\/figure>\n<p><em>*Editado por Fernanda Alc\u00e2ntara<\/em><\/p>\n<p>O post <a href=\"https:\/\/mst.org.br\/2026\/04\/28\/assassinatos-no-campo-dobram-em-2025-e-sem-terra-seguem-na-linha-de-frente-da-resistencia\/\">Assassinatos no campo dobram em 2025 e Sem Terra seguem na linha de frente da resist\u00eancia<\/a> apareceu primeiro em <a href=\"https:\/\/mst.org.br\/\">MST<\/a>.<\/p>\n<!-- Begin Yuzo --><div class='yuzo_related_post style-1'  data-version='5.12.89'><!-- without result --><div class='yuzo_clearfixed yuzo__title yuzo__title'><h3>Related Post<\/h3><\/div>\n\t\t\t\t\t\t  <div class=\"relatedthumb \" style=\"width:125px;float:left;overflow:hidden;\">  \n\t\t\t\t\t\t\t  \n\t\t\t\t\t\t\t  <a  href=\"https:\/\/redept.com.br\/blogosfera\/proust-jameson-e-benjamin-em-jornada-anticapitalista\/\"  >\n\t\t\t\t\t\t\t\t\t  <div class=\"yuzo-img-wrap \" style=\"width: 125px;height:90px;\">\n\t\t\t\t\t\t\t\t\t\t\n\t\t\t\t\t\t\t\t\t\t<div class=\"yuzo-img\" style=\"background:url('https:\/\/redept.com.br\/blogosfera\/wp-content\/uploads\/2025\/02\/Screenshot-2025-02-07-at-19-38-13-060821_ra15253.webp-imagem-WEBP-1600-C397-2254-pixels-Redimensionada-27-150x150.png') 50% 50% no-repeat;width: 125px;height:90px;margin-bottom: 5px;background-size: cover; \"><\/div>\n\t\t\t\t\t\t\t\t\t  <\/div>\n\t\t\t\t\t\t\t\t\t  \n\t\t\t\t\t\t\t\t   <span class=\"yuzo__text--title\" style=\"font-size:13px;\">Proust, Jameson e Benjamin em jornada anticapitali...<\/span>\n\t\t\t\t\t\t\t  \n\t\t\t\t\t\t\t  \n\t\t\t\t\t\t\t  <\/a>\n\n\t\t\t\t\t\t  <\/div>\n\t\t\t\t\t\t  <div class=\"relatedthumb \" style=\"width:125px;float:left;overflow:hidden;\">  \n\t\t\t\t\t\t\t  \n\t\t\t\t\t\t\t  <a  href=\"https:\/\/redept.com.br\/blogosfera\/a-cosmocomputacao-contra-o-colonialismo-digital\/\"  >\n\t\t\t\t\t\t\t\t\t  <div class=\"yuzo-img-wrap \" style=\"width: 125px;height:90px;\">\n\t\t\t\t\t\t\t\t\t\t\n\t\t\t\t\t\t\t\t\t\t<div class=\"yuzo-img\" style=\"background:url('https:\/\/redept.com.br\/blogosfera\/wp-content\/uploads\/2026\/03\/photo_5055548855746759670_x-150x150.jpg') 50% 50% no-repeat;width: 125px;height:90px;margin-bottom: 5px;background-size: cover; \"><\/div>\n\t\t\t\t\t\t\t\t\t  <\/div>\n\t\t\t\t\t\t\t\t\t  \n\t\t\t\t\t\t\t\t   <span class=\"yuzo__text--title\" style=\"font-size:13px;\">A cosmocomputa\u00e7\u00e3o contra o colonialismo digital<\/span>\n\t\t\t\t\t\t\t  \n\t\t\t\t\t\t\t  \n\t\t\t\t\t\t\t  <\/a>\n\n\t\t\t\t\t\t  <\/div>\n\t\t\t\t\t\t  <div class=\"relatedthumb \" style=\"width:125px;float:left;overflow:hidden;\">  \n\t\t\t\t\t\t\t  \n\t\t\t\t\t\t\t  <a  href=\"https:\/\/redept.com.br\/blogosfera\/prazo-para-cadastramento-no-passe-livre-estudantil-na-paraiba-e-prorrogado\/\"  >\n\t\t\t\t\t\t\t\t\t  <div class=\"yuzo-img-wrap \" style=\"width: 125px;height:90px;\">\n\t\t\t\t\t\t\t\t\t\t\n\t\t\t\t\t\t\t\t\t\t<div class=\"yuzo-img\" style=\"background:url('https:\/\/redept.org\/blogosfera\/wp-content\/plugins\/yuzo-related-post\/assets\/images\/default.png') 50% 50% no-repeat;width: 125px;height:90px;margin-bottom: 5px;background-size: cover; \"><\/div>\n\t\t\t\t\t\t\t\t\t  <\/div>\n\t\t\t\t\t\t\t\t\t  \n\t\t\t\t\t\t\t\t   <span class=\"yuzo__text--title\" style=\"font-size:13px;\">Prazo para cadastramento no Passe Livre Estudantil...<\/span>\n\t\t\t\t\t\t\t  \n\t\t\t\t\t\t\t  \n\t\t\t\t\t\t\t  <\/a>\n\n\t\t\t\t\t\t  <\/div>\n\t\t\t\t\t\t  <div class=\"relatedthumb \" style=\"width:125px;float:left;overflow:hidden;\">  \n\t\t\t\t\t\t\t  \n\t\t\t\t\t\t\t  <a  href=\"https:\/\/redept.com.br\/blogosfera\/governo-lula-estuda-projeto-para-garantir-orcamento-fixo-para-universidades\/\"  >\n\t\t\t\t\t\t\t\t\t  <div class=\"yuzo-img-wrap \" style=\"width: 125px;height:90px;\">\n\t\t\t\t\t\t\t\t\t\t\n\t\t\t\t\t\t\t\t\t\t<div class=\"yuzo-img\" style=\"background:url('https:\/\/redept.com.br\/blogosfera\/wp-content\/uploads\/2025\/06\/universidade_arquivo-agbr-150x150.jpg') 50% 50% no-repeat;width: 125px;height:90px;margin-bottom: 5px;background-size: cover; \"><\/div>\n\t\t\t\t\t\t\t\t\t  <\/div>\n\t\t\t\t\t\t\t\t\t  \n\t\t\t\t\t\t\t\t   <span class=\"yuzo__text--title\" style=\"font-size:13px;\">Governo Lula estuda projeto para garantir or\u00e7ament...<\/span>\n\t\t\t\t\t\t\t  \n\t\t\t\t\t\t\t  \n\t\t\t\t\t\t\t  <\/a>\n\n\t\t\t\t\t\t  <\/div>\n<\/div> <script>\n\t\t\t\t\t\t  jQuery(document).ready(function( $ ){\n\t\t\t\t\t\t\t\/\/jQuery('.yuzo_related_post').equalizer({ overflow : 'relatedthumb' });\n\t\t\t\t\t\t\tjQuery('.yuzo_related_post .yuzo_wraps').equalizer({ columns : '> div' });\n\t\t\t\t\t\t   })\n\t\t\t\t\t\t  <\/script> <!-- End Yuzo :) -->","protected":false},"excerpt":{"rendered":"<p>Imagem: Divulga\u00e7\u00e3o Da P\u00e1gina do MST O n\u00famero de assassinatos no campo brasileiro dobrou em 2025. Segundo o relat\u00f3rio Conflitos no Campo Brasil, divulgado nesta segunda-feira (27) pela Comiss\u00e3o Pastoral da Terra (CPT), foram 26 mortes registradas nos conflitos agr\u00e1rios do pa\u00eds, contra 13 no ano anterior. Dos 26 assassinados, 16 estavam na regi\u00e3o da [&hellip;]<\/p>\n","protected":false},"author":2,"featured_media":0,"comment_status":"open","ping_status":"closed","sticky":false,"template":"","format":"standard","meta":{"fifu_image_url":"","fifu_image_alt":"","footnotes":""},"categories":[322,191,52180,324],"tags":[],"class_list":["post-85109","post","type-post","status-publish","format-standard","hentry","category-cpt","category-noticias","category-relatorio-cpt","category-violencia-no-campo"],"_links":{"self":[{"href":"https:\/\/redept.com.br\/blogosfera\/wp-json\/wp\/v2\/posts\/85109","targetHints":{"allow":["GET"]}}],"collection":[{"href":"https:\/\/redept.com.br\/blogosfera\/wp-json\/wp\/v2\/posts"}],"about":[{"href":"https:\/\/redept.com.br\/blogosfera\/wp-json\/wp\/v2\/types\/post"}],"author":[{"embeddable":true,"href":"https:\/\/redept.com.br\/blogosfera\/wp-json\/wp\/v2\/users\/2"}],"replies":[{"embeddable":true,"href":"https:\/\/redept.com.br\/blogosfera\/wp-json\/wp\/v2\/comments?post=85109"}],"version-history":[{"count":0,"href":"https:\/\/redept.com.br\/blogosfera\/wp-json\/wp\/v2\/posts\/85109\/revisions"}],"wp:attachment":[{"href":"https:\/\/redept.com.br\/blogosfera\/wp-json\/wp\/v2\/media?parent=85109"}],"wp:term":[{"taxonomy":"category","embeddable":true,"href":"https:\/\/redept.com.br\/blogosfera\/wp-json\/wp\/v2\/categories?post=85109"},{"taxonomy":"post_tag","embeddable":true,"href":"https:\/\/redept.com.br\/blogosfera\/wp-json\/wp\/v2\/tags?post=85109"}],"curies":[{"name":"wp","href":"https:\/\/api.w.org\/{rel}","templated":true}]}}