{"id":85122,"date":"2026-04-28T15:07:52","date_gmt":"2026-04-28T18:07:52","guid":{"rendered":"https:\/\/redept.com.br\/blogosfera\/brasileira-no-libano-diz-que-solidariedade-ajuda-a-suportar-ataques-mas-nao-saber-quanto-guerra-vai-durar-acaba-com-saude-mental\/"},"modified":"2026-04-28T15:07:52","modified_gmt":"2026-04-28T18:07:52","slug":"brasileira-no-libano-diz-que-solidariedade-ajuda-a-suportar-ataques-mas-nao-saber-quanto-guerra-vai-durar-acaba-com-saude-mental","status":"publish","type":"post","link":"https:\/\/redept.com.br\/blogosfera\/brasileira-no-libano-diz-que-solidariedade-ajuda-a-suportar-ataques-mas-nao-saber-quanto-guerra-vai-durar-acaba-com-saude-mental\/","title":{"rendered":"Brasileira no L\u00edbano diz que solidariedade ajuda a suportar ataques, mas n\u00e3o saber quanto guerra vai durar \u2018acaba com sa\u00fade mental\u2019"},"content":{"rendered":"<p>Moradora de Ballouneh, a cerca de 18 km ao norte da capital libanesa, a brasileira Amanda Kaddissi contou no programa Conex\u00e3o BdF, da r\u00e1dio Brasil de Fato, como \u00e9 viver em um pa\u00eds em guerra. Apesar de a regi\u00e3o ser relativamente mais calma do que o sul do pa\u00eds ou Beirute, ela diz que as [\u2026]<\/p>\n<p><a href=\"https:\/\/www.brasildefato.com.br\/2026\/04\/28\/brasileira-no-libano-diz-que-solidariedade-ajuda-a-suportar-ataques-mas-nao-saber-quanto-guerra-vai-durar-acaba-com-saude-mental\/\" rel=\"nofollow\">Fonte<\/a><\/p>\n<!-- Begin Yuzo --><div class='yuzo_related_post style-1'  data-version='5.12.89'><!-- without result --><div class='yuzo_clearfixed yuzo__title yuzo__title'><h3>Related Post<\/h3><\/div>\n\t\t\t\t\t\t  <div class=\"relatedthumb \" style=\"width:125px;float:left;overflow:hidden;\">  \n\t\t\t\t\t\t\t  \n\t\t\t\t\t\t\t  <a  href=\"https:\/\/redept.com.br\/blogosfera\/governo-lula-zera-imposto-de-alimentos-importados-confira-a-lista\/\"  >\n\t\t\t\t\t\t\t\t\t  <div class=\"yuzo-img-wrap \" style=\"width: 125px;height:90px;\">\n\t\t\t\t\t\t\t\t\t\t\n\t\t\t\t\t\t\t\t\t\t<div class=\"yuzo-img\" style=\"background:url('https:\/\/redept.com.br\/blogosfera\/wp-content\/uploads\/2025\/03\/Supermercado-150x150.jpg') 50% 50% no-repeat;width: 125px;height:90px;margin-bottom: 5px;background-size: cover; \"><\/div>\n\t\t\t\t\t\t\t\t\t  <\/div>\n\t\t\t\t\t\t\t\t\t  \n\t\t\t\t\t\t\t\t   <span class=\"yuzo__text--title\" style=\"font-size:13px;\">Governo Lula zera imposto de alimentos importados;...<\/span>\n\t\t\t\t\t\t\t  \n\t\t\t\t\t\t\t  \n\t\t\t\t\t\t\t  <\/a>\n\n\t\t\t\t\t\t  <\/div>\n\t\t\t\t\t\t  <div class=\"relatedthumb \" style=\"width:125px;float:left;overflow:hidden;\">  \n\t\t\t\t\t\t\t  \n\t\t\t\t\t\t\t  <a  href=\"https:\/\/redept.com.br\/blogosfera\/cuba-resiste-e-mundo-condena-cerco-energetico-imposto-por-washington\/\"  >\n\t\t\t\t\t\t\t\t\t  <div class=\"yuzo-img-wrap \" style=\"width: 125px;height:90px;\">\n\t\t\t\t\t\t\t\t\t\t\n\t\t\t\t\t\t\t\t\t\t<div class=\"yuzo-img\" style=\"background:url('https:\/\/redept.com.br\/blogosfera\/wp-content\/uploads\/2026\/01\/2ddc4c80-bec4-4cfc-8b37-66a172b6a85b-150x150.jpg') 50% 50% no-repeat;width: 125px;height:90px;margin-bottom: 5px;background-size: cover; \"><\/div>\n\t\t\t\t\t\t\t\t\t  <\/div>\n\t\t\t\t\t\t\t\t\t  \n\t\t\t\t\t\t\t\t   <span class=\"yuzo__text--title\" style=\"font-size:13px;\">Cuba resiste e mundo condena cerco energ\u00e9tico impo...<\/span>\n\t\t\t\t\t\t\t  \n\t\t\t\t\t\t\t  \n\t\t\t\t\t\t\t  <\/a>\n\n\t\t\t\t\t\t  <\/div>\n\t\t\t\t\t\t  <div class=\"relatedthumb \" style=\"width:125px;float:left;overflow:hidden;\">  \n\t\t\t\t\t\t\t  \n\t\t\t\t\t\t\t  <a  href=\"https:\/\/redept.com.br\/blogosfera\/cop30-lula-lidera-cupula-do-clima-e-anuncia-lancamento-historico-do-fundo-florestas-tropicais-para-sempre\/\"  >\n\t\t\t\t\t\t\t\t\t  <div class=\"yuzo-img-wrap \" style=\"width: 125px;height:90px;\">\n\t\t\t\t\t\t\t\t\t\t\n\t\t\t\t\t\t\t\t\t\t<div class=\"yuzo-img\" style=\"background:url('https:\/\/redept.org\/blogosfera\/wp-content\/plugins\/yuzo-related-post\/assets\/images\/default.png') 50% 50% no-repeat;width: 125px;height:90px;margin-bottom: 5px;background-size: cover; \"><\/div>\n\t\t\t\t\t\t\t\t\t  <\/div>\n\t\t\t\t\t\t\t\t\t  \n\t\t\t\t\t\t\t\t   <span class=\"yuzo__text--title\" style=\"font-size:13px;\">COP30: Lula lidera C\u00fapula do Clima e anuncia lan\u00e7a...<\/span>\n\t\t\t\t\t\t\t  \n\t\t\t\t\t\t\t  \n\t\t\t\t\t\t\t  <\/a>\n\n\t\t\t\t\t\t  <\/div>\n\t\t\t\t\t\t  <div class=\"relatedthumb \" style=\"width:125px;float:left;overflow:hidden;\">  \n\t\t\t\t\t\t\t  \n\t\t\t\t\t\t\t  <a  href=\"https:\/\/redept.com.br\/blogosfera\/entenda-proposta-de-acordo-do-inss-para-devolucao-de-descontos-ilegais\/\"  >\n\t\t\t\t\t\t\t\t\t  <div class=\"yuzo-img-wrap \" style=\"width: 125px;height:90px;\">\n\t\t\t\t\t\t\t\t\t\t\n\t\t\t\t\t\t\t\t\t\t<div class=\"yuzo-img\" style=\"background:url('https:\/\/redept.org\/blogosfera\/wp-content\/plugins\/yuzo-related-post\/assets\/images\/default.png') 50% 50% no-repeat;width: 125px;height:90px;margin-bottom: 5px;background-size: cover; \"><\/div>\n\t\t\t\t\t\t\t\t\t  <\/div>\n\t\t\t\t\t\t\t\t\t  \n\t\t\t\t\t\t\t\t   <span class=\"yuzo__text--title\" style=\"font-size:13px;\">Entenda proposta de acordo do INSS para devolu\u00e7\u00e3o ...<\/span>\n\t\t\t\t\t\t\t  \n\t\t\t\t\t\t\t  \n\t\t\t\t\t\t\t  <\/a>\n\n\t\t\t\t\t\t  <\/div>\n<\/div> <script>\n\t\t\t\t\t\t  jQuery(document).ready(function( $ ){\n\t\t\t\t\t\t\t\/\/jQuery('.yuzo_related_post').equalizer({ overflow : 'relatedthumb' });\n\t\t\t\t\t\t\tjQuery('.yuzo_related_post .yuzo_wraps').equalizer({ columns : '> div' });\n\t\t\t\t\t\t   })\n\t\t\t\t\t\t  <\/script> <!-- End Yuzo :) -->","protected":false},"excerpt":{"rendered":"<p>Moradora de Ballouneh, a cerca de 18 km ao norte da capital libanesa, a brasileira Amanda Kaddissi contou no programa Conex\u00e3o BdF, da r\u00e1dio Brasil de Fato, como \u00e9 viver em um pa\u00eds em guerra. Apesar de a regi\u00e3o ser relativamente mais calma do que o sul do pa\u00eds ou Beirute, ela diz que as [&hellip;]<\/p>\n","protected":false},"author":2,"featured_media":0,"comment_status":"open","ping_status":"closed","sticky":false,"template":"","format":"standard","meta":{"fifu_image_url":"","fifu_image_alt":"","footnotes":""},"categories":[9548,1571,513,6076,6773,52228,52229,29473,2000,4813,21932,52230,4129,651,52231,52232,7655,23930,980,516,52233,122,13710,50,518,52234,6167,1543,614,431,77],"tags":[],"class_list":["post-85122","post","type-post","status-publish","format-standard","hentry","category-ansiedade","category-ataques-israelenses","category-beirute","category-bombardeios","category-brasil-de-fato","category-brasileira-no-libano","category-brasileiros-retornando","category-campo-de-refugiados","category-cessar-fogo","category-conexao-bdf","category-conflito-oriente-medio","category-crise-economica-no-libano","category-crise-humanitaria","category-desemprego","category-deslocados-internos","category-eua-e-ira","category-evacuacao","category-falta-de-remedios","category-guerra-no-libano","category-hezbollah","category-impacto-psicologico","category-inflacao","category-inseguranca","category-internacional","category-itamaraty","category-mulher-brasileira","category-negociacoes-de-paz","category-refugiados","category-saude-mental","category-solidariedade","category-violencia"],"_links":{"self":[{"href":"https:\/\/redept.com.br\/blogosfera\/wp-json\/wp\/v2\/posts\/85122","targetHints":{"allow":["GET"]}}],"collection":[{"href":"https:\/\/redept.com.br\/blogosfera\/wp-json\/wp\/v2\/posts"}],"about":[{"href":"https:\/\/redept.com.br\/blogosfera\/wp-json\/wp\/v2\/types\/post"}],"author":[{"embeddable":true,"href":"https:\/\/redept.com.br\/blogosfera\/wp-json\/wp\/v2\/users\/2"}],"replies":[{"embeddable":true,"href":"https:\/\/redept.com.br\/blogosfera\/wp-json\/wp\/v2\/comments?post=85122"}],"version-history":[{"count":0,"href":"https:\/\/redept.com.br\/blogosfera\/wp-json\/wp\/v2\/posts\/85122\/revisions"}],"wp:attachment":[{"href":"https:\/\/redept.com.br\/blogosfera\/wp-json\/wp\/v2\/media?parent=85122"}],"wp:term":[{"taxonomy":"category","embeddable":true,"href":"https:\/\/redept.com.br\/blogosfera\/wp-json\/wp\/v2\/categories?post=85122"},{"taxonomy":"post_tag","embeddable":true,"href":"https:\/\/redept.com.br\/blogosfera\/wp-json\/wp\/v2\/tags?post=85122"}],"curies":[{"name":"wp","href":"https:\/\/api.w.org\/{rel}","templated":true}]}}