{"id":85138,"date":"2026-04-28T16:01:39","date_gmt":"2026-04-28T19:01:39","guid":{"rendered":"https:\/\/redept.com.br\/blogosfera\/discurso-mais-radical-ja-prejudica-a-popularidade-de-zema\/"},"modified":"2026-04-28T16:01:39","modified_gmt":"2026-04-28T19:01:39","slug":"discurso-mais-radical-ja-prejudica-a-popularidade-de-zema","status":"publish","type":"post","link":"https:\/\/redept.com.br\/blogosfera\/discurso-mais-radical-ja-prejudica-a-popularidade-de-zema\/","title":{"rendered":"Discurso mais radical j\u00e1 prejudica a popularidade de Zema"},"content":{"rendered":"<p><img fetchpriority=\"high\" width=\"1024\" height=\"731\"src=\"https:\/\/redept.com.br\/blogosfera\/wp-content\/uploads\/2026\/04\/364750303_10210832280561115_1802237569429188690_n.jpg\" alt=\"\" decoding=\"async\" srcset=\"https:\/\/vermelho.org.br\/wp-content\/uploads\/2026\/04\/364750303_10210832280561115_1802237569429188690_n-1024x731.jpg 1024w, https:\/\/vermelho.org.br\/wp-content\/uploads\/2026\/04\/364750303_10210832280561115_1802237569429188690_n-300x214.jpg 300w, https:\/\/vermelho.org.br\/wp-content\/uploads\/2026\/04\/364750303_10210832280561115_1802237569429188690_n-768x548.jpg 768w, https:\/\/redept.com.br\/blogosfera\/wp-content\/uploads\/2026\/04\/364750303_10210832280561115_1802237569429188690_n.jpg 1280w\" sizes=\"(max-width: 1024px) 100vw, 1024px\"><\/p>\n<p>A troca de figurino n\u00e3o caiu bem para Romeu Zema (Novo). Pouco mais de um m\u00eas ap\u00f3s renunciar ao Pal\u00e1cio Tiradentes para concorrer \u00e0 Presid\u00eancia da Rep\u00fablica, o ex-governador mineiro enfrenta uma queda de popularidade em seu reduto eleitoral \u2013 o estado de Minas Gerais.<\/p>\n<p>\u00c9 o que aponta a nova pesquisa Quest, contratada pelo Banco Genial e divulgada nesta ter\u00e7a-feira (28). De acordo com o levantamento, a aprova\u00e7\u00e3o ao governo Zema caiu de 62% para 52%. J\u00e1 a desaprova\u00e7\u00e3o saltou de 31% para 41%.<\/p>\n<p>S\u00e3o os piores \u00edndices j\u00e1 registrados pelo presidenci\u00e1vel do Novo, que governou Minas de janeiro de 2019 a mar\u00e7o deste ano. Num ind\u00edcio ainda mais claro de desgaste, a pesquisa tamb\u00e9m mostra que, entre os eleitores mineiros, 49% acham que Zema n\u00e3o merece eleger seu sucessor.<\/p>\n<p>O rev\u00e9s coincide com a radicaliza\u00e7\u00e3o do discurso de Zema, que, num aceno ao bolsonarismo, tem disparado cr\u00edticas mais duras e oportunistas a ministros do STF (Supremo Tribunal Federal). Seus alvos preferenciais s\u00e3o os ministros Alexandre de Moraes e, mais recentemente, Gilmar Mendes.<\/p>\n<p>A aposta parecia clara: alinhar-se a um campo mais radicalizado da direita nacional, buscando proje\u00e7\u00e3o al\u00e9m das fronteiras de Minas. Mas essa estrat\u00e9gia de confronto nem sempre dialoga com o perfil do eleitorado mineiro, historicamente mais avesso a rupturas bruscas e a conflitos institucionais abertos.<\/p>\n<p>Ao tensionar esse ambiente, o ex-governador pode ter ampliado sua visibilidade nacional \u2013 mas \u00e0 custa da eros\u00e3o local de apoio, com margem para mais perdas de f\u00f4lego. Enquanto o discurso ganha decib\u00e9is, a base pol\u00edtica que sustentou sua trajet\u00f3ria parece dar sinais de desconforto. A queda na aprova\u00e7\u00e3o e a resist\u00eancia \u00e0 ideia de um sucessor ligado a Zema sugerem que parte do eleitorado n\u00e3o acompanhou essa guinada.<\/p>\n<p>Embora n\u00e3o signifique, por si s\u00f3, um colapso de sua influ\u00eancia, a desidrata\u00e7\u00e3o do presidenci\u00e1vel do Novo imp\u00f5e limites claros. Em vez de sair do governo como fiador inconteste de uma nova lideran\u00e7a, Zema encerra o ciclo sob questionamentos dentro do pr\u00f3prio estado que governou.<\/p>\n<p>Zema tem indicadores econ\u00f4micos modestos \u2013 alguns p\u00edfios \u2013 e n\u00e3o ostenta vitrines em temas caros aos eleitores conservadores, como a seguran\u00e7a p\u00fablica. Mas nada incomodou mais os mineiros do que sua escalada belicosa contra o que ele chama de \u201cintoc\u00e1veis\u201d do STF. Minas Gerais, celeiro de modera\u00e7\u00e3o pol\u00edtica e ber\u00e7o de consensos republicanos, parece ter reagido mal \u00e0 tentativa de Zema se transformar num tribuno inflamado das hostilidades institucionais.<\/p>\n<p>Ao antagonizar membros do Supremo, o ex-governador repetiu jarg\u00f5es do bolsonarismo mais empedernido e flertou com ataques \u00e0 legitimidade da Corte. A hip\u00f3tese de que isso lhe renderia cr\u00e9dito entre o eleitorado mais conservador mostrou-se fr\u00e1gil \u2013 ao menos dentro das fronteiras de Minas.<\/p>\n<p>A ironia \u00e9 que Zema construiu sua imagem inicial como algu\u00e9m avesso ao \u201cbarulho\u201d pol\u00edtico, um gestor focado em resultados. Ao disputar o notici\u00e1rio nacional com xingamentos velados e cr\u00edticas hist\u00e9ricas ao Judici\u00e1rio, abandonou sua zona de conforto e abra\u00e7ou o caos do qual dizia querer dist\u00e2ncia. <\/p>\n<p>O resultado pr\u00e1tico \u00e9 que, agora, 44% do eleitorado mineiro deseja uma mudan\u00e7a completa no modelo de governo que ele representava. Apenas 13% querem a continuidade de seu trabalho. O megafone do arruaceiro institucional fracassou.<\/p>\n<p>O post <a href=\"https:\/\/vermelho.org.br\/2026\/04\/28\/discurso-mais-radical-ja-prejudica-a-popularidade-de-zema\/\">Discurso mais radical j\u00e1 prejudica a popularidade de Zema<\/a> apareceu primeiro em <a href=\"https:\/\/vermelho.org.br\/\">Vermelho<\/a>.<\/p>\n<!-- Begin Yuzo --><div class='yuzo_related_post style-1'  data-version='5.12.89'><!-- without result --><div class='yuzo_clearfixed yuzo__title yuzo__title'><h3>Related Post<\/h3><\/div>\n\t\t\t\t\t\t  <div class=\"relatedthumb \" style=\"width:125px;float:left;overflow:hidden;\">  \n\t\t\t\t\t\t\t  \n\t\t\t\t\t\t\t  <a  href=\"https:\/\/redept.com.br\/blogosfera\/dez-anos-do-golpe-contra-dilma-grande-fraude-praticada-pela-elite-e-a-midia-diz-ivan-valente\/\"  >\n\t\t\t\t\t\t\t\t\t  <div class=\"yuzo-img-wrap \" style=\"width: 125px;height:90px;\">\n\t\t\t\t\t\t\t\t\t\t\n\t\t\t\t\t\t\t\t\t\t<div class=\"yuzo-img\" style=\"background:url('https:\/\/redept.org\/blogosfera\/wp-content\/plugins\/yuzo-related-post\/assets\/images\/default.png') 50% 50% no-repeat;width: 125px;height:90px;margin-bottom: 5px;background-size: cover; \"><\/div>\n\t\t\t\t\t\t\t\t\t  <\/div>\n\t\t\t\t\t\t\t\t\t  \n\t\t\t\t\t\t\t\t   <span class=\"yuzo__text--title\" style=\"font-size:13px;\">Dez anos do golpe contra Dilma: \u2018Grande fraude pra...<\/span>\n\t\t\t\t\t\t\t  \n\t\t\t\t\t\t\t  \n\t\t\t\t\t\t\t  <\/a>\n\n\t\t\t\t\t\t  <\/div>\n\t\t\t\t\t\t  <div class=\"relatedthumb \" style=\"width:125px;float:left;overflow:hidden;\">  \n\t\t\t\t\t\t\t  \n\t\t\t\t\t\t\t  <a  href=\"https:\/\/redept.com.br\/blogosfera\/gleisi-comemora-condenacao-de-bolsonaro-e-rechaca-anistia-mas-sinaliza-para-reducao-de-penas-do-8-1\/\"  >\n\t\t\t\t\t\t\t\t\t  <div class=\"yuzo-img-wrap \" style=\"width: 125px;height:90px;\">\n\t\t\t\t\t\t\t\t\t\t\n\t\t\t\t\t\t\t\t\t\t<div class=\"yuzo-img\" style=\"background:url('https:\/\/redept.org\/blogosfera\/wp-content\/plugins\/yuzo-related-post\/assets\/images\/default.png') 50% 50% no-repeat;width: 125px;height:90px;margin-bottom: 5px;background-size: cover; \"><\/div>\n\t\t\t\t\t\t\t\t\t  <\/div>\n\t\t\t\t\t\t\t\t\t  \n\t\t\t\t\t\t\t\t   <span class=\"yuzo__text--title\" style=\"font-size:13px;\">Gleisi comemora condena\u00e7\u00e3o de Bolsonaro e recha\u00e7a ...<\/span>\n\t\t\t\t\t\t\t  \n\t\t\t\t\t\t\t  \n\t\t\t\t\t\t\t  <\/a>\n\n\t\t\t\t\t\t  <\/div>\n\t\t\t\t\t\t  <div class=\"relatedthumb \" style=\"width:125px;float:left;overflow:hidden;\">  \n\t\t\t\t\t\t\t  \n\t\t\t\t\t\t\t  <a  href=\"https:\/\/redept.com.br\/blogosfera\/por-que-prender-um-espiao\/\"  >\n\t\t\t\t\t\t\t\t\t  <div class=\"yuzo-img-wrap \" style=\"width: 125px;height:90px;\">\n\t\t\t\t\t\t\t\t\t\t\n\t\t\t\t\t\t\t\t\t\t<div class=\"yuzo-img\" style=\"background:url('https:\/\/redept.com.br\/blogosfera\/wp-content\/uploads\/2025\/05\/espiao-150x150.webp') 50% 50% no-repeat;width: 125px;height:90px;margin-bottom: 5px;background-size: cover; \"><\/div>\n\t\t\t\t\t\t\t\t\t  <\/div>\n\t\t\t\t\t\t\t\t\t  \n\t\t\t\t\t\t\t\t   <span class=\"yuzo__text--title\" style=\"font-size:13px;\">Por que prender um espi\u00e3o?<\/span>\n\t\t\t\t\t\t\t  \n\t\t\t\t\t\t\t  \n\t\t\t\t\t\t\t  <\/a>\n\n\t\t\t\t\t\t  <\/div>\n\t\t\t\t\t\t  <div class=\"relatedthumb \" style=\"width:125px;float:left;overflow:hidden;\">  \n\t\t\t\t\t\t\t  \n\t\t\t\t\t\t\t  <a  href=\"https:\/\/redept.com.br\/blogosfera\/alckmin-e-vieira-evitam-citar-trump-e-defendem-multilateralismo-perante-tensoes-comercias\/\"  >\n\t\t\t\t\t\t\t\t\t  <div class=\"yuzo-img-wrap \" style=\"width: 125px;height:90px;\">\n\t\t\t\t\t\t\t\t\t\t\n\t\t\t\t\t\t\t\t\t\t<div class=\"yuzo-img\" style=\"background:url('https:\/\/redept.com.br\/blogosfera\/wp-content\/uploads\/2025\/09\/54790803447_33481748d5_h-150x150.jpg') 50% 50% no-repeat;width: 125px;height:90px;margin-bottom: 5px;background-size: cover; \"><\/div>\n\t\t\t\t\t\t\t\t\t  <\/div>\n\t\t\t\t\t\t\t\t\t  \n\t\t\t\t\t\t\t\t   <span class=\"yuzo__text--title\" style=\"font-size:13px;\">Alckmin e Vieira evitam citar Trump e defendem mul...<\/span>\n\t\t\t\t\t\t\t  \n\t\t\t\t\t\t\t  \n\t\t\t\t\t\t\t  <\/a>\n\n\t\t\t\t\t\t  <\/div>\n<\/div> <script>\n\t\t\t\t\t\t  jQuery(document).ready(function( $ ){\n\t\t\t\t\t\t\t\/\/jQuery('.yuzo_related_post').equalizer({ overflow : 'relatedthumb' });\n\t\t\t\t\t\t\tjQuery('.yuzo_related_post .yuzo_wraps').equalizer({ columns : '> div' });\n\t\t\t\t\t\t   })\n\t\t\t\t\t\t  <\/script> <!-- End Yuzo :) -->","protected":false},"excerpt":{"rendered":"<p>A troca de figurino n\u00e3o caiu bem para Romeu Zema (Novo). Pouco mais de um m\u00eas ap\u00f3s renunciar ao Pal\u00e1cio Tiradentes para concorrer \u00e0 Presid\u00eancia da Rep\u00fablica, o ex-governador mineiro enfrenta uma queda de popularidade em seu reduto eleitoral \u2013 o estado de Minas Gerais. \u00c9 o que aponta a nova pesquisa Quest, contratada pelo [&hellip;]<\/p>\n","protected":false},"author":2,"featured_media":0,"comment_status":"open","ping_status":"closed","sticky":false,"template":"","format":"standard","meta":{"fifu_image_url":"","fifu_image_alt":"","footnotes":""},"categories":[1760,52298,132,3006,260],"tags":[],"class_list":["post-85138","post","type-post","status-publish","format-standard","hentry","category-eleicoes-2026","category-governo-zema","category-politica","category-romeu-zema","category-stf"],"_links":{"self":[{"href":"https:\/\/redept.com.br\/blogosfera\/wp-json\/wp\/v2\/posts\/85138","targetHints":{"allow":["GET"]}}],"collection":[{"href":"https:\/\/redept.com.br\/blogosfera\/wp-json\/wp\/v2\/posts"}],"about":[{"href":"https:\/\/redept.com.br\/blogosfera\/wp-json\/wp\/v2\/types\/post"}],"author":[{"embeddable":true,"href":"https:\/\/redept.com.br\/blogosfera\/wp-json\/wp\/v2\/users\/2"}],"replies":[{"embeddable":true,"href":"https:\/\/redept.com.br\/blogosfera\/wp-json\/wp\/v2\/comments?post=85138"}],"version-history":[{"count":0,"href":"https:\/\/redept.com.br\/blogosfera\/wp-json\/wp\/v2\/posts\/85138\/revisions"}],"wp:attachment":[{"href":"https:\/\/redept.com.br\/blogosfera\/wp-json\/wp\/v2\/media?parent=85138"}],"wp:term":[{"taxonomy":"category","embeddable":true,"href":"https:\/\/redept.com.br\/blogosfera\/wp-json\/wp\/v2\/categories?post=85138"},{"taxonomy":"post_tag","embeddable":true,"href":"https:\/\/redept.com.br\/blogosfera\/wp-json\/wp\/v2\/tags?post=85138"}],"curies":[{"name":"wp","href":"https:\/\/api.w.org\/{rel}","templated":true}]}}