{"id":85140,"date":"2026-04-28T16:54:43","date_gmt":"2026-04-28T19:54:43","guid":{"rendered":"https:\/\/redept.com.br\/blogosfera\/2-de-maio-mst-e-inimigos-do-batente-celebram-o-dia-do-trabalhador\/"},"modified":"2026-04-28T16:54:43","modified_gmt":"2026-04-28T19:54:43","slug":"2-de-maio-mst-e-inimigos-do-batente-celebram-o-dia-do-trabalhador","status":"publish","type":"post","link":"https:\/\/redept.com.br\/blogosfera\/2-de-maio-mst-e-inimigos-do-batente-celebram-o-dia-do-trabalhador\/","title":{"rendered":"2 de maio | MST e Inimigos do Batente celebram o Dia do Trabalhador"},"content":{"rendered":"<figure><img fetchpriority=\"high\" fetchpriority=\"high\" decoding=\"async\" width=\"1024\" height=\"768\"src=\"https:\/\/redept.com.br\/blogosfera\/wp-content\/uploads\/2026\/04\/credito_IaraCarvalho.jpeg\" alt=\"\" srcset=\"https:\/\/mst.org.br\/wp-content\/uploads\/2026\/04\/credito_IaraCarvalho-1024x768.jpeg 1024w, https:\/\/mst.org.br\/wp-content\/uploads\/2026\/04\/credito_IaraCarvalho-300x225.jpeg 300w, https:\/\/mst.org.br\/wp-content\/uploads\/2026\/04\/credito_IaraCarvalho-768x576.jpeg 768w, https:\/\/redept.com.br\/blogosfera\/wp-content\/uploads\/2026\/04\/credito_IaraCarvalho.jpeg 1280w\" sizes=\"(max-width: 1024px) 100vw, 1024px\"><figcaption><em>Foto: Iara Carvalho<\/em><\/figcaption><\/figure>\n<p><em>Por Espa\u00e7o Cultural Elza Soares<br \/>Da P\u00e1gina do MST<\/em><\/p>\n<p>No pr\u00f3ximo dia 02 de maio (s\u00e1bado), a s\u00e9rie <strong>\u201cO Samba da Minha Terra\u201d<\/strong> realiza uma edi\u00e7\u00e3o hist\u00f3rica no Espa\u00e7o Cultural Elza Soares, em S\u00e3o Paulo. O encontro celebra a for\u00e7a da classe trabalhadora, tendo como anfitri\u00f5es duas refer\u00eancias da luta pol\u00edtica e da cultura das rodas de samba: o MST e a roda de samba Inimigos do Batente. O sambista Moacyr Luz, personalidade referencial e inspiradora do samba brasileiro, desembarca em S\u00e3o Paulo para receber a Medalha Beth Carvalho, homenagem criada pela s\u00e9rie O Samba da Minha Terra.<\/p>\n<p><strong>Moacyr Luz: O Embaixador de todas as cidades<\/strong><\/p>\n<p><em>\u201cA escolha de Moacyr Luz para esta homenagem \u00e9 profundamente simb\u00f3lica. Fundador do lend\u00e1rio Samba do Trabalhador, que h\u00e1 duas d\u00e9cadas transforma as segundas-feiras do Rio de Janeiro em um ato de resist\u00eancia e celebra\u00e7\u00e3o, Moacyr tornou-se o embaixador de um modo de vida onde o samba \u00e9 o of\u00edcio e a identidade do povo\u201d<\/em>, afirmou Fernando Szegeri, integrante dos Inimigos do Batente.<\/p>\n<p>Com quase cinco d\u00e9cadas de trajet\u00f3ria e parcerias com g\u00eanios como Aldir Blanc e Paulo C\u00e9sar Pinheiro, Moacyr \u00e9 o cronista da alma brasileira. Sua vinda a S\u00e3o Paulo para ser agraciado com a medalha no contexto do 1\u00ba de Maio refor\u00e7a o v\u00ednculo indissoci\u00e1vel entre a arte e a lida di\u00e1ria da nossa gente.<\/p>\n<p>Mari Tavares, da coordena\u00e7\u00e3o do Espa\u00e7o Elza Soares, disse que <em>\u201co samba \u00e9 uma cultura criada pela classe trabalhadora. No samba, sempre que se canta, se luta tamb\u00e9m! Trazermos Moacyr Luz para esta homenagem, nesta data, \u00e9 a nossa maneira de celebrarmos toda a sua trajet\u00f3ria dedicada ao samba para, juntos, celebrarmos a for\u00e7a de todas as trabalhadoras e trabalhadores.\u201d<\/em><\/p>\n<p><strong>Legado Vivo: 80 anos de Beth Carvalho<\/strong><\/p>\n<p>A celebra\u00e7\u00e3o tamb\u00e9m marca uma data fundamental para a cultura brasileira: se estivesse entre n\u00f3s, a madrinha Beth Carvalho completaria 80 anos no dia 05 de maio. Embora sua partida tenha deixado uma lacuna, sua mem\u00f3ria e legado permanecem mais vivos do que nunca nas rodas de todo o pa\u00eds.<\/p>\n<p>Foi para manter acesa essa chama de milit\u00e2ncia e excel\u00eancia art\u00edstica que o MST e os Inimigos do Batente criaram a Medalha Beth Carvalho. A honraria reconhece aqueles que, como a pr\u00f3pria Beth, dedicam a vida a um Brasil mais justo, livre e profundamente sambista. Entregar esta medalha a Moacyr Luz \u00e0s v\u00e9speras do anivers\u00e1rio da madrinha \u00e9 um gesto de continuidade e de respeito \u00e0 ancestralidade que nos guia.<\/p>\n<p>Emocionado, Moacyr Luz falou sobre a rela\u00e7\u00e3o que tinha com Beth Carvalho: <em>\u201cA Beth Carvalho \u00e9 uma pessoa fundamental na minha vida. Por exemplo, foi ela que sugeriu a mudan\u00e7a do tema da m\u00fasica \u2018Saudades da Guanabara\u2019, que era uma outra letra. At\u00e9 falar do Rio de Janeiro foi uma sugest\u00e3o dela, da Beth. Foi a Beth que chegou pra mim e disse que conhecia muita gente que fazia m\u00fasica, mas compositores muito poucos, e eu era um deles. Isso me encheu de confian\u00e7a e de certeza que eu devia investir neste trabalho. E at\u00e9 hoje, todas as vezes que eu penso na Beth, eu penso nela andando pelo mundo, onde quer que esteja, pra conhecer uma m\u00fasica nova, um artista novo e pra abrir as portas para o infinito. Isso se chama Beth Carvalho, a madrinha de todos n\u00f3s\u201d<\/em>, definiu Moacyr Luz.<\/p>\n<p><strong>O Samba da Minha Terra<\/strong><\/p>\n<p>Nascida dessa conflu\u00eancia entre cultura e luta popular, a s\u00e9rie <strong>\u201cO Samba da Minha Terra\u201d<\/strong> promove encontros que revivem as tradi\u00e7\u00f5es dos pagodes de fundo de quintal, com m\u00fasica, conversa e comida brasileira de primeira, oriunda da agricultura ecol\u00f3gica da reforma agr\u00e1ria popular.<\/p>\n<p><em>\u201cO Espa\u00e7o Cultural Elza Soares tem muita afinidade com o samba e, de outro lado, a roda dos Inimigos do Batente sempre esteve em sintonia com as lutas populares\u201d<\/em>, pontuou Fernando Szegeri. <em>\u201cS\u00e3o momentos em que compartilhamos uma grande mesa comum simb\u00f3lica. Tem sido um acontecimento de samba onde todos os m\u00fasicos sentam, comem, conversam e fazem um tipo de esquenta para a roda de samba dos Inimigos do Batente, que \u00e9 um grupo que h\u00e1 27 anos faz roda na cidade de S\u00e3o Paulo\u201d<\/em>, completou Mari Tavares.<\/p>\n<p><strong>Sobre Moacyr Luz<\/strong><\/p>\n<p>Compositor, m\u00fasico, escritor e agitador cultural mais que consagrado, tem em quase cinco d\u00e9cadas de trajet\u00f3ria art\u00edstica dezenas e dezenas de can\u00e7\u00f5es gravadas em sua pr\u00f3pria voz e por artistas como Gilberto Gil, Faf\u00e1 de Bel\u00e9m, Maria Beth\u00e2nia, Zeca Pagodinho, entre muitos outros. Al\u00e9m da hist\u00f3rica parceria com Aldir Blanc, divide a autoria de muitos sucessos com os maiores compositores brasileiros de sua gera\u00e7\u00e3o, como Luiz Carlos da Vila, Nei Lopes, Herm\u00ednio Bello de Carvalho, Martinho da Vila, Wilson das Neves e in\u00fameros mais.<\/p>\n<p>Cultor e guardi\u00e3o dos modos de vida da cidade do Rio de Janeiro, onde nasceu e morou por toda a vida, tornou-se uma esp\u00e9cie de \u201cembaixador da cidade\u201d, t\u00edtulo que ele mesmo j\u00e1 outorgara ao legend\u00e1rio m\u00fasico e compositor Pixinguinha em \u201cSom de Prata\u201d, parceria com Paulo C\u00e9sar Pinheiro. Em 2005, funda ao lado de outros sambistas a roda \u201cSamba do Trabalhador\u201d, que viria a se tornar uma das mais emblem\u00e1ticas da cidade nas duas \u00faltimas d\u00e9cadas, como a assinalar, simb\u00f3lica e definitivamente, que a roda de samba \u00e9 o lugar dos trabalhadores.<\/p>\n<figure><img decoding=\"async\" width=\"682\" height=\"1024\"src=\"https:\/\/redept.com.br\/blogosfera\/wp-content\/uploads\/2026\/04\/credito_MarluceMartins.jpeg\" alt=\"\" srcset=\"https:\/\/mst.org.br\/wp-content\/uploads\/2026\/04\/credito_MarluceMartins-682x1024.jpeg 682w, https:\/\/mst.org.br\/wp-content\/uploads\/2026\/04\/credito_MarluceMartins-200x300.jpeg 200w, https:\/\/mst.org.br\/wp-content\/uploads\/2026\/04\/credito_MarluceMartins-768x1154.jpeg 768w, https:\/\/redept.com.br\/blogosfera\/wp-content\/uploads\/2026\/04\/credito_MarluceMartins.jpeg 852w\" sizes=\"(max-width: 682px) 100vw, 682px\"><figcaption><em>Foto: Marluce Martins<\/em><\/figcaption><\/figure>\n<p><strong>Sobre Beth Carvalho<\/strong><\/p>\n<p>Uma das mais reconhecidas cantoras populares do Brasil em todos os tempos, Beth Carvalho virou sin\u00f4nimo de samba ao longo de sua trajet\u00f3ria art\u00edstica de quase meio s\u00e9culo, com mais de trinta LPs gravados, quase integralmente dedicados ao g\u00eanero. Para al\u00e9m de seu papel decisivo na preserva\u00e7\u00e3o, divulga\u00e7\u00e3o e desenvolvimento do samba tradicional brasileiro, Beth destacou-se como incans\u00e1vel militante pol\u00edtica, sempre pronta a se posicionar ao lado dos que travaram as lutas por um Brasil mais justo, livre e igualit\u00e1rio. A ideia de associar a figura da artista a uma premia\u00e7\u00e3o que reconhece a import\u00e2ncia daqueles que dedicam sua vida ao samba \u00e9 uma maneira de destacar esse encontro, em amplo sentido, da cultura popular com a luta social e pol\u00edtica.<\/p>\n<p><strong>Espa\u00e7o Elza Soares<\/strong><\/p>\n<p>O Espa\u00e7o Cultural Elza Soares \u00e9 um espa\u00e7o cultural de car\u00e1ter independente, educativo, multiplicador, de produ\u00e7\u00e3o e difus\u00e3o cultural. Oferece uma ampla gama de atividades nas mais variadas linguagens art\u00edsticas, como teatro, cinema e audiovisual, m\u00fasica, culin\u00e1ria, artes visuais, esportes e diversas pr\u00e1ticas integrativas de bem-estar. Possui tamb\u00e9m uma ampla programa\u00e7\u00e3o de culin\u00e1ria intitulada \u201cCulin\u00e1ria da Terra\u201d, com pratos t\u00edpicos regionais que trazem para o concreto o debate sobre alimenta\u00e7\u00e3o saud\u00e1vel e a comida como direito humano fundamental. Al\u00e9m disso, o Espa\u00e7o j\u00e1 abrigou feiras de livros que promovem a literatura perif\u00e9rica e regional, oficinas de artes visuais que incentivam a criatividade e express\u00e3o art\u00edstica e muitas outras atividades que refor\u00e7am o protagonismo das comunidades do campo e das periferias, viabilizando a circula\u00e7\u00e3o da cultura material e imaterial desses agentes culturais.<\/p>\n<p><strong>Sobre os Inimigos do Batente<\/strong><\/p>\n<p>Fundada pelos m\u00fasicos Rail\u00eddia (voz), Fernando Szegeri (voz) e Paulinho Timor (percuss\u00e3o), a roda de samba dos Inimigos do Batente est\u00e1 em vias de completar 27 anos de atividade, 22 dos quais realizando apresenta\u00e7\u00f5es regulares no bar \u00d3 do Borogod\u00f3, um dos mais representativos redutos do samba e choro em S\u00e3o Paulo. A forma\u00e7\u00e3o atual dos Inimigos do Batente \u00e9 um pouquinho de Brasil, de periferia, de diversidade de of\u00edcios que convergem na paix\u00e3o pelo samba e pela roda de samba. S\u00e3o equilibristas entre o viver de m\u00fasica e a realidade que bate \u00e0 porta. S\u00e3o Inimigos do Batente a paraense Rail\u00eddia, jornalista e cantora; Fernando Szegeri, escritor e cantor; Paulinho Timor, produtor e percussionista; H\u00e9lio Guadalupe, carioca, funcion\u00e1rio p\u00fablico e cavaquinista; Luiz Tiobi, sete cordas, de fam\u00edlia de m\u00fasicos do interior de S\u00e3o Paulo; Dil Bandeco, metal\u00fargico e pandeirista; Koka Pereira, produtor, educador musical e percussionista. Nesse quarto de s\u00e9culo, a roda recebeu sambistas de diversas gera\u00e7\u00f5es e proced\u00eancias como Wilson Moreira, Monarco, Xang\u00f4 da Mangueira, Beth Carvalho, Nei Lopes, Wilson das Neves, Moacyr Luz, Tia Surica, Noca da Portela, Dona Inah, Carl\u00e3o do Peruche, Fabiana Cozza, entre tantos outros. Tamb\u00e9m se apresentaram em espet\u00e1culos ao lado de monstros sagrados como Paulo Vanzolini, Leci Brand\u00e3o e Ala\u00edde Costa, bem como das legend\u00e1rias Velhas Guardas do Camisa Verde-e-Branco (madrinha do grupo) e da Portela.<\/p>\n<figure>\n<figure><img decoding=\"async\" width=\"1024\" height=\"1024\" data-id=\"294697\"src=\"https:\/\/redept.com.br\/blogosfera\/wp-content\/uploads\/2026\/04\/Osambadaminhaterra1_maio-1.jpeg\" alt=\"\" srcset=\"https:\/\/mst.org.br\/wp-content\/uploads\/2026\/04\/Osambadaminhaterra1_maio-1-1024x1024.jpeg 1024w, https:\/\/mst.org.br\/wp-content\/uploads\/2026\/04\/Osambadaminhaterra1_maio-1-300x300.jpeg 300w, https:\/\/mst.org.br\/wp-content\/uploads\/2026\/04\/Osambadaminhaterra1_maio-1-150x150.jpeg 150w, https:\/\/mst.org.br\/wp-content\/uploads\/2026\/04\/Osambadaminhaterra1_maio-1-768x768.jpeg 768w, https:\/\/redept.com.br\/blogosfera\/wp-content\/uploads\/2026\/04\/Osambadaminhaterra1_maio-1.jpeg 1200w\" sizes=\"(max-width: 1024px) 100vw, 1024px\"><\/figure>\n<figure><img decoding=\"async\" width=\"1024\" height=\"1024\" data-id=\"294698\"src=\"https:\/\/redept.com.br\/blogosfera\/wp-content\/uploads\/2026\/04\/Osambadaminhaterra2_maio-1.jpeg\" alt=\"\" srcset=\"https:\/\/mst.org.br\/wp-content\/uploads\/2026\/04\/Osambadaminhaterra2_maio-1-1024x1024.jpeg 1024w, https:\/\/mst.org.br\/wp-content\/uploads\/2026\/04\/Osambadaminhaterra2_maio-1-300x300.jpeg 300w, https:\/\/mst.org.br\/wp-content\/uploads\/2026\/04\/Osambadaminhaterra2_maio-1-150x150.jpeg 150w, https:\/\/mst.org.br\/wp-content\/uploads\/2026\/04\/Osambadaminhaterra2_maio-1-768x768.jpeg 768w, https:\/\/redept.com.br\/blogosfera\/wp-content\/uploads\/2026\/04\/Osambadaminhaterra2_maio-1.jpeg 1200w\" sizes=\"(max-width: 1024px) 100vw, 1024px\"><\/figure>\n<\/figure>\n<p><strong>SERVI\u00c7O<\/strong><\/p>\n<p>O Samba da Minha Terra, edi\u00e7\u00e3o especial do Dia do Trabalhador: entrega da medalha Beth Carvalho ao compositor Moacyr Luz<br \/>Dia: 02 de maio de 2026<br \/>Hor\u00e1rio: Das 12h \u00e0s 18h<br \/>Local: Espa\u00e7o Cultural Elza Soares \u2013 Alameda Eduardo Prado, 474 \u2013 Campos El\u00edseos<br \/>Entrada gratuita. Alimentos e bebidas vendidos no local<\/p>\n<figure><\/figure>\n<p><em>*Editado por Leonardo Correia<\/em><\/p>\n<\/p>\n<p>O post <a href=\"https:\/\/mst.org.br\/2026\/04\/28\/2-de-maio-mst-e-inimigos-do-batente-celebram-o-dia-do-trabalhador\/\">2 de maio | MST e Inimigos do Batente celebram o Dia do Trabalhador<\/a> apareceu primeiro em <a href=\"https:\/\/mst.org.br\/\">MST<\/a>.<\/p>\n<!-- Begin Yuzo --><div class='yuzo_related_post style-1'  data-version='5.12.89'><!-- without result --><div class='yuzo_clearfixed yuzo__title yuzo__title'><h3>Related Post<\/h3><\/div>\n\t\t\t\t\t\t  <div class=\"relatedthumb \" style=\"width:125px;float:left;overflow:hidden;\">  \n\t\t\t\t\t\t\t  \n\t\t\t\t\t\t\t  <a  href=\"https:\/\/redept.com.br\/blogosfera\/moraes-manda-prender-marcelo-camara-ex-assessor-de-bolsonaro\/\"  >\n\t\t\t\t\t\t\t\t\t  <div class=\"yuzo-img-wrap \" style=\"width: 125px;height:90px;\">\n\t\t\t\t\t\t\t\t\t\t\n\t\t\t\t\t\t\t\t\t\t<div class=\"yuzo-img\" style=\"background:url('https:\/\/redept.org\/blogosfera\/wp-content\/plugins\/yuzo-related-post\/assets\/images\/default.png') 50% 50% no-repeat;width: 125px;height:90px;margin-bottom: 5px;background-size: cover; \"><\/div>\n\t\t\t\t\t\t\t\t\t  <\/div>\n\t\t\t\t\t\t\t\t\t  \n\t\t\t\t\t\t\t\t   <span class=\"yuzo__text--title\" style=\"font-size:13px;\">Moraes manda prender Marcelo C\u00e2mara, ex-assessor d...<\/span>\n\t\t\t\t\t\t\t  \n\t\t\t\t\t\t\t  \n\t\t\t\t\t\t\t  <\/a>\n\n\t\t\t\t\t\t  <\/div>\n\t\t\t\t\t\t  <div class=\"relatedthumb \" style=\"width:125px;float:left;overflow:hidden;\">  \n\t\t\t\t\t\t\t  \n\t\t\t\t\t\t\t  <a  href=\"https:\/\/redept.com.br\/blogosfera\/milicias-caneta-na-mao-e-bolso-cheio\/\"  >\n\t\t\t\t\t\t\t\t\t  <div class=\"yuzo-img-wrap \" style=\"width: 125px;height:90px;\">\n\t\t\t\t\t\t\t\t\t\t\n\t\t\t\t\t\t\t\t\t\t<div class=\"yuzo-img\" style=\"background:url('https:\/\/redept.org\/blogosfera\/wp-content\/plugins\/yuzo-related-post\/assets\/images\/default.png') 50% 50% no-repeat;width: 125px;height:90px;margin-bottom: 5px;background-size: cover; \"><\/div>\n\t\t\t\t\t\t\t\t\t  <\/div>\n\t\t\t\t\t\t\t\t\t  \n\t\t\t\t\t\t\t\t   <span class=\"yuzo__text--title\" style=\"font-size:13px;\">Mil\u00edcias: caneta na m\u00e3o e bolso cheio<\/span>\n\t\t\t\t\t\t\t  \n\t\t\t\t\t\t\t  \n\t\t\t\t\t\t\t  <\/a>\n\n\t\t\t\t\t\t  <\/div>\n\t\t\t\t\t\t  <div class=\"relatedthumb \" style=\"width:125px;float:left;overflow:hidden;\">  \n\t\t\t\t\t\t\t  \n\t\t\t\t\t\t\t  <a  href=\"https:\/\/redept.com.br\/blogosfera\/fuga-de-zambelli-deve-servir-de-alerta-ao-judiciario-adverte-deputado\/\"  >\n\t\t\t\t\t\t\t\t\t  <div class=\"yuzo-img-wrap \" style=\"width: 125px;height:90px;\">\n\t\t\t\t\t\t\t\t\t\t\n\t\t\t\t\t\t\t\t\t\t<div class=\"yuzo-img\" style=\"background:url('https:\/\/redept.com.br\/blogosfera\/wp-content\/uploads\/2025\/06\/image-18-150x150.png') 50% 50% no-repeat;width: 125px;height:90px;margin-bottom: 5px;background-size: cover; \"><\/div>\n\t\t\t\t\t\t\t\t\t  <\/div>\n\t\t\t\t\t\t\t\t\t  \n\t\t\t\t\t\t\t\t   <span class=\"yuzo__text--title\" style=\"font-size:13px;\">Fuga de Zambelli deve servir de alerta ao judici\u00e1r...<\/span>\n\t\t\t\t\t\t\t  \n\t\t\t\t\t\t\t  \n\t\t\t\t\t\t\t  <\/a>\n\n\t\t\t\t\t\t  <\/div>\n\t\t\t\t\t\t  <div class=\"relatedthumb \" style=\"width:125px;float:left;overflow:hidden;\">  \n\t\t\t\t\t\t\t  \n\t\t\t\t\t\t\t  <a  href=\"https:\/\/redept.com.br\/blogosfera\/em-ano-de-cop-e-crise-climatica-alcolumbre-e-motta-nada-tem-a-dizer-sobre-meio-ambiente\/\"  >\n\t\t\t\t\t\t\t\t\t  <div class=\"yuzo-img-wrap \" style=\"width: 125px;height:90px;\">\n\t\t\t\t\t\t\t\t\t\t\n\t\t\t\t\t\t\t\t\t\t<div class=\"yuzo-img\" style=\"background:url('https:\/\/redept.org\/blogosfera\/wp-content\/plugins\/yuzo-related-post\/assets\/images\/default.png') 50% 50% no-repeat;width: 125px;height:90px;margin-bottom: 5px;background-size: cover; \"><\/div>\n\t\t\t\t\t\t\t\t\t  <\/div>\n\t\t\t\t\t\t\t\t\t  \n\t\t\t\t\t\t\t\t   <span class=\"yuzo__text--title\" style=\"font-size:13px;\">Em ano de COP e crise clim\u00e1tica, Alcolumbre e Mott...<\/span>\n\t\t\t\t\t\t\t  \n\t\t\t\t\t\t\t  \n\t\t\t\t\t\t\t  <\/a>\n\n\t\t\t\t\t\t  <\/div>\n<\/div> <script>\n\t\t\t\t\t\t  jQuery(document).ready(function( $ ){\n\t\t\t\t\t\t\t\/\/jQuery('.yuzo_related_post').equalizer({ overflow : 'relatedthumb' });\n\t\t\t\t\t\t\tjQuery('.yuzo_related_post .yuzo_wraps').equalizer({ columns : '> div' });\n\t\t\t\t\t\t   })\n\t\t\t\t\t\t  <\/script> <!-- End Yuzo :) -->","protected":false},"excerpt":{"rendered":"<p>Foto: Iara Carvalho Por Espa\u00e7o Cultural Elza SoaresDa P\u00e1gina do MST No pr\u00f3ximo dia 02 de maio (s\u00e1bado), a s\u00e9rie \u201cO Samba da Minha Terra\u201d realiza uma edi\u00e7\u00e3o hist\u00f3rica no Espa\u00e7o Cultural Elza Soares, em S\u00e3o Paulo. O encontro celebra a for\u00e7a da classe trabalhadora, tendo como anfitri\u00f5es duas refer\u00eancias da luta pol\u00edtica e da [&hellip;]<\/p>\n","protected":false},"author":2,"featured_media":0,"comment_status":"open","ping_status":"closed","sticky":false,"template":"","format":"standard","meta":{"fifu_image_url":"","fifu_image_alt":"","footnotes":""},"categories":[309,2195,2416,191,765,29],"tags":[],"class_list":["post-85140","post","type-post","status-publish","format-standard","hentry","category-cultura","category-cultura-brasileira","category-espaco-cultural-elza-soares","category-noticias","category-samba","category-sao-paulo"],"_links":{"self":[{"href":"https:\/\/redept.com.br\/blogosfera\/wp-json\/wp\/v2\/posts\/85140","targetHints":{"allow":["GET"]}}],"collection":[{"href":"https:\/\/redept.com.br\/blogosfera\/wp-json\/wp\/v2\/posts"}],"about":[{"href":"https:\/\/redept.com.br\/blogosfera\/wp-json\/wp\/v2\/types\/post"}],"author":[{"embeddable":true,"href":"https:\/\/redept.com.br\/blogosfera\/wp-json\/wp\/v2\/users\/2"}],"replies":[{"embeddable":true,"href":"https:\/\/redept.com.br\/blogosfera\/wp-json\/wp\/v2\/comments?post=85140"}],"version-history":[{"count":0,"href":"https:\/\/redept.com.br\/blogosfera\/wp-json\/wp\/v2\/posts\/85140\/revisions"}],"wp:attachment":[{"href":"https:\/\/redept.com.br\/blogosfera\/wp-json\/wp\/v2\/media?parent=85140"}],"wp:term":[{"taxonomy":"category","embeddable":true,"href":"https:\/\/redept.com.br\/blogosfera\/wp-json\/wp\/v2\/categories?post=85140"},{"taxonomy":"post_tag","embeddable":true,"href":"https:\/\/redept.com.br\/blogosfera\/wp-json\/wp\/v2\/tags?post=85140"}],"curies":[{"name":"wp","href":"https:\/\/api.w.org\/{rel}","templated":true}]}}