{"id":85149,"date":"2026-04-28T16:56:12","date_gmt":"2026-04-28T19:56:12","guid":{"rendered":"https:\/\/redept.com.br\/blogosfera\/revolucoes-no-sahel-presidente-do-mali-reaparece-apos-ataques-de-grupos-islamistas-no-final-de-semana\/"},"modified":"2026-04-28T16:56:12","modified_gmt":"2026-04-28T19:56:12","slug":"revolucoes-no-sahel-presidente-do-mali-reaparece-apos-ataques-de-grupos-islamistas-no-final-de-semana","status":"publish","type":"post","link":"https:\/\/redept.com.br\/blogosfera\/revolucoes-no-sahel-presidente-do-mali-reaparece-apos-ataques-de-grupos-islamistas-no-final-de-semana\/","title":{"rendered":"Revolu\u00e7\u00f5es no Sahel: presidente do Mali reaparece ap\u00f3s ataques de grupos islamistas no final de semana"},"content":{"rendered":"<p>O presidente da junta militar do Mali, Assimi Goita, que n\u00e3o havia sido visto em p\u00fablico e cujo paradeiro era desconhecido desde os ataques rebeldes sem precedentes de s\u00e1bado (25), reapareceu nesta ter\u00e7a-feira (28). Goita recebeu o embaixador da R\u00fassia no pa\u00eds, informou a Presid\u00eancia do Mali, que divulgou fotos do encontro. Os ataques realizados [\u2026]<\/p>\n<p><a href=\"https:\/\/www.brasildefato.com.br\/2026\/04\/28\/revolucoes-no-sahel-presidente-do-mali-reaparece-apos-ataques-de-grupos-islamistas-no-final-de-semana\/\" rel=\"nofollow\">Fonte<\/a><\/p>\n<!-- Begin Yuzo --><div class='yuzo_related_post style-1'  data-version='5.12.89'><!-- without result --><div class='yuzo_clearfixed yuzo__title yuzo__title'><h3>Related Post<\/h3><\/div>\n\t\t\t\t\t\t  <div class=\"relatedthumb \" style=\"width:125px;float:left;overflow:hidden;\">  \n\t\t\t\t\t\t\t  \n\t\t\t\t\t\t\t  <a  href=\"https:\/\/redept.com.br\/blogosfera\/petro-convoca-consulta-popular-na-colombia-sobre-reforma-trabalhista\/\"  >\n\t\t\t\t\t\t\t\t\t  <div class=\"yuzo-img-wrap \" style=\"width: 125px;height:90px;\">\n\t\t\t\t\t\t\t\t\t\t\n\t\t\t\t\t\t\t\t\t\t<div class=\"yuzo-img\" style=\"background:url('https:\/\/redept.com.br\/blogosfera\/wp-content\/uploads\/2025\/06\/Captura-de-Tela-2025-06-13-as-164158-2048x1464-1-150x150.png') 50% 50% no-repeat;width: 125px;height:90px;margin-bottom: 5px;background-size: cover; \"><\/div>\n\t\t\t\t\t\t\t\t\t  <\/div>\n\t\t\t\t\t\t\t\t\t  \n\t\t\t\t\t\t\t\t   <span class=\"yuzo__text--title\" style=\"font-size:13px;\">Petro\u00a0convoca\u00a0consulta popular\u00a0na Col\u00f4mbia sobre r...<\/span>\n\t\t\t\t\t\t\t  \n\t\t\t\t\t\t\t  \n\t\t\t\t\t\t\t  <\/a>\n\n\t\t\t\t\t\t  <\/div>\n\t\t\t\t\t\t  <div class=\"relatedthumb \" style=\"width:125px;float:left;overflow:hidden;\">  \n\t\t\t\t\t\t\t  \n\t\t\t\t\t\t\t  <a  href=\"https:\/\/redept.com.br\/blogosfera\/recife-realiza-escuta-da-populacao-lgbt-para-elaboracao-e-adequacao-de-politicas-publicas-saiba-como-participar\/\"  >\n\t\t\t\t\t\t\t\t\t  <div class=\"yuzo-img-wrap \" style=\"width: 125px;height:90px;\">\n\t\t\t\t\t\t\t\t\t\t\n\t\t\t\t\t\t\t\t\t\t<div class=\"yuzo-img\" style=\"background:url('https:\/\/redept.org\/blogosfera\/wp-content\/plugins\/yuzo-related-post\/assets\/images\/default.png') 50% 50% no-repeat;width: 125px;height:90px;margin-bottom: 5px;background-size: cover; \"><\/div>\n\t\t\t\t\t\t\t\t\t  <\/div>\n\t\t\t\t\t\t\t\t\t  \n\t\t\t\t\t\t\t\t   <span class=\"yuzo__text--title\" style=\"font-size:13px;\">Recife realiza escuta da popula\u00e7\u00e3o LGBT para elabo...<\/span>\n\t\t\t\t\t\t\t  \n\t\t\t\t\t\t\t  \n\t\t\t\t\t\t\t  <\/a>\n\n\t\t\t\t\t\t  <\/div>\n\t\t\t\t\t\t  <div class=\"relatedthumb \" style=\"width:125px;float:left;overflow:hidden;\">  \n\t\t\t\t\t\t\t  \n\t\t\t\t\t\t\t  <a  href=\"https:\/\/redept.com.br\/blogosfera\/brasil-e-mexico-assinam-parcerias-estrategicas-para-ampliar-comercio\/\"  >\n\t\t\t\t\t\t\t\t\t  <div class=\"yuzo-img-wrap \" style=\"width: 125px;height:90px;\">\n\t\t\t\t\t\t\t\t\t\t\n\t\t\t\t\t\t\t\t\t\t<div class=\"yuzo-img\" style=\"background:url('https:\/\/redept.org\/blogosfera\/wp-content\/plugins\/yuzo-related-post\/assets\/images\/default.png') 50% 50% no-repeat;width: 125px;height:90px;margin-bottom: 5px;background-size: cover; \"><\/div>\n\t\t\t\t\t\t\t\t\t  <\/div>\n\t\t\t\t\t\t\t\t\t  \n\t\t\t\t\t\t\t\t   <span class=\"yuzo__text--title\" style=\"font-size:13px;\">Brasil e M\u00e9xico assinam parcerias estrat\u00e9gicas par...<\/span>\n\t\t\t\t\t\t\t  \n\t\t\t\t\t\t\t  \n\t\t\t\t\t\t\t  <\/a>\n\n\t\t\t\t\t\t  <\/div>\n\t\t\t\t\t\t  <div class=\"relatedthumb \" style=\"width:125px;float:left;overflow:hidden;\">  \n\t\t\t\t\t\t\t  \n\t\t\t\t\t\t\t  <a  href=\"https:\/\/redept.com.br\/blogosfera\/minhas-forcas-estao-acabando-a-dura-rotina-na-colheita-do-cafe-colombiano\/\"  >\n\t\t\t\t\t\t\t\t\t  <div class=\"yuzo-img-wrap \" style=\"width: 125px;height:90px;\">\n\t\t\t\t\t\t\t\t\t\t\n\t\t\t\t\t\t\t\t\t\t<div class=\"yuzo-img\" style=\"background:url('https:\/\/redept.com.br\/blogosfera\/wp-content\/uploads\/2025\/06\/salgar_cafe_colombia_fernando_martinho-150x150.jpg') 50% 50% no-repeat;width: 125px;height:90px;margin-bottom: 5px;background-size: cover; \"><\/div>\n\t\t\t\t\t\t\t\t\t  <\/div>\n\t\t\t\t\t\t\t\t\t  \n\t\t\t\t\t\t\t\t   <span class=\"yuzo__text--title\" style=\"font-size:13px;\">\u2018Minhas for\u00e7as est\u00e3o acabando\u2019: a dura rotina na c...<\/span>\n\t\t\t\t\t\t\t  \n\t\t\t\t\t\t\t  \n\t\t\t\t\t\t\t  <\/a>\n\n\t\t\t\t\t\t  <\/div>\n<\/div> <script>\n\t\t\t\t\t\t  jQuery(document).ready(function( $ ){\n\t\t\t\t\t\t\t\/\/jQuery('.yuzo_related_post').equalizer({ overflow : 'relatedthumb' });\n\t\t\t\t\t\t\tjQuery('.yuzo_related_post .yuzo_wraps').equalizer({ columns : '> div' });\n\t\t\t\t\t\t   })\n\t\t\t\t\t\t  <\/script> <!-- End Yuzo :) -->","protected":false},"excerpt":{"rendered":"<p>O presidente da junta militar do Mali, Assimi Goita, que n\u00e3o havia sido visto em p\u00fablico e cujo paradeiro era desconhecido desde os ataques rebeldes sem precedentes de s\u00e1bado (25), reapareceu nesta ter\u00e7a-feira (28). Goita recebeu o embaixador da R\u00fassia no pa\u00eds, informou a Presid\u00eancia do Mali, que divulgou fotos do encontro. Os ataques realizados [&hellip;]<\/p>\n","protected":false},"author":2,"featured_media":0,"comment_status":"open","ping_status":"closed","sticky":false,"template":"","format":"standard","meta":{"fifu_image_url":"","fifu_image_alt":"","footnotes":""},"categories":[44553,51542,22436,52313,5723,52314,52315,52316,6320,52317,52318,52319,52320,52321,52322,52323,50,32366,52324,52325,6907,52326,6908,52327,52328,51544,3019,52329,52330,34735,52331],"tags":[],"class_list":["post-85149","post","type-post","status-publish","format-standard","hentry","category-africa-ocidental","category-al-qaeda","category-assimi-goita","category-ataques-terroristas","category-burkina-faso","category-cooperacao-russia-mali","category-crise-de-seguranca-no-sahel","category-descolonizacao-da-africa","category-drones","category-embaixador-russo","category-franca-no-sahel","category-frente-de-libertacao-de-azawad","category-geopolitica-da-africa-ocidental","category-grupo-de-apoio-ao-isla-e-aos-muculmanos","category-grupo-wagner","category-grupos-armados-no-sahel","category-internacional","category-jihadismo","category-junta-militar-do-mali","category-kidal","category-mali","category-nacionalismo-africano","category-niger","category-panafricanismo","category-presidente-do-mali","category-sadio-camara","category-sahel","category-saida-francesa-do-mali","category-terrorismo-na-africa","category-thomas-sankara","category-tuaregues"],"_links":{"self":[{"href":"https:\/\/redept.com.br\/blogosfera\/wp-json\/wp\/v2\/posts\/85149","targetHints":{"allow":["GET"]}}],"collection":[{"href":"https:\/\/redept.com.br\/blogosfera\/wp-json\/wp\/v2\/posts"}],"about":[{"href":"https:\/\/redept.com.br\/blogosfera\/wp-json\/wp\/v2\/types\/post"}],"author":[{"embeddable":true,"href":"https:\/\/redept.com.br\/blogosfera\/wp-json\/wp\/v2\/users\/2"}],"replies":[{"embeddable":true,"href":"https:\/\/redept.com.br\/blogosfera\/wp-json\/wp\/v2\/comments?post=85149"}],"version-history":[{"count":0,"href":"https:\/\/redept.com.br\/blogosfera\/wp-json\/wp\/v2\/posts\/85149\/revisions"}],"wp:attachment":[{"href":"https:\/\/redept.com.br\/blogosfera\/wp-json\/wp\/v2\/media?parent=85149"}],"wp:term":[{"taxonomy":"category","embeddable":true,"href":"https:\/\/redept.com.br\/blogosfera\/wp-json\/wp\/v2\/categories?post=85149"},{"taxonomy":"post_tag","embeddable":true,"href":"https:\/\/redept.com.br\/blogosfera\/wp-json\/wp\/v2\/tags?post=85149"}],"curies":[{"name":"wp","href":"https:\/\/api.w.org\/{rel}","templated":true}]}}