{"id":85150,"date":"2026-04-28T17:04:31","date_gmt":"2026-04-28T20:04:31","guid":{"rendered":"https:\/\/redept.com.br\/blogosfera\/com-desenrola-brasil-governo-prova-que-tem-ferramentas-para-combater-endividamento-diz-economista\/"},"modified":"2026-04-28T17:04:31","modified_gmt":"2026-04-28T20:04:31","slug":"com-desenrola-brasil-governo-prova-que-tem-ferramentas-para-combater-endividamento-diz-economista","status":"publish","type":"post","link":"https:\/\/redept.com.br\/blogosfera\/com-desenrola-brasil-governo-prova-que-tem-ferramentas-para-combater-endividamento-diz-economista\/","title":{"rendered":"Com Desenrola Brasil, governo \u2018prova que tem ferramentas\u2019 para combater endividamento, diz economista"},"content":{"rendered":"<p>Uso do FGTS \u00e9 visto como uma possibilidade de fam\u00edlias quitarem o que parecia impag\u00e1vel devido aos juros altos<\/p>\n<p><a href=\"https:\/\/www.brasildefato.com.br\/2026\/04\/28\/com-desenrola-brasil-governo-prova-que-tem-ferramentas-para-combater-endividamento-diz-economista\/\" rel=\"nofollow\">Fonte<\/a><\/p>\n<!-- Begin Yuzo --><div class='yuzo_related_post style-1'  data-version='5.12.89'><!-- without result --><div class='yuzo_clearfixed yuzo__title yuzo__title'><h3>Related Post<\/h3><\/div>\n\t\t\t\t\t\t  <div class=\"relatedthumb \" style=\"width:125px;float:left;overflow:hidden;\">  \n\t\t\t\t\t\t\t  \n\t\t\t\t\t\t\t  <a  href=\"https:\/\/redept.com.br\/blogosfera\/ataques-de-eua-e-israel-matam-201-pessoas-no-ira-conselho-de-seguranca-da-onu-se-reune\/\"  >\n\t\t\t\t\t\t\t\t\t  <div class=\"yuzo-img-wrap \" style=\"width: 125px;height:90px;\">\n\t\t\t\t\t\t\t\t\t\t\n\t\t\t\t\t\t\t\t\t\t<div class=\"yuzo-img\" style=\"background:url('https:\/\/redept.com.br\/blogosfera\/wp-content\/uploads\/2026\/02\/HCPzxRgXMAA2qwN-150x150.jpg') 50% 50% no-repeat;width: 125px;height:90px;margin-bottom: 5px;background-size: cover; \"><\/div>\n\t\t\t\t\t\t\t\t\t  <\/div>\n\t\t\t\t\t\t\t\t\t  \n\t\t\t\t\t\t\t\t   <span class=\"yuzo__text--title\" style=\"font-size:13px;\">Ataques de EUA e Israel matam 201 pessoas no Ir\u00e3; ...<\/span>\n\t\t\t\t\t\t\t  \n\t\t\t\t\t\t\t  \n\t\t\t\t\t\t\t  <\/a>\n\n\t\t\t\t\t\t  <\/div>\n\t\t\t\t\t\t  <div class=\"relatedthumb \" style=\"width:125px;float:left;overflow:hidden;\">  \n\t\t\t\t\t\t\t  \n\t\t\t\t\t\t\t  <a  href=\"https:\/\/redept.com.br\/blogosfera\/ancelotti-anuncia-23-convocados-para-a-selecao-brasileira-veja-a-lista-completa\/\"  >\n\t\t\t\t\t\t\t\t\t  <div class=\"yuzo-img-wrap \" style=\"width: 125px;height:90px;\">\n\t\t\t\t\t\t\t\t\t\t\n\t\t\t\t\t\t\t\t\t\t<div class=\"yuzo-img\" style=\"background:url('https:\/\/redept.org\/blogosfera\/wp-content\/plugins\/yuzo-related-post\/assets\/images\/default.png') 50% 50% no-repeat;width: 125px;height:90px;margin-bottom: 5px;background-size: cover; \"><\/div>\n\t\t\t\t\t\t\t\t\t  <\/div>\n\t\t\t\t\t\t\t\t\t  \n\t\t\t\t\t\t\t\t   <span class=\"yuzo__text--title\" style=\"font-size:13px;\">Ancelotti anuncia 23 convocados para a Sele\u00e7\u00e3o Bra...<\/span>\n\t\t\t\t\t\t\t  \n\t\t\t\t\t\t\t  \n\t\t\t\t\t\t\t  <\/a>\n\n\t\t\t\t\t\t  <\/div>\n\t\t\t\t\t\t  <div class=\"relatedthumb \" style=\"width:125px;float:left;overflow:hidden;\">  \n\t\t\t\t\t\t\t  \n\t\t\t\t\t\t\t  <a  href=\"https:\/\/redept.com.br\/blogosfera\/ameacado-por-trump-panama-recebera-primeira-visita-de-marco-rubio-como-secretario-de-estado-dos-eua\/\"  >\n\t\t\t\t\t\t\t\t\t  <div class=\"yuzo-img-wrap \" style=\"width: 125px;height:90px;\">\n\t\t\t\t\t\t\t\t\t\t\n\t\t\t\t\t\t\t\t\t\t<div class=\"yuzo-img\" style=\"background:url('https:\/\/redept.org\/blogosfera\/wp-content\/plugins\/yuzo-related-post\/assets\/images\/default.png') 50% 50% no-repeat;width: 125px;height:90px;margin-bottom: 5px;background-size: cover; \"><\/div>\n\t\t\t\t\t\t\t\t\t  <\/div>\n\t\t\t\t\t\t\t\t\t  \n\t\t\t\t\t\t\t\t   <span class=\"yuzo__text--title\" style=\"font-size:13px;\">Amea\u00e7ado por Trump, Panam\u00e1 receber\u00e1 primeira visit...<\/span>\n\t\t\t\t\t\t\t  \n\t\t\t\t\t\t\t  \n\t\t\t\t\t\t\t  <\/a>\n\n\t\t\t\t\t\t  <\/div>\n\t\t\t\t\t\t  <div class=\"relatedthumb \" style=\"width:125px;float:left;overflow:hidden;\">  \n\t\t\t\t\t\t\t  \n\t\t\t\t\t\t\t  <a  href=\"https:\/\/redept.com.br\/blogosfera\/manifestacao-em-roma-reune-um-milhao-de-pessoas-em-favor-da-palestina\/\"  >\n\t\t\t\t\t\t\t\t\t  <div class=\"yuzo-img-wrap \" style=\"width: 125px;height:90px;\">\n\t\t\t\t\t\t\t\t\t\t\n\t\t\t\t\t\t\t\t\t\t<div class=\"yuzo-img\" style=\"background:url('https:\/\/redept.com.br\/blogosfera\/wp-content\/uploads\/2025\/10\/cgil-2-150x150.jpg') 50% 50% no-repeat;width: 125px;height:90px;margin-bottom: 5px;background-size: cover; \"><\/div>\n\t\t\t\t\t\t\t\t\t  <\/div>\n\t\t\t\t\t\t\t\t\t  \n\t\t\t\t\t\t\t\t   <span class=\"yuzo__text--title\" style=\"font-size:13px;\">Manifesta\u00e7\u00e3o em Roma re\u00fane um milh\u00e3o de pessoas em...<\/span>\n\t\t\t\t\t\t\t  \n\t\t\t\t\t\t\t  \n\t\t\t\t\t\t\t  <\/a>\n\n\t\t\t\t\t\t  <\/div>\n<\/div> <script>\n\t\t\t\t\t\t  jQuery(document).ready(function( $ ){\n\t\t\t\t\t\t\t\/\/jQuery('.yuzo_related_post').equalizer({ overflow : 'relatedthumb' });\n\t\t\t\t\t\t\tjQuery('.yuzo_related_post .yuzo_wraps').equalizer({ columns : '> div' });\n\t\t\t\t\t\t   })\n\t\t\t\t\t\t  <\/script> <!-- End Yuzo :) -->","protected":false},"excerpt":{"rendered":"<p>Uso do FGTS \u00e9 visto como uma possibilidade de fam\u00edlias quitarem o que parecia impag\u00e1vel devido aos juros altos Fonte Related Post De volta para casa, Artemis 2 j\u00e1 \u00e9 ser considerada&#8230; St\u00e9dile destaca import\u00e2ncia de Mundukide no fortal&#8230; \u2018N\u00e3o haveria vit\u00f3ria contra o nazismo sem a R\u00fassia&#8230; Document\u00e1rio ga\u00facho \u2018O Retorno\u2019 leva a Amaz\u00f4nia [&hellip;]<\/p>\n","protected":false},"author":2,"featured_media":0,"comment_status":"open","ping_status":"closed","sticky":false,"template":"","format":"standard","meta":{"fifu_image_url":"","fifu_image_alt":"","footnotes":""},"categories":[52332,52333,2402,52334,150,45497,4813,746,4881,52335,47000,10996,7083,52336,815,3606,7751,1460,52337,52338,161,1831,1309,52339,2623,52340,4704,4407,602,1956],"tags":[],"class_list":["post-85150","post","type-post","status-publish","format-standard","hentry","category-52332","category-agentes-privados","category-autoridade-monetaria","category-balanco-patrimonial","category-bancos","category-cartao-de-credito","category-conexao-bdf","category-credito","category-crise-financeira","category-daniel-negreiros-conceicao","category-desenrola-brasil","category-discurso-economico","category-divida","category-divida-perdida","category-economia-brasileira","category-endividamento","category-familias","category-fgts","category-fiscal-deficitario","category-garantia","category-governo-federal","category-inadimplencia","category-juros-altos","category-oferta-de-emprestimos","category-politica-monetaria","category-precos-financeiros","category-radio-brasil-de-fato","category-renda","category-selic","category-ufrj"],"_links":{"self":[{"href":"https:\/\/redept.com.br\/blogosfera\/wp-json\/wp\/v2\/posts\/85150","targetHints":{"allow":["GET"]}}],"collection":[{"href":"https:\/\/redept.com.br\/blogosfera\/wp-json\/wp\/v2\/posts"}],"about":[{"href":"https:\/\/redept.com.br\/blogosfera\/wp-json\/wp\/v2\/types\/post"}],"author":[{"embeddable":true,"href":"https:\/\/redept.com.br\/blogosfera\/wp-json\/wp\/v2\/users\/2"}],"replies":[{"embeddable":true,"href":"https:\/\/redept.com.br\/blogosfera\/wp-json\/wp\/v2\/comments?post=85150"}],"version-history":[{"count":0,"href":"https:\/\/redept.com.br\/blogosfera\/wp-json\/wp\/v2\/posts\/85150\/revisions"}],"wp:attachment":[{"href":"https:\/\/redept.com.br\/blogosfera\/wp-json\/wp\/v2\/media?parent=85150"}],"wp:term":[{"taxonomy":"category","embeddable":true,"href":"https:\/\/redept.com.br\/blogosfera\/wp-json\/wp\/v2\/categories?post=85150"},{"taxonomy":"post_tag","embeddable":true,"href":"https:\/\/redept.com.br\/blogosfera\/wp-json\/wp\/v2\/tags?post=85150"}],"curies":[{"name":"wp","href":"https:\/\/api.w.org\/{rel}","templated":true}]}}