{"id":85153,"date":"2026-04-28T16:15:37","date_gmt":"2026-04-28T19:15:37","guid":{"rendered":"https:\/\/redept.com.br\/blogosfera\/previa-da-inflacao-vai-a-089-em-abril-mas-fica-abaixo-do-esperado\/"},"modified":"2026-04-28T16:15:37","modified_gmt":"2026-04-28T19:15:37","slug":"previa-da-inflacao-vai-a-089-em-abril-mas-fica-abaixo-do-esperado","status":"publish","type":"post","link":"https:\/\/redept.com.br\/blogosfera\/previa-da-inflacao-vai-a-089-em-abril-mas-fica-abaixo-do-esperado\/","title":{"rendered":"Pr\u00e9via da infla\u00e7\u00e3o vai a 0,89% em abril, mas fica abaixo do esperado"},"content":{"rendered":"<p><img loading=\"lazy\" width=\"1024\" height=\"576\"src=\"https:\/\/redept.com.br\/blogosfera\/wp-content\/uploads\/2026\/04\/01-3.jpg\" alt=\"\" decoding=\"async\" loading=\"lazy\" srcset=\"https:\/\/vermelho.org.br\/wp-content\/uploads\/2026\/04\/01-3-1024x576.jpg 1024w, https:\/\/vermelho.org.br\/wp-content\/uploads\/2026\/04\/01-3-300x169.jpg 300w, https:\/\/vermelho.org.br\/wp-content\/uploads\/2026\/04\/01-3-768x432.jpg 768w, https:\/\/redept.com.br\/blogosfera\/wp-content\/uploads\/2026\/04\/01-3.jpg 1366w\" sizes=\"auto, (max-width: 1024px) 100vw, 1024px\"><\/p>\n<p>A pr\u00e9via da infla\u00e7\u00e3o acelerou no m\u00eas de abril, mas ficou abaixo das expectativas. O \u00cdndice Nacional de Pre\u00e7os ao Consumidor Amplo-15 (IPCA-15) do m\u00eas ficou em 0,89%. Os dados foram divulgados pelo Instituto Brasileiro de Geografia e Estat\u00edstica (IBGE), nesta ter\u00e7a-feira (28), e revelam que em 12 meses o acumulado chega a 4,37%.<\/p>\n<p>A proje\u00e7\u00e3o da pesquisa da <em>Reuters<\/em> apostava em infla\u00e7\u00e3o de 1% para o IPCA-15 de abril e de 4,48% em 12 meses. O <em>ValorData<\/em> apontava para uma alta mensal de 0,97% na proje\u00e7\u00e3o mediana.<\/p>\n<p><strong>Grupos<\/strong><\/p>\n<p>O aumento da infla\u00e7\u00e3o para 0,89% foi puxado, principalmente, por dois grupos de produtos e servi\u00e7os entre os nove pesquisados: o de alimenta\u00e7\u00e3o e bebidas e o de transportes. Esses dois grupos est\u00e3o sendo fortemente impactados pelo encarecimento dos combust\u00edveis devido \u00e0 guerra no Oriente M\u00e9dio.<\/p>\n<p>Apesar de todas as medidas adotadas pelo governo Lula para equilibrar os pre\u00e7os (<a href=\"https:\/\/vermelho.org.br\/2026\/04\/07\/pacote-energetico-do-governo-lula-busca-frear-o-impacto-da-guerra-no-brasil\/\" target=\"_blank\" rel=\"noreferrer noopener\">redu\u00e7\u00e3o de impostos, subven\u00e7\u00f5es e linhas de cr\u00e9dito<\/a>), o fechamento do <a href=\"https:\/\/vermelho.org.br\/2026\/04\/23\/ira-mantem-estreito-de-ormuz-fechado-e-eleva-pressao-sobre-washington\/\" target=\"_blank\" rel=\"noreferrer noopener\">Estreito de Ormuz <\/a>pela aus\u00eancia de negocia\u00e7\u00e3o por parte dos Estados Unidos, que iniciaram a agress\u00e3o contra o Ir\u00e3, continua encarecendo o petr\u00f3leo e derivados.<\/p>\n<p>Com isso, a alta dos combust\u00edveis afeta diretamente a infla\u00e7\u00e3o de Transportes e, indiretamente, a de Alimentos ao elevar custos de produ\u00e7\u00e3o e frete.<\/p>\n<p><strong>Leia mais<\/strong>: <a href=\"https:\/\/vermelho.org.br\/2026\/04\/23\/exportacoes-brasileiras-ao-golfo-persico-caem-31-com-a-guerra-de-trump\/\">Exporta\u00e7\u00f5es brasileiras ao Golfo P\u00e9rsico caem 31% com a guerra de Trump<\/a><\/p>\n<p>De acordo com o IBGE, o grupo de Alimenta\u00e7\u00e3o e Bebidas teve uma teve varia\u00e7\u00e3o de 1,46% na pr\u00e9via em rela\u00e7\u00e3o a mar\u00e7o (com impacto de 0,31 p.p. no \u00edndice geral). A maior influ\u00eancia deriva da alta na alimenta\u00e7\u00e3o no domic\u00edlio, que subiu 1,77%. J\u00e1 os alimentos que mais impactaram os resultados foram: cenoura (25,43%), cebola (16,54%), leite longa vida (16,33%), tomate (13,76%) e carnes (1,14%). J\u00e1 a alimenta\u00e7\u00e3o fora do domic\u00edlio acelerou 0,70% por conta da subida dos pre\u00e7os do lanche (0,87%) e refei\u00e7\u00e3o (0,65%).<\/p>\n<p>\u00c0 <em>Ag\u00eancia Brasil<\/em>, o economista-chefe da Associa\u00e7\u00e3o Paulista de Supermercados (Apas), Felipe Queiroz, observa que a alta nos alimentos acontece tamb\u00e9m pelo processo de entressafra: \u201cA menor produ\u00e7\u00e3o de alguns itens, inclusive leite, tem pressionado o indicador.\u201d<\/p>\n<p>Por sua vez, o grupo Transportes teve a segunda maior alta, 1,34% (com impacto no \u00edndice geral de 0,27 p.p.), influenciado diretamente pelo aumento dos combust\u00edveis \u201cque passou de -0,03% em mar\u00e7o para 6,06% em abril\u201d, segundo o Instituto. A gasolina teve aumento de 6,23% no IPCA-15.<\/p>\n<p>Nos demais grupos, a pr\u00e9via da infla\u00e7\u00e3o em abril e os respectivos impactos no \u00edndice geral foram de:<\/p>\n<ul>\n<li>Sa\u00fade e cuidados pessoais: 0,93% (0,13 p.p.);<\/li>\n<li>Habita\u00e7\u00e3o: 0,42% (0,07 p.p.);<\/li>\n<li>Vestu\u00e1rio: 0,76% (0,04 p.p.);<\/li>\n<li>Despesas pessoais: 0,32% (0,03 p.p.);<\/li>\n<li>Artigos de resid\u00eancia: 0,48% (0,02 p.p.);<\/li>\n<li>Comunica\u00e7\u00e3o: 0,48% (0,02 p.p.);<\/li>\n<li>Educa\u00e7\u00e3o: 0,05% (0,00 p.p.).<\/li>\n<\/ul>\n<p><strong>IPCA-15<\/strong><\/p>\n<p>O IPCA mede a varia\u00e7\u00e3o de pre\u00e7os da cesta de produtos e servi\u00e7os consumidos por fam\u00edlias com rendimento de 1 a 40 sal\u00e1rios m\u00ednimos nas regi\u00f5es metropolitanas do Rio de Janeiro, Porto Alegre, Belo Horizonte, Recife, S\u00e3o Paulo, Bel\u00e9m, Fortaleza, Salvador e Curitiba, al\u00e9m de Bras\u00edlia e do munic\u00edpio de Goi\u00e2nia.<\/p>\n<p>Para o c\u00e1lculo do IPCA-15, a metodologia utilizada \u00e9 a mesma do IPCA, mas, segundo o IBGE, a diferen\u00e7a est\u00e1 principalmente no per\u00edodo de coleta dos pre\u00e7os e na abrang\u00eancia geogr\u00e1fica. Por exemplo, os pre\u00e7os para os atuais resultados foram coletados no per\u00edodo de 18 de mar\u00e7o a 15 de abril de 2026 (refer\u00eancia) e comparados com aqueles vigentes de 13 de fevereiro a 17 de mar\u00e7o de 2026 (base). Por isso, \u00e9 entendido como pr\u00e9via da infla\u00e7\u00e3o.<\/p>\n<p>O post <a href=\"https:\/\/vermelho.org.br\/2026\/04\/28\/previa-da-inflacao-vai-a-089-em-abril-mas-fica-abaixo-do-esperado\/\">Pr\u00e9via da infla\u00e7\u00e3o vai a 0,89% em abril, mas fica abaixo do esperado<\/a> apareceu primeiro em <a href=\"https:\/\/vermelho.org.br\/\">Vermelho<\/a>.<\/p>\n<!-- Begin Yuzo --><div class='yuzo_related_post style-1'  data-version='5.12.89'><!-- without result --><div class='yuzo_clearfixed yuzo__title yuzo__title'><h3>Related Post<\/h3><\/div>\n\t\t\t\t\t\t  <div class=\"relatedthumb \" style=\"width:125px;float:left;overflow:hidden;\">  \n\t\t\t\t\t\t\t  \n\t\t\t\t\t\t\t  <a  href=\"https:\/\/redept.com.br\/blogosfera\/penduricalhos-stf-e-congresso-fecham-acordo-para-regra-de-transicao\/\"  >\n\t\t\t\t\t\t\t\t\t  <div class=\"yuzo-img-wrap \" style=\"width: 125px;height:90px;\">\n\t\t\t\t\t\t\t\t\t\t\n\t\t\t\t\t\t\t\t\t\t<div class=\"yuzo-img\" style=\"background:url('https:\/\/redept.org\/blogosfera\/wp-content\/plugins\/yuzo-related-post\/assets\/images\/default.png') 50% 50% no-repeat;width: 125px;height:90px;margin-bottom: 5px;background-size: cover; \"><\/div>\n\t\t\t\t\t\t\t\t\t  <\/div>\n\t\t\t\t\t\t\t\t\t  \n\t\t\t\t\t\t\t\t   <span class=\"yuzo__text--title\" style=\"font-size:13px;\">Penduricalhos: STF e Congresso fecham acordo para ...<\/span>\n\t\t\t\t\t\t\t  \n\t\t\t\t\t\t\t  \n\t\t\t\t\t\t\t  <\/a>\n\n\t\t\t\t\t\t  <\/div>\n\t\t\t\t\t\t  <div class=\"relatedthumb \" style=\"width:125px;float:left;overflow:hidden;\">  \n\t\t\t\t\t\t\t  \n\t\t\t\t\t\t\t  <a  href=\"https:\/\/redept.com.br\/blogosfera\/a-esquerda-que-peca-pela-boca-e-coracao\/\"  >\n\t\t\t\t\t\t\t\t\t  <div class=\"yuzo-img-wrap \" style=\"width: 125px;height:90px;\">\n\t\t\t\t\t\t\t\t\t\t\n\t\t\t\t\t\t\t\t\t\t<div class=\"yuzo-img\" style=\"background:url('https:\/\/redept.com.br\/blogosfera\/wp-content\/uploads\/2025\/04\/Screenshot-2025-04-25-at-16-55-51-imprica-smallwebp-imagem-WEBP-900-675-pixels-Redimensionada-92-150x150.png') 50% 50% no-repeat;width: 125px;height:90px;margin-bottom: 5px;background-size: cover; \"><\/div>\n\t\t\t\t\t\t\t\t\t  <\/div>\n\t\t\t\t\t\t\t\t\t  \n\t\t\t\t\t\t\t\t   <span class=\"yuzo__text--title\" style=\"font-size:13px;\">A esquerda que peca pela boca e cora\u00e7\u00e3o<\/span>\n\t\t\t\t\t\t\t  \n\t\t\t\t\t\t\t  \n\t\t\t\t\t\t\t  <\/a>\n\n\t\t\t\t\t\t  <\/div>\n\t\t\t\t\t\t  <div class=\"relatedthumb \" style=\"width:125px;float:left;overflow:hidden;\">  \n\t\t\t\t\t\t\t  \n\t\t\t\t\t\t\t  <a  href=\"https:\/\/redept.com.br\/blogosfera\/com-militares-no-banco-dos-reus-ana-penido-analisa-a-militarizacao-da-politica\/\"  >\n\t\t\t\t\t\t\t\t\t  <div class=\"yuzo-img-wrap \" style=\"width: 125px;height:90px;\">\n\t\t\t\t\t\t\t\t\t\t\n\t\t\t\t\t\t\t\t\t\t<div class=\"yuzo-img\" style=\"background:url('https:\/\/redept.com.br\/blogosfera\/wp-content\/uploads\/2025\/06\/54581136473_7865a2c4cc_k-2-150x150.jpg') 50% 50% no-repeat;width: 125px;height:90px;margin-bottom: 5px;background-size: cover; \"><\/div>\n\t\t\t\t\t\t\t\t\t  <\/div>\n\t\t\t\t\t\t\t\t\t  \n\t\t\t\t\t\t\t\t   <span class=\"yuzo__text--title\" style=\"font-size:13px;\">Com militares no banco dos r\u00e9us, Ana Penido analis...<\/span>\n\t\t\t\t\t\t\t  \n\t\t\t\t\t\t\t  \n\t\t\t\t\t\t\t  <\/a>\n\n\t\t\t\t\t\t  <\/div>\n\t\t\t\t\t\t  <div class=\"relatedthumb \" style=\"width:125px;float:left;overflow:hidden;\">  \n\t\t\t\t\t\t\t  \n\t\t\t\t\t\t\t  <a  href=\"https:\/\/redept.com.br\/blogosfera\/prisao-de-militares-golpistas-em-2025-e-licao-retrospectiva-ao-brasil-diz-ultimo-ministro-vivo-do-governo-joao-goulart\/\"  >\n\t\t\t\t\t\t\t\t\t  <div class=\"yuzo-img-wrap \" style=\"width: 125px;height:90px;\">\n\t\t\t\t\t\t\t\t\t\t\n\t\t\t\t\t\t\t\t\t\t<div class=\"yuzo-img\" style=\"background:url('https:\/\/redept.org\/blogosfera\/wp-content\/plugins\/yuzo-related-post\/assets\/images\/default.png') 50% 50% no-repeat;width: 125px;height:90px;margin-bottom: 5px;background-size: cover; \"><\/div>\n\t\t\t\t\t\t\t\t\t  <\/div>\n\t\t\t\t\t\t\t\t\t  \n\t\t\t\t\t\t\t\t   <span class=\"yuzo__text--title\" style=\"font-size:13px;\">Pris\u00e3o de militares golpistas em 2025 \u00e9 \u2018li\u00e7\u00e3o ret...<\/span>\n\t\t\t\t\t\t\t  \n\t\t\t\t\t\t\t  \n\t\t\t\t\t\t\t  <\/a>\n\n\t\t\t\t\t\t  <\/div>\n<\/div> <script>\n\t\t\t\t\t\t  jQuery(document).ready(function( $ ){\n\t\t\t\t\t\t\t\/\/jQuery('.yuzo_related_post').equalizer({ overflow : 'relatedthumb' });\n\t\t\t\t\t\t\tjQuery('.yuzo_related_post .yuzo_wraps').equalizer({ columns : '> div' });\n\t\t\t\t\t\t   })\n\t\t\t\t\t\t  <\/script> <!-- End Yuzo :) -->","protected":false},"excerpt":{"rendered":"<p>A pr\u00e9via da infla\u00e7\u00e3o acelerou no m\u00eas de abril, mas ficou abaixo das expectativas. O \u00cdndice Nacional de Pre\u00e7os ao Consumidor Amplo-15 (IPCA-15) do m\u00eas ficou em 0,89%. Os dados foram divulgados pelo Instituto Brasileiro de Geografia e Estat\u00edstica (IBGE), nesta ter\u00e7a-feira (28), e revelam que em 12 meses o acumulado chega a 4,37%. A [&hellip;]<\/p>\n","protected":false},"author":2,"featured_media":0,"comment_status":"open","ping_status":"closed","sticky":false,"template":"","format":"standard","meta":{"fifu_image_url":"","fifu_image_alt":"","footnotes":""},"categories":[3453,221,481,122,529,4583],"tags":[],"class_list":["post-85153","post","type-post","status-publish","format-standard","hentry","category-combustiveis","category-economia","category-ibge","category-inflacao","category-ipca-15","category-previa-da-inflacao"],"_links":{"self":[{"href":"https:\/\/redept.com.br\/blogosfera\/wp-json\/wp\/v2\/posts\/85153","targetHints":{"allow":["GET"]}}],"collection":[{"href":"https:\/\/redept.com.br\/blogosfera\/wp-json\/wp\/v2\/posts"}],"about":[{"href":"https:\/\/redept.com.br\/blogosfera\/wp-json\/wp\/v2\/types\/post"}],"author":[{"embeddable":true,"href":"https:\/\/redept.com.br\/blogosfera\/wp-json\/wp\/v2\/users\/2"}],"replies":[{"embeddable":true,"href":"https:\/\/redept.com.br\/blogosfera\/wp-json\/wp\/v2\/comments?post=85153"}],"version-history":[{"count":0,"href":"https:\/\/redept.com.br\/blogosfera\/wp-json\/wp\/v2\/posts\/85153\/revisions"}],"wp:attachment":[{"href":"https:\/\/redept.com.br\/blogosfera\/wp-json\/wp\/v2\/media?parent=85153"}],"wp:term":[{"taxonomy":"category","embeddable":true,"href":"https:\/\/redept.com.br\/blogosfera\/wp-json\/wp\/v2\/categories?post=85153"},{"taxonomy":"post_tag","embeddable":true,"href":"https:\/\/redept.com.br\/blogosfera\/wp-json\/wp\/v2\/tags?post=85153"}],"curies":[{"name":"wp","href":"https:\/\/api.w.org\/{rel}","templated":true}]}}