{"id":85157,"date":"2026-04-28T16:53:31","date_gmt":"2026-04-28T19:53:31","guid":{"rendered":"https:\/\/redept.com.br\/blogosfera\/base-aliada-do-governo-calcula-como-certa-aprovacao-de-messias-ao-stf\/"},"modified":"2026-04-28T16:53:31","modified_gmt":"2026-04-28T19:53:31","slug":"base-aliada-do-governo-calcula-como-certa-aprovacao-de-messias-ao-stf","status":"publish","type":"post","link":"https:\/\/redept.com.br\/blogosfera\/base-aliada-do-governo-calcula-como-certa-aprovacao-de-messias-ao-stf\/","title":{"rendered":"Base aliada do governo calcula como certa aprova\u00e7\u00e3o de Messias ao STF"},"content":{"rendered":"<p><img fetchpriority=\"high\" width=\"860\" height=\"570\"src=\"https:\/\/redept.com.br\/blogosfera\/wp-content\/uploads\/2026\/04\/Messias-1.jpg\" alt=\"\" decoding=\"async\" srcset=\"https:\/\/redept.com.br\/blogosfera\/wp-content\/uploads\/2026\/04\/Messias-1.jpg 860w, https:\/\/vermelho.org.br\/wp-content\/uploads\/2026\/04\/Messias-1-300x199.jpg 300w, https:\/\/vermelho.org.br\/wp-content\/uploads\/2026\/04\/Messias-1-768x509.jpg 768w\" sizes=\"(max-width: 860px) 100vw, 860px\"><\/p>\n<p>A base aliada do governo do presidente Luiz In\u00e1cio Lula da Silva prev\u00ea que a indica\u00e7\u00e3o do advogado-geral da Uni\u00e3o, Jorge Messias, ao Supremo Tribunal Federal (STF), ter\u00e1 votos suficientes pela sua aprova\u00e7\u00e3o nesta quarta-feira (29) tanto na Comiss\u00e3o de Constitui\u00e7\u00e3o e Justi\u00e7a (CCJ) quanto no plen\u00e1rio da Casa.<\/p>\n<p>As articula\u00e7\u00f5es est\u00e3o sendo conduzidas pelos l\u00edderes no Senado, os senadores Jaques Wagner (PT-BA) e Randolfe Rodrigues (PT-AP).<\/p>\n<p>Na CCJ, os c\u00e1lculos \u00e9 que a indica\u00e7\u00e3o do governo contar\u00e1 com 16 votos ap\u00f3s a sabatina, dois a mais do que os 14 necess\u00e1rios. No plen\u00e1rio, a aposta \u00e9 que Messias ter\u00e1 o apoio de 50 parlamentares, nove a mais dos 41 votos necess\u00e1rios.<\/p>\n<p>Leia tamb\u00e9m: <a href=\"https:\/\/vermelho.org.br\/2026\/04\/15\/relator-da-parecer-favoravel-a-indicacao-de-jorge-messias-ao-supremo\/\">Relator d\u00e1 parecer favor\u00e1vel \u00e0 indica\u00e7\u00e3o de Jorge Messias ao Supremo<\/a><\/p>\n<p>Segundo apurou a CNN, aliados estimam um placar entre 48 e 52 votos favor\u00e1veis. \u201cJ\u00e1 a oposi\u00e7\u00e3o avalia um cen\u00e1rio menos confort\u00e1vel e projeta que o indicado n\u00e3o alcan\u00e7aria 35 votos\u201d, diz o ve\u00edculo.<\/p>\n<p>Na CCJ, houve mudan\u00e7as para assegurar a aprova\u00e7\u00e3o do nome para a vaga deixada pelo ministro Lu\u00eds Roberto Barroso. O senador Sergio Moro (PL-PR), cr\u00edtico da indica\u00e7\u00e3o, foi substitu\u00eddo pelo ex-ministro Renan Filho (MDB-AL) como titular. \u00a0<\/p>\n<p>No lugar de Cid Gomes (PSB-CE) entrou Ana Paula Lobato (PSB-MA), e Marcelo Castro (MDB-PI) assumiu a primeira supl\u00eancia no lugar de Alessandro Vieira (MDB-SE), visto por governistas como uma inc\u00f3gnita.<\/p>\n<p>A indica\u00e7\u00e3o conta com relat\u00f3rio favor\u00e1vel\u00a0apresentado pelo senador Weverton Rocha (PDT-MA).<\/p>\n<p>Segundo o relator, como AGU, Messias se destaca pelo perfil conciliador e de di\u00e1logo com os diferentes setores.<\/p>\n<p>Sob sua lideran\u00e7a, diz Weverton, a AGU posicionou a concilia\u00e7\u00e3o como uma pol\u00edtica de Estado, priorizando a seguran\u00e7a jur\u00eddica por meio da realiza\u00e7\u00e3o de acordos judiciais e extrajudiciais.<\/p>\n<p>Cita como exemplo o Novo Acordo do Rio Doce, que encerrou disputas sobre repara\u00e7\u00f5es do rompimento da barragem de Fund\u00e3o, e o Acordo de Alc\u00e2ntara, em 2024, resolvendo conflito territorial de 40 anos entre quilombolas e o Centro de Lan\u00e7amento, evitando condena\u00e7\u00e3o na Corte Interamericana.<\/p>\n<p><strong>Perfil<\/strong><\/p>\n<p>No documento, o relator destaca que Messias \u00e9 graduado em direito pela Universidade Federal de Pernambuco (UFPE) e \u00e9 mestre e doutor pela Universidade de Bras\u00edlia (UnB), al\u00e9m de ser professor universit\u00e1rio e autor de livros e artigos jur\u00eddicos.<\/p>\n<p>Na carreira p\u00fablica, atuou como procurador do Banco Central e da Fazenda Nacional, al\u00e9m de ter exercido fun\u00e7\u00f5es na Casa Civil e no Minist\u00e9rio da Educa\u00e7\u00e3o. O senador tamb\u00e9m observa que Messias j\u00e1 foi assessor especial no Senado.<\/p>\n<p><strong>Confira os integrantes da CCJ:<\/strong><\/p>\n<p><strong>Titulares<\/strong><\/p>\n<p>Eduardo Braga (MDB-AM)<br \/>Renan Calheiros (MDB-AL)<br \/>Jader Barbalho (MDB-PA)<br \/>Veneziano Vital do R\u00eago (MDB-PB)<br \/>Renan Filho (MDB-AL)<br \/>Professora Dorinha Seabra (Uni\u00e3o-TO)<br \/>Soraya Thronicke (PSB-MS)<br \/>Oriovisto Guimar\u00e3es (PSDB-PR)<br \/>Jayme Campos (Uni\u00e3o-MT)<br \/>Otto Alencar (PSD-BA) \u2013 presidente<br \/>Omar Aziz (PSD-AM)<br \/>Eliziane Gama (PT-MA)<br \/>Vanderlan Cardoso (PSD-GO) \u2013 vice-presidente<br \/>Rodrigo Pacheco (PSB-MG)<br \/>Ana Paula Lobato (PSB-MA)<br \/>Carlos Portinho (PL-RJ)<br \/>Eduardo Gir\u00e3o (Novo-CE)<br \/>Magno Malta (PL-ES)<br \/>Marcos Rog\u00e9rio (PL-RO)<br \/>Rogerio Marinho (PL-RN)<br \/>Rog\u00e9rio Carvalho (PT-SE)<br \/>Fabiano Contarato (PT-ES)<br \/>Camilo Santana (PT-CE)<br \/>Weverton (PDT-MA) \u2013 relator da indica\u00e7\u00e3o<br \/>Ciro Nogueira (PP-PI)<br \/>Esperidi\u00e3o Amin (PP-SC)<br \/>Hamilton Mour\u00e3o (Republicanos-RS)<\/p>\n<p><strong>Suplentes<\/strong><\/p>\n<p>Marcelo Castro (MDB-PI)<br \/>Alan Rick (Republicanos-AC)<br \/>Alessandro Vieira (MDB-SE)<br \/>Marcio Bittar (PL-AC)<br \/>Giordano (Podemos-SP)<br \/>Zequinha Marinho (Podemos-PA)<br \/>Pl\u00ednio Val\u00e9rio (PSDB-AM)<br \/>Efraim Filho (PL-PB)<br \/>Cid Gomes (PSB-CE)<br \/>Zenaide Maia (PSD-RN)<br \/>Iraj\u00e1 (PSD-TO)<br \/>S\u00e9rgio Petec\u00e3o (PSD-AC)<br \/>Mara Gabrilli (PSD-SP)<br \/>Jorge Kajuru (PSB-GO)<br \/>Jorge Seif (PL-SC)<br \/>Izalci Lucas (PL-DF)<br \/>Eduardo Gomes (PL-TO)<br \/>Fl\u00e1vio Bolsonaro (PL-RJ)<br \/>Jaime Bagattoli (PL-RO)<br \/>Randolfe Rodrigues (PT-AP)<br \/>Jaques Wagner (PT-BA)<br \/>Humberto Costa (PT-PE)<br \/>Leila Barros (PDT-DF)<br \/>La\u00e9rcio Oliveira (PP-SE)<br \/>Dr. Hiran (PP-RR)<br \/>Roberta Acioly (Republicanos-RR)<\/p>\n<p>O post <a href=\"https:\/\/vermelho.org.br\/2026\/04\/28\/base-aliada-do-governo-calcula-como-certa-aprovacao-de-messias-ao-stf\/\">Base aliada do governo calcula como certa aprova\u00e7\u00e3o de Messias ao STF<\/a> apareceu primeiro em <a href=\"https:\/\/vermelho.org.br\/\">Vermelho<\/a>.<\/p>\n<!-- Begin Yuzo --><div class='yuzo_related_post style-1'  data-version='5.12.89'><!-- without result --><div class='yuzo_clearfixed yuzo__title yuzo__title'><h3>Related Post<\/h3><\/div>\n\t\t\t\t\t\t  <div class=\"relatedthumb \" style=\"width:125px;float:left;overflow:hidden;\">  \n\t\t\t\t\t\t\t  \n\t\t\t\t\t\t\t  <a  href=\"https:\/\/redept.com.br\/blogosfera\/e-se-houvesse-um-fundo-para-compensar-quem-deixa-o-petroleo-debaixo-da-terra\/\"  >\n\t\t\t\t\t\t\t\t\t  <div class=\"yuzo-img-wrap \" style=\"width: 125px;height:90px;\">\n\t\t\t\t\t\t\t\t\t\t\n\t\t\t\t\t\t\t\t\t\t<div class=\"yuzo-img\" style=\"background:url('https:\/\/redept.org\/blogosfera\/wp-content\/plugins\/yuzo-related-post\/assets\/images\/default.png') 50% 50% no-repeat;width: 125px;height:90px;margin-bottom: 5px;background-size: cover; \"><\/div>\n\t\t\t\t\t\t\t\t\t  <\/div>\n\t\t\t\t\t\t\t\t\t  \n\t\t\t\t\t\t\t\t   <span class=\"yuzo__text--title\" style=\"font-size:13px;\">E se houvesse um fundo para compensar quem deixa o...<\/span>\n\t\t\t\t\t\t\t  \n\t\t\t\t\t\t\t  \n\t\t\t\t\t\t\t  <\/a>\n\n\t\t\t\t\t\t  <\/div>\n\t\t\t\t\t\t  <div class=\"relatedthumb \" style=\"width:125px;float:left;overflow:hidden;\">  \n\t\t\t\t\t\t\t  \n\t\t\t\t\t\t\t  <a  href=\"https:\/\/redept.com.br\/blogosfera\/forum-de-combate-ao-racismo-em-pernambuco-e-lancado-nesta-sexta-feira-18\/\"  >\n\t\t\t\t\t\t\t\t\t  <div class=\"yuzo-img-wrap \" style=\"width: 125px;height:90px;\">\n\t\t\t\t\t\t\t\t\t\t\n\t\t\t\t\t\t\t\t\t\t<div class=\"yuzo-img\" style=\"background:url('https:\/\/redept.org\/blogosfera\/wp-content\/plugins\/yuzo-related-post\/assets\/images\/default.png') 50% 50% no-repeat;width: 125px;height:90px;margin-bottom: 5px;background-size: cover; \"><\/div>\n\t\t\t\t\t\t\t\t\t  <\/div>\n\t\t\t\t\t\t\t\t\t  \n\t\t\t\t\t\t\t\t   <span class=\"yuzo__text--title\" style=\"font-size:13px;\">F\u00f3rum de Combate ao Racismo em Pernambuco \u00e9 lan\u00e7ad...<\/span>\n\t\t\t\t\t\t\t  \n\t\t\t\t\t\t\t  \n\t\t\t\t\t\t\t  <\/a>\n\n\t\t\t\t\t\t  <\/div>\n\t\t\t\t\t\t  <div class=\"relatedthumb \" style=\"width:125px;float:left;overflow:hidden;\">  \n\t\t\t\t\t\t\t  \n\t\t\t\t\t\t\t  <a  href=\"https:\/\/redept.com.br\/blogosfera\/cupula-do-brics-conselho-popular-e-citado-em-declaracao-final-dos-chefes-de-estado\/\"  >\n\t\t\t\t\t\t\t\t\t  <div class=\"yuzo-img-wrap \" style=\"width: 125px;height:90px;\">\n\t\t\t\t\t\t\t\t\t\t\n\t\t\t\t\t\t\t\t\t\t<div class=\"yuzo-img\" style=\"background:url('https:\/\/redept.org\/blogosfera\/wp-content\/plugins\/yuzo-related-post\/assets\/images\/default.png') 50% 50% no-repeat;width: 125px;height:90px;margin-bottom: 5px;background-size: cover; \"><\/div>\n\t\t\t\t\t\t\t\t\t  <\/div>\n\t\t\t\t\t\t\t\t\t  \n\t\t\t\t\t\t\t\t   <span class=\"yuzo__text--title\" style=\"font-size:13px;\">C\u00fapula do Brics: Conselho Popular \u00e9 citado em decl...<\/span>\n\t\t\t\t\t\t\t  \n\t\t\t\t\t\t\t  \n\t\t\t\t\t\t\t  <\/a>\n\n\t\t\t\t\t\t  <\/div>\n\t\t\t\t\t\t  <div class=\"relatedthumb \" style=\"width:125px;float:left;overflow:hidden;\">  \n\t\t\t\t\t\t\t  \n\t\t\t\t\t\t\t  <a  href=\"https:\/\/redept.com.br\/blogosfera\/camara-aprova-flexibilizacao-da-politica-de-conteudo-local-em-contratos-de-petroleo-pt-votou-a-favor\/\"  >\n\t\t\t\t\t\t\t\t\t  <div class=\"yuzo-img-wrap \" style=\"width: 125px;height:90px;\">\n\t\t\t\t\t\t\t\t\t\t\n\t\t\t\t\t\t\t\t\t\t<div class=\"yuzo-img\" style=\"background:url('https:\/\/redept.org\/blogosfera\/wp-content\/plugins\/yuzo-related-post\/assets\/images\/default.png') 50% 50% no-repeat;width: 125px;height:90px;margin-bottom: 5px;background-size: cover; \"><\/div>\n\t\t\t\t\t\t\t\t\t  <\/div>\n\t\t\t\t\t\t\t\t\t  \n\t\t\t\t\t\t\t\t   <span class=\"yuzo__text--title\" style=\"font-size:13px;\">C\u00e2mara aprova flexibiliza\u00e7\u00e3o da pol\u00edtica de conte\u00fa...<\/span>\n\t\t\t\t\t\t\t  \n\t\t\t\t\t\t\t  \n\t\t\t\t\t\t\t  <\/a>\n\n\t\t\t\t\t\t  <\/div>\n<\/div> <script>\n\t\t\t\t\t\t  jQuery(document).ready(function( $ ){\n\t\t\t\t\t\t\t\/\/jQuery('.yuzo_related_post').equalizer({ overflow : 'relatedthumb' });\n\t\t\t\t\t\t\tjQuery('.yuzo_related_post .yuzo_wraps').equalizer({ columns : '> div' });\n\t\t\t\t\t\t   })\n\t\t\t\t\t\t  <\/script> <!-- End Yuzo :) -->","protected":false},"excerpt":{"rendered":"<p>A base aliada do governo do presidente Luiz In\u00e1cio Lula da Silva prev\u00ea que a indica\u00e7\u00e3o do advogado-geral da Uni\u00e3o, Jorge Messias, ao Supremo Tribunal Federal (STF), ter\u00e1 votos suficientes pela sua aprova\u00e7\u00e3o nesta quarta-feira (29) tanto na Comiss\u00e3o de Constitui\u00e7\u00e3o e Justi\u00e7a (CCJ) quanto no plen\u00e1rio da Casa. As articula\u00e7\u00f5es est\u00e3o sendo conduzidas pelos [&hellip;]<\/p>\n","protected":false},"author":2,"featured_media":0,"comment_status":"open","ping_status":"closed","sticky":false,"template":"","format":"standard","meta":{"fifu_image_url":"","fifu_image_alt":"","footnotes":""},"categories":[5092,1982,1009,1726,132,531,260],"tags":[],"class_list":["post-85157","post","type-post","status-publish","format-standard","hentry","category-base-aliada","category-ccj","category-indicacao","category-jorge-messias","category-politica","category-senado","category-stf"],"_links":{"self":[{"href":"https:\/\/redept.com.br\/blogosfera\/wp-json\/wp\/v2\/posts\/85157","targetHints":{"allow":["GET"]}}],"collection":[{"href":"https:\/\/redept.com.br\/blogosfera\/wp-json\/wp\/v2\/posts"}],"about":[{"href":"https:\/\/redept.com.br\/blogosfera\/wp-json\/wp\/v2\/types\/post"}],"author":[{"embeddable":true,"href":"https:\/\/redept.com.br\/blogosfera\/wp-json\/wp\/v2\/users\/2"}],"replies":[{"embeddable":true,"href":"https:\/\/redept.com.br\/blogosfera\/wp-json\/wp\/v2\/comments?post=85157"}],"version-history":[{"count":0,"href":"https:\/\/redept.com.br\/blogosfera\/wp-json\/wp\/v2\/posts\/85157\/revisions"}],"wp:attachment":[{"href":"https:\/\/redept.com.br\/blogosfera\/wp-json\/wp\/v2\/media?parent=85157"}],"wp:term":[{"taxonomy":"category","embeddable":true,"href":"https:\/\/redept.com.br\/blogosfera\/wp-json\/wp\/v2\/categories?post=85157"},{"taxonomy":"post_tag","embeddable":true,"href":"https:\/\/redept.com.br\/blogosfera\/wp-json\/wp\/v2\/tags?post=85157"}],"curies":[{"name":"wp","href":"https:\/\/api.w.org\/{rel}","templated":true}]}}