{"id":85161,"date":"2026-04-28T17:33:15","date_gmt":"2026-04-28T20:33:15","guid":{"rendered":"https:\/\/redept.com.br\/blogosfera\/reporter-brasil-ha-25-anos-revelando-o-que-eles-querem-esconder\/"},"modified":"2026-04-28T17:33:15","modified_gmt":"2026-04-28T20:33:15","slug":"reporter-brasil-ha-25-anos-revelando-o-que-eles-querem-esconder","status":"publish","type":"post","link":"https:\/\/redept.com.br\/blogosfera\/reporter-brasil-ha-25-anos-revelando-o-que-eles-querem-esconder\/","title":{"rendered":"Rep\u00f3rter Brasil: h\u00e1 25 anos, revelando o que eles querem esconder"},"content":{"rendered":"<p><strong>O SITE DA REP\u00d3RTER BRASIL<\/strong> foi ao ar no dia 9 de outubro de 2001, data que consideramos o nascimento da organiza\u00e7\u00e3o. Ela surgiu com o objetivo de fomentar a reflex\u00e3o e a a\u00e7\u00e3o sobre a viola\u00e7\u00e3o aos direitos humanos, principalmente os sociais e ambientais dos povos e trabalhadores do pa\u00eds, por meio da informa\u00e7\u00e3o de qualidade.<\/p>\n<p>Desde o in\u00edcio, a <strong>Rep\u00f3rter Brasil<\/strong> tomou uma clara e inequ\u00edvoca op\u00e7\u00e3o pelos vulner\u00e1veis, empobrecidos e marginalizados. Suas reportagens, investiga\u00e7\u00f5es jornal\u00edsticas, pesquisas e metodologias educacionais t\u00eam sido usadas por lideran\u00e7as do poder p\u00fablico, do setor empresarial e da sociedade civil como instrumentos de a\u00e7\u00e3o. Com isso, a organiza\u00e7\u00e3o se tornou uma das mais importantes fontes de informa\u00e7\u00e3o sobre temas, como a escravid\u00e3o contempor\u00e2nea.<\/p>\n<p>Somos refer\u00eancia internacional para entender os impactos ambientais da produ\u00e7\u00e3o agropecu\u00e1ria e do extrativismo, at\u00e9 as consequ\u00eancias trabalhistas do trabalho por aplicativos e da intelig\u00eancia artificial. Nossa atua\u00e7\u00e3o h\u00e1 muito tempo extrapolou as fronteiras nacionais, envolvendo redes em todos os continentes e um papel atuante nas Na\u00e7\u00f5es Unidas.<\/p>\n<p>A <strong>Rep\u00f3rter Brasil<\/strong> nasceu como um projeto coletivo, quase informal, reunindo jornalistas, mas tamb\u00e9m cientistas sociais e educadores, em sua maioria ex-alunos da Universidade de S\u00e3o Paulo. Hoje, temos uma opera\u00e7\u00e3o com cerca de 40 profissionais, todos em car\u00e1ter CLT, atuando dentro e fora do pa\u00eds.<\/p>\n<p>A motiva\u00e7\u00e3o para a cria\u00e7\u00e3o da organiza\u00e7\u00e3o veio de nossas experi\u00eancias anteriores em campo. Por exemplo, tendo percorrido os 26 estados brasileiros e o Distrito Federal para fazer reportagens investigativas, eu me deparei diretamente com situa\u00e7\u00f5es de trabalho escravo contempor\u00e2neo e outros tipos de viola\u00e7\u00e3o aos direitos humanos, que me impactaram profundamente. Situa\u00e7\u00f5es extremamente degradantes e que causavam indigna\u00e7\u00e3o n\u00e3o s\u00f3 em mim, mas em todos a quem mostrava as hist\u00f3rias.<\/p>\n<p>Tamb\u00e9m havia a percep\u00e7\u00e3o de que a imprensa tradicional n\u00e3o dava conta de certos temas ou abordagens, e de que era poss\u00edvel construir uma alternativa, usando a internet \u2013 que crescia como ferramenta para divulgar informa\u00e7\u00e3o, conex\u00e3o de pessoas e influ\u00eancia sobre a realidade.<\/p>\n<p>Nos \u00faltimos 25 anos, vimos o pa\u00eds dar um salto. O problema foi a maneira como isso se deu e os \u201cefeitos colaterais\u201d desse processo. Inclu\u00edmos milh\u00f5es, negando a outros tantos seus direitos mais fundamentais. Porque, enquanto celebr\u00e1vamos \u00edndices, rankings e crescimento, muita gente continuava invis\u00edvel, trabalhando sem direitos, vivendo sob condi\u00e7\u00f5es degradantes, sustentando cadeias produtivas que preferem n\u00e3o olhar para baixo.<\/p>\n<p>O Brasil moderno foi erguido sobre escombros e contradi\u00e7\u00f5es antigas, que apenas ganharam novas formas e novos nomes. Ajudamos a transformar muita coisa, mas certamente podemos fazer muito mais. A mudan\u00e7a da condi\u00e7\u00e3o e do futuro de um povo depende de sua conscientiza\u00e7\u00e3o sobre o seu pr\u00f3prio papel, pois \u00e9 ele, e apenas ele, o protagonista da mudan\u00e7a e detentor real de todo o poder para tanto. Um processo muito lento, mas, a nosso ver, inexor\u00e1vel, com o qual contribu\u00edmos diariamente.<\/p>\n<p>E \u00e9 justamente por isso que seguimos insistindo. Enquanto houver quem lucre com a explora\u00e7\u00e3o do ser humanos e do meio ambiente, haver\u00e1 tamb\u00e9m quem tente esconder as evid\u00eancias disso. E, enquanto houver sil\u00eancio imposto, nosso trabalho ser\u00e1 romp\u00ea-lo. Porque informa\u00e7\u00e3o n\u00e3o \u00e9 apenas relato, mas instrumento de transforma\u00e7\u00e3o, de press\u00e3o, de escolha.<\/p>\n<p>Por isso, h\u00e1 25 anos, a <strong>Rep\u00f3rter Brasil<\/strong> faz quest\u00e3o de mostrar o que eles fazem de tudo para esconder.<\/p>\n<div data-elementor-type=\"section\" data-elementor-id=\"129686\" data-elementor-post-type=\"elementor_library\">\n<div>\n<div data-id=\"e5e1762\" data-element_type=\"widget\" data-e-type=\"widget\" data-widget_type=\"image.default\">\n<div>\n\t\t\t\t\t\t\t\t\t\t\t\t\t\t\t<img fetchpriority=\"high\" fetchpriority=\"high\" decoding=\"async\" width=\"360\" height=\"300\"src=\"https:\/\/redept.com.br\/blogosfera\/wp-content\/uploads\/2026\/04\/apoie-1-1.webp\" alt=\"Apoie a Rep\u00f3rter Brasil\" srcset=\"https:\/\/redept.com.br\/blogosfera\/wp-content\/uploads\/2026\/04\/apoie-1-1.webp 360w, https:\/\/reporterbrasil.org.br\/wp-content\/uploads\/2026\/04\/apoie-1-300x250.webp 300w\" sizes=\"(max-width: 360px) 100vw, 360px\">\t\t\t\t\t\t\t\t\t\t\t\t\t\t\t<\/div>\n<\/p><\/div>\n<\/p><\/div>\n<\/p><\/div>\n<p><strong>25 anos investigando para mudar.<\/strong><\/p>\n<p><strong>A Rep\u00f3rter Brasil j\u00e1 ajudou a impulsionar leis, fortalecer direitos e combater o trabalho escravo.<\/strong><\/p>\n<p><strong>Em 2026, fazemos 25 anos \u2014 e vem muito mais por a\u00ed!<\/strong><\/p>\n<\/p>\n<p>The post Rep\u00f3rter Brasil: h\u00e1 25 anos, revelando o que eles querem esconder appeared first on Rep\u00f3rter Brasil.<\/p>\n<!-- Begin Yuzo --><div class='yuzo_related_post style-1'  data-version='5.12.89'><!-- without result --><div class='yuzo_clearfixed yuzo__title yuzo__title'><h3>Related Post<\/h3><\/div>\n\t\t\t\t\t\t  <div class=\"relatedthumb \" style=\"width:125px;float:left;overflow:hidden;\">  \n\t\t\t\t\t\t\t  \n\t\t\t\t\t\t\t  <a  href=\"https:\/\/sul21.com.br\/noticias\/educacao\/2025\/11\/tema-da-redacao-do-enem-ajuda-a-debater-etarismo-dizem-professores\/\"  >\n\t\t\t\t\t\t\t\t\t  <div class=\"yuzo-img-wrap \" style=\"width: 125px;height:90px;\">\n\t\t\t\t\t\t\t\t\t\t\n\t\t\t\t\t\t\t\t\t\t<div class=\"yuzo-img\" style=\"background:url('https:\/\/redept.org\/blogosfera\/wp-content\/plugins\/yuzo-related-post\/assets\/images\/default.png') 50% 50% no-repeat;width: 125px;height:90px;margin-bottom: 5px;background-size: cover; \"><\/div>\n\t\t\t\t\t\t\t\t\t  <\/div>\n\t\t\t\t\t\t\t\t\t  \n\t\t\t\t\t\t\t\t   <span class=\"yuzo__text--title\" style=\"font-size:13px;\">Tema da reda\u00e7\u00e3o do Enem ajuda a debater etarismo, ...<\/span>\n\t\t\t\t\t\t\t  \n\t\t\t\t\t\t\t  \n\t\t\t\t\t\t\t  <\/a>\n\n\t\t\t\t\t\t  <\/div>\n\t\t\t\t\t\t  <div class=\"relatedthumb \" style=\"width:125px;float:left;overflow:hidden;\">  \n\t\t\t\t\t\t\t  \n\t\t\t\t\t\t\t  <a  href=\"https:\/\/redept.com.br\/blogosfera\/comunidade-terapeutica-no-amapa-tem-trabalho-forcado-nao-remunerado-e-retem-bolsa-familia-dos-acolhidos-diz-relatorio\/\"  >\n\t\t\t\t\t\t\t\t\t  <div class=\"yuzo-img-wrap \" style=\"width: 125px;height:90px;\">\n\t\t\t\t\t\t\t\t\t\t\n\t\t\t\t\t\t\t\t\t\t<div class=\"yuzo-img\" style=\"background:url('https:\/\/redept.org\/blogosfera\/wp-content\/plugins\/yuzo-related-post\/assets\/images\/default.png') 50% 50% no-repeat;width: 125px;height:90px;margin-bottom: 5px;background-size: cover; \"><\/div>\n\t\t\t\t\t\t\t\t\t  <\/div>\n\t\t\t\t\t\t\t\t\t  \n\t\t\t\t\t\t\t\t   <span class=\"yuzo__text--title\" style=\"font-size:13px;\">Comunidade terap\u00eautica no Amap\u00e1 tem trabalho for\u00e7a...<\/span>\n\t\t\t\t\t\t\t  \n\t\t\t\t\t\t\t  \n\t\t\t\t\t\t\t  <\/a>\n\n\t\t\t\t\t\t  <\/div>\n\t\t\t\t\t\t  <div class=\"relatedthumb \" style=\"width:125px;float:left;overflow:hidden;\">  \n\t\t\t\t\t\t\t  \n\t\t\t\t\t\t\t  <a  href=\"https:\/\/redept.com.br\/blogosfera\/unesp-lanca-portal-com-mais-de-300-oportunidades-de-formacao-em-cursos-livres\/\"  >\n\t\t\t\t\t\t\t\t\t  <div class=\"yuzo-img-wrap \" style=\"width: 125px;height:90px;\">\n\t\t\t\t\t\t\t\t\t\t\n\t\t\t\t\t\t\t\t\t\t<div class=\"yuzo-img\" style=\"background:url('https:\/\/redept.org\/blogosfera\/wp-content\/plugins\/yuzo-related-post\/assets\/images\/default.png') 50% 50% no-repeat;width: 125px;height:90px;margin-bottom: 5px;background-size: cover; \"><\/div>\n\t\t\t\t\t\t\t\t\t  <\/div>\n\t\t\t\t\t\t\t\t\t  \n\t\t\t\t\t\t\t\t   <span class=\"yuzo__text--title\" style=\"font-size:13px;\">Unesp lan\u00e7a portal com mais de 300 oportunidades d...<\/span>\n\t\t\t\t\t\t\t  \n\t\t\t\t\t\t\t  \n\t\t\t\t\t\t\t  <\/a>\n\n\t\t\t\t\t\t  <\/div>\n\t\t\t\t\t\t  <div class=\"relatedthumb \" style=\"width:125px;float:left;overflow:hidden;\">  \n\t\t\t\t\t\t\t  \n\t\t\t\t\t\t\t  <a  href=\"https:\/\/redept.com.br\/blogosfera\/deixe-me-viver-deixe-me-sonhar-bahia-presente-no-1o-encontro-nacional-do-movimento-dos-atingidos-por-renovaveis\/\"  >\n\t\t\t\t\t\t\t\t\t  <div class=\"yuzo-img-wrap \" style=\"width: 125px;height:90px;\">\n\t\t\t\t\t\t\t\t\t\t\n\t\t\t\t\t\t\t\t\t\t<div class=\"yuzo-img\" style=\"background:url('https:\/\/redept.com.br\/blogosfera\/wp-content\/uploads\/2025\/06\/mar4-920x570-1-150x150.jpg') 50% 50% no-repeat;width: 125px;height:90px;margin-bottom: 5px;background-size: cover; \"><\/div>\n\t\t\t\t\t\t\t\t\t  <\/div>\n\t\t\t\t\t\t\t\t\t  \n\t\t\t\t\t\t\t\t   <span class=\"yuzo__text--title\" style=\"font-size:13px;\">\u2018Deixe-me viver, deixe-me sonhar\u2019: Bahia presente ...<\/span>\n\t\t\t\t\t\t\t  \n\t\t\t\t\t\t\t  \n\t\t\t\t\t\t\t  <\/a>\n\n\t\t\t\t\t\t  <\/div>\n<\/div> <script>\n\t\t\t\t\t\t  jQuery(document).ready(function( $ ){\n\t\t\t\t\t\t\t\/\/jQuery('.yuzo_related_post').equalizer({ overflow : 'relatedthumb' });\n\t\t\t\t\t\t\tjQuery('.yuzo_related_post .yuzo_wraps').equalizer({ columns : '> div' });\n\t\t\t\t\t\t   })\n\t\t\t\t\t\t  <\/script> <!-- End Yuzo :) -->","protected":false},"excerpt":{"rendered":"<p>Desde 2001, a Rep\u00f3rter Brasil usa informa\u00e7\u00e3o de qualidade para fomentar reflex\u00e3o e a\u00e7\u00e3o contra viola\u00e7\u00f5es aos direitos humanos, sociais e ambientais no pa\u00eds<\/p>\n<p>The post <a href=\"https:\/\/reporterbrasil.org.br\/2026\/04\/reporter-brasil-ha-25-anos-revelando-o-que-eles-querem-esconder\/\">Rep\u00f3rter Brasil: h\u00e1 25 anos, revelando o que eles querem esconder<\/a> appeared first on <a href=\"https:\/\/reporterbrasil.org.br\/\">Rep\u00f3rter Brasil<\/a>.<\/p>\n","protected":false},"author":2,"featured_media":85162,"comment_status":"open","ping_status":"closed","sticky":false,"template":"","format":"standard","meta":{"fifu_image_url":"","fifu_image_alt":"","footnotes":""},"categories":[5879,52343,5799],"tags":[],"class_list":["post-85161","post","type-post","status-publish","format-standard","has-post-thumbnail","hentry","category-conteudo-original-em-portugues","category-rb-25-anos","category-reportagens"],"_links":{"self":[{"href":"https:\/\/redept.com.br\/blogosfera\/wp-json\/wp\/v2\/posts\/85161","targetHints":{"allow":["GET"]}}],"collection":[{"href":"https:\/\/redept.com.br\/blogosfera\/wp-json\/wp\/v2\/posts"}],"about":[{"href":"https:\/\/redept.com.br\/blogosfera\/wp-json\/wp\/v2\/types\/post"}],"author":[{"embeddable":true,"href":"https:\/\/redept.com.br\/blogosfera\/wp-json\/wp\/v2\/users\/2"}],"replies":[{"embeddable":true,"href":"https:\/\/redept.com.br\/blogosfera\/wp-json\/wp\/v2\/comments?post=85161"}],"version-history":[{"count":0,"href":"https:\/\/redept.com.br\/blogosfera\/wp-json\/wp\/v2\/posts\/85161\/revisions"}],"wp:featuredmedia":[{"embeddable":true,"href":"https:\/\/redept.com.br\/blogosfera\/wp-json\/wp\/v2\/media\/85162"}],"wp:attachment":[{"href":"https:\/\/redept.com.br\/blogosfera\/wp-json\/wp\/v2\/media?parent=85161"}],"wp:term":[{"taxonomy":"category","embeddable":true,"href":"https:\/\/redept.com.br\/blogosfera\/wp-json\/wp\/v2\/categories?post=85161"},{"taxonomy":"post_tag","embeddable":true,"href":"https:\/\/redept.com.br\/blogosfera\/wp-json\/wp\/v2\/tags?post=85161"}],"curies":[{"name":"wp","href":"https:\/\/api.w.org\/{rel}","templated":true}]}}