{"id":85163,"date":"2026-04-28T17:09:57","date_gmt":"2026-04-28T20:09:57","guid":{"rendered":"https:\/\/redept.com.br\/blogosfera\/queremos-paz-justa-nao-imposta-com-misseis-ato-em-brasilia-exige-soberania-para-palestina-ira-cuba-e-venezuela\/"},"modified":"2026-04-28T17:09:57","modified_gmt":"2026-04-28T20:09:57","slug":"queremos-paz-justa-nao-imposta-com-misseis-ato-em-brasilia-exige-soberania-para-palestina-ira-cuba-e-venezuela","status":"publish","type":"post","link":"https:\/\/redept.com.br\/blogosfera\/queremos-paz-justa-nao-imposta-com-misseis-ato-em-brasilia-exige-soberania-para-palestina-ira-cuba-e-venezuela\/","title":{"rendered":"\u2018Queremos paz justa, n\u00e3o imposta com m\u00edsseis\u2019: ato em Bras\u00edlia exige soberania para Palestina, Ir\u00e3, Cuba e Venezuela"},"content":{"rendered":"<p>Na tarde desta ter\u00e7a-feira (28), movimentos populares se reuniram em frente \u00e0 embaixada dos Estados Unidos, em Bras\u00edlia (DF) para denunciar agress\u00f5es imperialistas contra o Oriente M\u00e9dio e a Am\u00e9rica Latina, lideradas pelo governo de Donald Trump, em alian\u00e7a com Israel. O ato, convocado pelo Comit\u00ea de Solidariedade \u00e0 Palestina do Distrito Federal e pelo [\u2026]<\/p>\n<p><a href=\"https:\/\/www.brasildefato.com.br\/2026\/04\/28\/queremos-paz-justa-nao-imposta-com-misseis-ato-em-brasilia-exige-soberania-para-palestina-ira-cuba-e-venezuela\/\" rel=\"nofollow\">Fonte<\/a><\/p>\n<!-- Begin Yuzo --><div class='yuzo_related_post style-1'  data-version='5.12.89'><!-- without result --><div class='yuzo_clearfixed yuzo__title yuzo__title'><h3>Related Post<\/h3><\/div>\n\t\t\t\t\t\t  <div class=\"relatedthumb \" style=\"width:125px;float:left;overflow:hidden;\">  \n\t\t\t\t\t\t\t  \n\t\t\t\t\t\t\t  <a  href=\"https:\/\/redept.com.br\/blogosfera\/1o-de-maio-centrais-sindicais-reforcam-unidade-contra-avanco-da-extrema-direita\/\"  >\n\t\t\t\t\t\t\t\t\t  <div class=\"yuzo-img-wrap \" style=\"width: 125px;height:90px;\">\n\t\t\t\t\t\t\t\t\t\t\n\t\t\t\t\t\t\t\t\t\t<div class=\"yuzo-img\" style=\"background:url('https:\/\/redept.com.br\/blogosfera\/wp-content\/uploads\/2025\/04\/Centrais-sindicais-em-ato-em-junho-de-2016-Imagem-Cris-Faga-150x150.png') 50% 50% no-repeat;width: 125px;height:90px;margin-bottom: 5px;background-size: cover; \"><\/div>\n\t\t\t\t\t\t\t\t\t  <\/div>\n\t\t\t\t\t\t\t\t\t  \n\t\t\t\t\t\t\t\t   <span class=\"yuzo__text--title\" style=\"font-size:13px;\">1\u00ba de Maio: centrais sindicais refor\u00e7am unidade co...<\/span>\n\t\t\t\t\t\t\t  \n\t\t\t\t\t\t\t  \n\t\t\t\t\t\t\t  <\/a>\n\n\t\t\t\t\t\t  <\/div>\n\t\t\t\t\t\t  <div class=\"relatedthumb \" style=\"width:125px;float:left;overflow:hidden;\">  \n\t\t\t\t\t\t\t  \n\t\t\t\t\t\t\t  <a  href=\"https:\/\/redept.com.br\/blogosfera\/tarcisio-volta-a-citar-ihra-na-contramao-de-lula-tema-e-pauta-mundial-no-polarizante-debate-esquerda-x-direita\/\"  >\n\t\t\t\t\t\t\t\t\t  <div class=\"yuzo-img-wrap \" style=\"width: 125px;height:90px;\">\n\t\t\t\t\t\t\t\t\t\t\n\t\t\t\t\t\t\t\t\t\t<div class=\"yuzo-img\" style=\"background:url('https:\/\/redept.org\/blogosfera\/wp-content\/plugins\/yuzo-related-post\/assets\/images\/default.png') 50% 50% no-repeat;width: 125px;height:90px;margin-bottom: 5px;background-size: cover; \"><\/div>\n\t\t\t\t\t\t\t\t\t  <\/div>\n\t\t\t\t\t\t\t\t\t  \n\t\t\t\t\t\t\t\t   <span class=\"yuzo__text--title\" style=\"font-size:13px;\">Tarc\u00edsio volta a citar IHRA na contram\u00e3o de Lula; ...<\/span>\n\t\t\t\t\t\t\t  \n\t\t\t\t\t\t\t  \n\t\t\t\t\t\t\t  <\/a>\n\n\t\t\t\t\t\t  <\/div>\n\t\t\t\t\t\t  <div class=\"relatedthumb \" style=\"width:125px;float:left;overflow:hidden;\">  \n\t\t\t\t\t\t\t  \n\t\t\t\t\t\t\t  <a  href=\"https:\/\/redept.com.br\/blogosfera\/a-reacao-do-congresso-a-ocupacao-sessoes-convocadas-e-suspensao-de-parlamentares-sao-definidas\/\"  >\n\t\t\t\t\t\t\t\t\t  <div class=\"yuzo-img-wrap \" style=\"width: 125px;height:90px;\">\n\t\t\t\t\t\t\t\t\t\t\n\t\t\t\t\t\t\t\t\t\t<div class=\"yuzo-img\" style=\"background:url('https:\/\/redept.org\/blogosfera\/wp-content\/plugins\/yuzo-related-post\/assets\/images\/default.png') 50% 50% no-repeat;width: 125px;height:90px;margin-bottom: 5px;background-size: cover; \"><\/div>\n\t\t\t\t\t\t\t\t\t  <\/div>\n\t\t\t\t\t\t\t\t\t  \n\t\t\t\t\t\t\t\t   <span class=\"yuzo__text--title\" style=\"font-size:13px;\">A rea\u00e7\u00e3o do Congresso \u00e0 ocupa\u00e7\u00e3o: sess\u00f5es convocad...<\/span>\n\t\t\t\t\t\t\t  \n\t\t\t\t\t\t\t  \n\t\t\t\t\t\t\t  <\/a>\n\n\t\t\t\t\t\t  <\/div>\n\t\t\t\t\t\t  <div class=\"relatedthumb \" style=\"width:125px;float:left;overflow:hidden;\">  \n\t\t\t\t\t\t\t  \n\t\t\t\t\t\t\t  <a  href=\"https:\/\/redept.com.br\/blogosfera\/distrito-federal-reconhece-direitos-da-populacao-trans-em-leis-mas-carece-de-politicas-estruturais\/\"  >\n\t\t\t\t\t\t\t\t\t  <div class=\"yuzo-img-wrap \" style=\"width: 125px;height:90px;\">\n\t\t\t\t\t\t\t\t\t\t\n\t\t\t\t\t\t\t\t\t\t<div class=\"yuzo-img\" style=\"background:url('https:\/\/redept.org\/blogosfera\/wp-content\/plugins\/yuzo-related-post\/assets\/images\/default.png') 50% 50% no-repeat;width: 125px;height:90px;margin-bottom: 5px;background-size: cover; \"><\/div>\n\t\t\t\t\t\t\t\t\t  <\/div>\n\t\t\t\t\t\t\t\t\t  \n\t\t\t\t\t\t\t\t   <span class=\"yuzo__text--title\" style=\"font-size:13px;\">Distrito Federal reconhece direitos da popula\u00e7\u00e3o t...<\/span>\n\t\t\t\t\t\t\t  \n\t\t\t\t\t\t\t  \n\t\t\t\t\t\t\t  <\/a>\n\n\t\t\t\t\t\t  <\/div>\n<\/div> <script>\n\t\t\t\t\t\t  jQuery(document).ready(function( $ ){\n\t\t\t\t\t\t\t\/\/jQuery('.yuzo_related_post').equalizer({ overflow : 'relatedthumb' });\n\t\t\t\t\t\t\tjQuery('.yuzo_related_post .yuzo_wraps').equalizer({ columns : '> div' });\n\t\t\t\t\t\t   })\n\t\t\t\t\t\t  <\/script> <!-- End Yuzo :) -->","protected":false},"excerpt":{"rendered":"<p>Na tarde desta ter\u00e7a-feira (28), movimentos populares se reuniram em frente \u00e0 embaixada dos Estados Unidos, em Bras\u00edlia (DF) para denunciar agress\u00f5es imperialistas contra o Oriente M\u00e9dio e a Am\u00e9rica Latina, lideradas pelo governo de Donald Trump, em alian\u00e7a com Israel. O ato, convocado pelo Comit\u00ea de Solidariedade \u00e0 Palestina do Distrito Federal e pelo [&hellip;]<\/p>\n","protected":false},"author":2,"featured_media":0,"comment_status":"open","ping_status":"closed","sticky":false,"template":"","format":"standard","meta":{"fifu_image_url":"","fifu_image_alt":"","footnotes":""},"categories":[347,5105,45232,52344,52345,5475,51864,1185,1023,12828,394,52346,7084,1115,4118,50,41,25,519,51867,2328,238,54,2827,41966,13968,2441,1048,431,919,1049],"tags":[],"class_list":["post-85163","post","type-post","status-publish","format-standard","hentry","category-america-latina","category-antissemitismo","category-arte-e-resistencia","category-ato-em-brasilia","category-borda-luta","category-cebrapaz","category-comite-de-solidariedade-a-palestina","category-cuba","category-donald-trump","category-embaixada-dos-eua","category-estados-unidos","category-freddy-meregote","category-gas","category-imperialismo","category-industria-belica","category-internacional","category-ira","category-israel","category-libano","category-movimento-palestina-livre","category-nicolas-maduro","category-oriente-medio","category-palestina","category-petroleo","category-pl-1424-2026","category-recursos-naturais","category-sionismo","category-soberania","category-solidariedade","category-tabata-amaral","category-venezuela"],"_links":{"self":[{"href":"https:\/\/redept.com.br\/blogosfera\/wp-json\/wp\/v2\/posts\/85163","targetHints":{"allow":["GET"]}}],"collection":[{"href":"https:\/\/redept.com.br\/blogosfera\/wp-json\/wp\/v2\/posts"}],"about":[{"href":"https:\/\/redept.com.br\/blogosfera\/wp-json\/wp\/v2\/types\/post"}],"author":[{"embeddable":true,"href":"https:\/\/redept.com.br\/blogosfera\/wp-json\/wp\/v2\/users\/2"}],"replies":[{"embeddable":true,"href":"https:\/\/redept.com.br\/blogosfera\/wp-json\/wp\/v2\/comments?post=85163"}],"version-history":[{"count":0,"href":"https:\/\/redept.com.br\/blogosfera\/wp-json\/wp\/v2\/posts\/85163\/revisions"}],"wp:attachment":[{"href":"https:\/\/redept.com.br\/blogosfera\/wp-json\/wp\/v2\/media?parent=85163"}],"wp:term":[{"taxonomy":"category","embeddable":true,"href":"https:\/\/redept.com.br\/blogosfera\/wp-json\/wp\/v2\/categories?post=85163"},{"taxonomy":"post_tag","embeddable":true,"href":"https:\/\/redept.com.br\/blogosfera\/wp-json\/wp\/v2\/tags?post=85163"}],"curies":[{"name":"wp","href":"https:\/\/api.w.org\/{rel}","templated":true}]}}