{"id":85166,"date":"2026-04-28T17:54:52","date_gmt":"2026-04-28T20:54:52","guid":{"rendered":"https:\/\/redept.com.br\/blogosfera\/jose-graziano-sair-do-mapa-da-fome-e-conquista-indiscutivel-mas-brasileiro-ainda-se-alimenta-mal\/"},"modified":"2026-04-28T17:54:52","modified_gmt":"2026-04-28T20:54:52","slug":"jose-graziano-sair-do-mapa-da-fome-e-conquista-indiscutivel-mas-brasileiro-ainda-se-alimenta-mal","status":"publish","type":"post","link":"https:\/\/redept.com.br\/blogosfera\/jose-graziano-sair-do-mapa-da-fome-e-conquista-indiscutivel-mas-brasileiro-ainda-se-alimenta-mal\/","title":{"rendered":"Jos\u00e9 Graziano: \u2018Sair do mapa da fome \u00e9 conquista indiscut\u00edvel, mas brasileiro ainda se alimenta mal\u2019"},"content":{"rendered":"<p>Em julho do ano passado, o Brasil saiu oficialmente do Mapa da Fome, segundo relat\u00f3rio da FAO, a ag\u00eancia da Organiza\u00e7\u00e3o das Na\u00e7\u00f5es Unidas (ONU) para Alimenta\u00e7\u00e3o e Agricultura. O Brasil tinha entrado para as estat\u00edsticas de pa\u00edses com inseguran\u00e7a alimentar grave depois da an\u00e1lise dos dados coletados entre 2018 e 2020, durante o governo [\u2026]<\/p>\n<p><a href=\"https:\/\/www.brasildefato.com.br\/podcast\/bem-viver\/2026\/04\/28\/jose-graziano-sair-do-mapa-da-fome-e-conquista-indiscutivel-mas-brasileiro-ainda-se-alimenta-mal\/\" rel=\"nofollow\">Fonte<\/a><\/p>\n<!-- Begin Yuzo --><div class='yuzo_related_post style-1'  data-version='5.12.89'><!-- without result --><div class='yuzo_clearfixed yuzo__title yuzo__title'><h3>Related Post<\/h3><\/div>\n\t\t\t\t\t\t  <div class=\"relatedthumb \" style=\"width:125px;float:left;overflow:hidden;\">  \n\t\t\t\t\t\t\t  \n\t\t\t\t\t\t\t  <a  href=\"https:\/\/redept.com.br\/blogosfera\/chefe-da-nasa-diz-que-chances-de-vida-alienigena-sao-bastante-altas-o-que-ele-viu-fotos\/\"  >\n\t\t\t\t\t\t\t\t\t  <div class=\"yuzo-img-wrap \" style=\"width: 125px;height:90px;\">\n\t\t\t\t\t\t\t\t\t\t\n\t\t\t\t\t\t\t\t\t\t<div class=\"yuzo-img\" style=\"background:url('https:\/\/redept.org\/blogosfera\/wp-content\/plugins\/yuzo-related-post\/assets\/images\/default.png') 50% 50% no-repeat;width: 125px;height:90px;margin-bottom: 5px;background-size: cover; \"><\/div>\n\t\t\t\t\t\t\t\t\t  <\/div>\n\t\t\t\t\t\t\t\t\t  \n\t\t\t\t\t\t\t\t   <span class=\"yuzo__text--title\" style=\"font-size:13px;\">Chefe da NASA diz que chances de vida alien\u00edgena s...<\/span>\n\t\t\t\t\t\t\t  \n\t\t\t\t\t\t\t  \n\t\t\t\t\t\t\t  <\/a>\n\n\t\t\t\t\t\t  <\/div>\n\t\t\t\t\t\t  <div class=\"relatedthumb \" style=\"width:125px;float:left;overflow:hidden;\">  \n\t\t\t\t\t\t\t  \n\t\t\t\t\t\t\t  <a  href=\"https:\/\/redept.com.br\/blogosfera\/maes-da-praca-de-maio-mst-e-partidos-progressistas-relembre-a-relacao-do-papa-francisco-com-movimentos-populares\/\"  >\n\t\t\t\t\t\t\t\t\t  <div class=\"yuzo-img-wrap \" style=\"width: 125px;height:90px;\">\n\t\t\t\t\t\t\t\t\t\t\n\t\t\t\t\t\t\t\t\t\t<div class=\"yuzo-img\" style=\"background:url('https:\/\/redept.org\/blogosfera\/wp-content\/plugins\/yuzo-related-post\/assets\/images\/default.png') 50% 50% no-repeat;width: 125px;height:90px;margin-bottom: 5px;background-size: cover; \"><\/div>\n\t\t\t\t\t\t\t\t\t  <\/div>\n\t\t\t\t\t\t\t\t\t  \n\t\t\t\t\t\t\t\t   <span class=\"yuzo__text--title\" style=\"font-size:13px;\">M\u00e3es da Pra\u00e7a de Maio, MST e partidos progressista...<\/span>\n\t\t\t\t\t\t\t  \n\t\t\t\t\t\t\t  \n\t\t\t\t\t\t\t  <\/a>\n\n\t\t\t\t\t\t  <\/div>\n\t\t\t\t\t\t  <div class=\"relatedthumb \" style=\"width:125px;float:left;overflow:hidden;\">  \n\t\t\t\t\t\t\t  \n\t\t\t\t\t\t\t  <a  href=\"https:\/\/redept.com.br\/blogosfera\/conservadores-impoem-projeto-antiaborto-em-foz-do-iguacu-pr\/\"  >\n\t\t\t\t\t\t\t\t\t  <div class=\"yuzo-img-wrap \" style=\"width: 125px;height:90px;\">\n\t\t\t\t\t\t\t\t\t\t\n\t\t\t\t\t\t\t\t\t\t<div class=\"yuzo-img\" style=\"background:url('https:\/\/redept.org\/blogosfera\/wp-content\/plugins\/yuzo-related-post\/assets\/images\/default.png') 50% 50% no-repeat;width: 125px;height:90px;margin-bottom: 5px;background-size: cover; \"><\/div>\n\t\t\t\t\t\t\t\t\t  <\/div>\n\t\t\t\t\t\t\t\t\t  \n\t\t\t\t\t\t\t\t   <span class=\"yuzo__text--title\" style=\"font-size:13px;\">Conservadores imp\u00f5em projeto antiaborto em Foz do ...<\/span>\n\t\t\t\t\t\t\t  \n\t\t\t\t\t\t\t  \n\t\t\t\t\t\t\t  <\/a>\n\n\t\t\t\t\t\t  <\/div>\n\t\t\t\t\t\t  <div class=\"relatedthumb \" style=\"width:125px;float:left;overflow:hidden;\">  \n\t\t\t\t\t\t\t  \n\t\t\t\t\t\t\t  <a  href=\"https:\/\/redept.com.br\/blogosfera\/com-grande-desfile-militar-na-praca-da-paz-celestial-china-celebra-80-anos-da-vitoria-contra-o-japao\/\"  >\n\t\t\t\t\t\t\t\t\t  <div class=\"yuzo-img-wrap \" style=\"width: 125px;height:90px;\">\n\t\t\t\t\t\t\t\t\t\t\n\t\t\t\t\t\t\t\t\t\t<div class=\"yuzo-img\" style=\"background:url('https:\/\/redept.com.br\/blogosfera\/wp-content\/uploads\/2025\/06\/bdf-20250624-101058-28d637-2048x1365-1-150x150.jpg') 50% 50% no-repeat;width: 125px;height:90px;margin-bottom: 5px;background-size: cover; \"><\/div>\n\t\t\t\t\t\t\t\t\t  <\/div>\n\t\t\t\t\t\t\t\t\t  \n\t\t\t\t\t\t\t\t   <span class=\"yuzo__text--title\" style=\"font-size:13px;\">Com grande desfile militar na Pra\u00e7a da Paz Celesti...<\/span>\n\t\t\t\t\t\t\t  \n\t\t\t\t\t\t\t  \n\t\t\t\t\t\t\t  <\/a>\n\n\t\t\t\t\t\t  <\/div>\n<\/div> <script>\n\t\t\t\t\t\t  jQuery(document).ready(function( $ ){\n\t\t\t\t\t\t\t\/\/jQuery('.yuzo_related_post').equalizer({ overflow : 'relatedthumb' });\n\t\t\t\t\t\t\tjQuery('.yuzo_related_post .yuzo_wraps').equalizer({ columns : '> div' });\n\t\t\t\t\t\t   })\n\t\t\t\t\t\t  <\/script> <!-- End Yuzo :) -->","protected":false},"excerpt":{"rendered":"<p>Em julho do ano passado, o Brasil saiu oficialmente do Mapa da Fome, segundo relat\u00f3rio da FAO, a ag\u00eancia da Organiza\u00e7\u00e3o das Na\u00e7\u00f5es Unidas (ONU) para Alimenta\u00e7\u00e3o e Agricultura. O Brasil tinha entrado para as estat\u00edsticas de pa\u00edses com inseguran\u00e7a alimentar grave depois da an\u00e1lise dos dados coletados entre 2018 e 2020, durante o governo [&hellip;]<\/p>\n","protected":false},"author":2,"featured_media":0,"comment_status":"open","ping_status":"closed","sticky":false,"template":"","format":"standard","meta":{"fifu_image_url":"","fifu_image_alt":"","footnotes":""},"categories":[1768,52356,1241,52357,28002,2307,52358,9504,9178,15404,579,17,996,122,1376,52359,112,1287,32735,228,25755,17142,1569,52360,52361,37721,753,1300,52362,9269],"tags":[],"class_list":["post-85166","post","type-post","status-publish","format-standard","hentry","category-agrotoxicos","category-alta-dos-alimentos","category-conab","category-contrabando-de-agrotoxicos","category-crise-alimentar","category-especulacao","category-estoques-de-alimentos","category-fao","category-fertilizantes","category-fome-no-brasil","category-governo-bolsonaro","category-governo-lula","category-guerra-no-oriente-medio","category-inflacao","category-inseguranca-alimentar","category-jose-graziano-da-silva","category-lula","category-mapa-da-fome","category-miseria","category-nordeste","category-norte","category-obesidade","category-pandemia","category-politica-neoliberal","category-populacao-urbana","category-preco-do-petroleo","category-saude-publica","category-seguranca-alimentar","category-seguranca-nutricional","category-ultraprocessados"],"_links":{"self":[{"href":"https:\/\/redept.com.br\/blogosfera\/wp-json\/wp\/v2\/posts\/85166","targetHints":{"allow":["GET"]}}],"collection":[{"href":"https:\/\/redept.com.br\/blogosfera\/wp-json\/wp\/v2\/posts"}],"about":[{"href":"https:\/\/redept.com.br\/blogosfera\/wp-json\/wp\/v2\/types\/post"}],"author":[{"embeddable":true,"href":"https:\/\/redept.com.br\/blogosfera\/wp-json\/wp\/v2\/users\/2"}],"replies":[{"embeddable":true,"href":"https:\/\/redept.com.br\/blogosfera\/wp-json\/wp\/v2\/comments?post=85166"}],"version-history":[{"count":0,"href":"https:\/\/redept.com.br\/blogosfera\/wp-json\/wp\/v2\/posts\/85166\/revisions"}],"wp:attachment":[{"href":"https:\/\/redept.com.br\/blogosfera\/wp-json\/wp\/v2\/media?parent=85166"}],"wp:term":[{"taxonomy":"category","embeddable":true,"href":"https:\/\/redept.com.br\/blogosfera\/wp-json\/wp\/v2\/categories?post=85166"},{"taxonomy":"post_tag","embeddable":true,"href":"https:\/\/redept.com.br\/blogosfera\/wp-json\/wp\/v2\/tags?post=85166"}],"curies":[{"name":"wp","href":"https:\/\/api.w.org\/{rel}","templated":true}]}}