{"id":85167,"date":"2026-04-28T17:55:14","date_gmt":"2026-04-28T20:55:14","guid":{"rendered":"https:\/\/redept.com.br\/blogosfera\/gasolina-e-alimentos-pressionam-e-previa-da-inflacao-sobe-para-089\/"},"modified":"2026-04-28T17:55:14","modified_gmt":"2026-04-28T20:55:14","slug":"gasolina-e-alimentos-pressionam-e-previa-da-inflacao-sobe-para-089","status":"publish","type":"post","link":"https:\/\/redept.com.br\/blogosfera\/gasolina-e-alimentos-pressionam-e-previa-da-inflacao-sobe-para-089\/","title":{"rendered":"Gasolina e alimentos pressionam, e pr\u00e9via da infla\u00e7\u00e3o sobe para 0,89%"},"content":{"rendered":"<p>O pre\u00e7o dos alimentos e dos combust\u00edveis pressionaram o bolso do brasileiro em abril e fizeram a pr\u00e9via da infla\u00e7\u00e3o do m\u00eas fechar em 0,89%. O resultado fica acima do apurado em abril (0,44%) e \u00e9 o maior desde fevereiro (1,23%). Em 12 meses, o \u00cdndice Nacional de Pre\u00e7os ao Consumidor Amplo 15 (IPCA-15), conhecido [\u2026]<\/p>\n<p><a href=\"https:\/\/www.brasildefato.com.br\/2026\/04\/28\/gasolina-e-alimentos-pressionam-e-previa-da-inflacao-sobe-para-089\/\" rel=\"nofollow\">Fonte<\/a><\/p>\n<!-- Begin Yuzo --><div class='yuzo_related_post style-1'  data-version='5.12.89'><!-- without result --><div class='yuzo_clearfixed yuzo__title yuzo__title'><h3>Related Post<\/h3><\/div>\n\t\t\t\t\t\t  <div class=\"relatedthumb \" style=\"width:125px;float:left;overflow:hidden;\">  \n\t\t\t\t\t\t\t  \n\t\t\t\t\t\t\t  <a  href=\"https:\/\/redept.com.br\/blogosfera\/nao-vivemos-uma-crise-vivemos-um-desmonte-planejado-de-direitos-afirma-lideranca-indigena-da-amazonia\/\"  >\n\t\t\t\t\t\t\t\t\t  <div class=\"yuzo-img-wrap \" style=\"width: 125px;height:90px;\">\n\t\t\t\t\t\t\t\t\t\t\n\t\t\t\t\t\t\t\t\t\t<div class=\"yuzo-img\" style=\"background:url('https:\/\/redept.org\/blogosfera\/wp-content\/plugins\/yuzo-related-post\/assets\/images\/default.png') 50% 50% no-repeat;width: 125px;height:90px;margin-bottom: 5px;background-size: cover; \"><\/div>\n\t\t\t\t\t\t\t\t\t  <\/div>\n\t\t\t\t\t\t\t\t\t  \n\t\t\t\t\t\t\t\t   <span class=\"yuzo__text--title\" style=\"font-size:13px;\">\u2018N\u00e3o vivemos uma crise, vivemos um desmonte planej...<\/span>\n\t\t\t\t\t\t\t  \n\t\t\t\t\t\t\t  \n\t\t\t\t\t\t\t  <\/a>\n\n\t\t\t\t\t\t  <\/div>\n\t\t\t\t\t\t  <div class=\"relatedthumb \" style=\"width:125px;float:left;overflow:hidden;\">  \n\t\t\t\t\t\t\t  \n\t\t\t\t\t\t\t  <a  href=\"https:\/\/redept.com.br\/blogosfera\/midia-destaca-abertura-do-16o-congresso-nacional-do-pcdob\/\"  >\n\t\t\t\t\t\t\t\t\t  <div class=\"yuzo-img-wrap \" style=\"width: 125px;height:90px;\">\n\t\t\t\t\t\t\t\t\t\t\n\t\t\t\t\t\t\t\t\t\t<div class=\"yuzo-img\" style=\"background:url('https:\/\/redept.com.br\/blogosfera\/wp-content\/uploads\/2025\/10\/sites-1-150x150.jpg') 50% 50% no-repeat;width: 125px;height:90px;margin-bottom: 5px;background-size: cover; \"><\/div>\n\t\t\t\t\t\t\t\t\t  <\/div>\n\t\t\t\t\t\t\t\t\t  \n\t\t\t\t\t\t\t\t   <span class=\"yuzo__text--title\" style=\"font-size:13px;\">M\u00eddia destaca abertura do 16\u00ba Congresso Nacional d...<\/span>\n\t\t\t\t\t\t\t  \n\t\t\t\t\t\t\t  \n\t\t\t\t\t\t\t  <\/a>\n\n\t\t\t\t\t\t  <\/div>\n\t\t\t\t\t\t  <div class=\"relatedthumb \" style=\"width:125px;float:left;overflow:hidden;\">  \n\t\t\t\t\t\t\t  \n\t\t\t\t\t\t\t  <a  href=\"https:\/\/redept.com.br\/blogosfera\/plebiscito-popular-termina-com-mais-de-21-milhoes-de-votos-e-pressiona-o-congresso-nacional\/\"  >\n\t\t\t\t\t\t\t\t\t  <div class=\"yuzo-img-wrap \" style=\"width: 125px;height:90px;\">\n\t\t\t\t\t\t\t\t\t\t\n\t\t\t\t\t\t\t\t\t\t<div class=\"yuzo-img\" style=\"background:url('https:\/\/redept.com.br\/blogosfera\/wp-content\/uploads\/2025\/11\/bdf-20250702-144559-7daf30-1080x630-1-150x150.webp') 50% 50% no-repeat;width: 125px;height:90px;margin-bottom: 5px;background-size: cover; \"><\/div>\n\t\t\t\t\t\t\t\t\t  <\/div>\n\t\t\t\t\t\t\t\t\t  \n\t\t\t\t\t\t\t\t   <span class=\"yuzo__text--title\" style=\"font-size:13px;\">Plebiscito Popular termina com mais de 2,1 milh\u00f5es...<\/span>\n\t\t\t\t\t\t\t  \n\t\t\t\t\t\t\t  \n\t\t\t\t\t\t\t  <\/a>\n\n\t\t\t\t\t\t  <\/div>\n\t\t\t\t\t\t  <div class=\"relatedthumb \" style=\"width:125px;float:left;overflow:hidden;\">  \n\t\t\t\t\t\t\t  \n\t\t\t\t\t\t\t  <a  href=\"https:\/\/sul21.com.br\/noticias\/economia\/2025\/11\/lula-sanciona-isencao-do-ir-para-quem-ganha-ate-r-5-mil\/\"  >\n\t\t\t\t\t\t\t\t\t  <div class=\"yuzo-img-wrap \" style=\"width: 125px;height:90px;\">\n\t\t\t\t\t\t\t\t\t\t\n\t\t\t\t\t\t\t\t\t\t<div class=\"yuzo-img\" style=\"background:url('https:\/\/agenciabrasil.ebc.com.br\/ebc.png?id=1669606&amp;o=node') 50% 50% no-repeat;width: 125px;height:90px;margin-bottom: 5px;background-size: cover; \"><\/div>\n\t\t\t\t\t\t\t\t\t  <\/div>\n\t\t\t\t\t\t\t\t\t  \n\t\t\t\t\t\t\t\t   <span class=\"yuzo__text--title\" style=\"font-size:13px;\">Lula sanciona isen\u00e7\u00e3o do IR para quem ganha at\u00e9 R$...<\/span>\n\t\t\t\t\t\t\t  \n\t\t\t\t\t\t\t  \n\t\t\t\t\t\t\t  <\/a>\n\n\t\t\t\t\t\t  <\/div>\n<\/div> <script>\n\t\t\t\t\t\t  jQuery(document).ready(function( $ ){\n\t\t\t\t\t\t\t\/\/jQuery('.yuzo_related_post').equalizer({ overflow : 'relatedthumb' });\n\t\t\t\t\t\t\tjQuery('.yuzo_related_post .yuzo_wraps').equalizer({ columns : '> div' });\n\t\t\t\t\t\t   })\n\t\t\t\t\t\t  <\/script> <!-- End Yuzo :) -->","protected":false},"excerpt":{"rendered":"<p>O pre\u00e7o dos alimentos e dos combust\u00edveis pressionaram o bolso do brasileiro em abril e fizeram a pr\u00e9via da infla\u00e7\u00e3o do m\u00eas fechar em 0,89%. O resultado fica acima do apurado em abril (0,44%) e \u00e9 o maior desde fevereiro (1,23%). Em 12 meses, o \u00cdndice Nacional de Pre\u00e7os ao Consumidor Amplo 15 (IPCA-15), conhecido [&hellip;]<\/p>\n","protected":false},"author":2,"featured_media":0,"comment_status":"open","ping_status":"closed","sticky":false,"template":"","format":"standard","meta":{"fifu_image_url":"","fifu_image_alt":"","footnotes":""},"categories":[3339,1859,52363,45,7088,52364,52365,3453,5860,3455,221,52366,8650,52367,3456,515,8719,481,8848,122,1045,529,45860,8767,238,2827,4583,32733,8880,2921],"tags":[],"class_list":["post-85167","post","type-post","status-publish","format-standard","hentry","category-alimentacao","category-alimentos","category-apas","category-brasil","category-carnes","category-cebola","category-cenoura","category-combustiveis","category-commodities","category-diesel","category-economia","category-entressafra","category-estreito-de-ormuz","category-felipe-queiroz","category-gasolina","category-governo-brasileiro","category-guerra-no-ira","category-ibge","category-impostos","category-inflacao","category-ipca","category-ipca-15","category-leite-longa-vida","category-meta-de-inflacao","category-oriente-medio","category-petroleo","category-previa-da-inflacao","category-subsidio","category-tomate","category-transportes"],"_links":{"self":[{"href":"https:\/\/redept.com.br\/blogosfera\/wp-json\/wp\/v2\/posts\/85167","targetHints":{"allow":["GET"]}}],"collection":[{"href":"https:\/\/redept.com.br\/blogosfera\/wp-json\/wp\/v2\/posts"}],"about":[{"href":"https:\/\/redept.com.br\/blogosfera\/wp-json\/wp\/v2\/types\/post"}],"author":[{"embeddable":true,"href":"https:\/\/redept.com.br\/blogosfera\/wp-json\/wp\/v2\/users\/2"}],"replies":[{"embeddable":true,"href":"https:\/\/redept.com.br\/blogosfera\/wp-json\/wp\/v2\/comments?post=85167"}],"version-history":[{"count":0,"href":"https:\/\/redept.com.br\/blogosfera\/wp-json\/wp\/v2\/posts\/85167\/revisions"}],"wp:attachment":[{"href":"https:\/\/redept.com.br\/blogosfera\/wp-json\/wp\/v2\/media?parent=85167"}],"wp:term":[{"taxonomy":"category","embeddable":true,"href":"https:\/\/redept.com.br\/blogosfera\/wp-json\/wp\/v2\/categories?post=85167"},{"taxonomy":"post_tag","embeddable":true,"href":"https:\/\/redept.com.br\/blogosfera\/wp-json\/wp\/v2\/tags?post=85167"}],"curies":[{"name":"wp","href":"https:\/\/api.w.org\/{rel}","templated":true}]}}